{"id":18286,"date":"2024-01-24T08:57:00","date_gmt":"2024-01-24T13:57:00","guid":{"rendered":"https:\/\/endhomelessness.org\/blog\/que-pueden-y-no-pueden-hacer-los-gobiernos-locales-para-abordar-la-falta-de-vivienda\/"},"modified":"2025-04-04T15:55:33","modified_gmt":"2025-04-04T19:55:33","slug":"que-pueden-y-no-pueden-hacer-los-gobiernos-locales-para-abordar-la-falta-de-vivienda","status":"publish","type":"blog","link":"https:\/\/endhomelessness.org\/es\/blog\/que-pueden-y-no-pueden-hacer-los-gobiernos-locales-para-abordar-la-falta-de-vivienda\/","title":{"rendered":"\u00bfQu\u00e9 pueden (y no pueden) hacer los gobiernos locales para abordar la falta de vivienda?"},"content":{"rendered":"\n<section class=\"e-stn e-stn-642edd2d478cb6d72ad11a3f94eb096b46aa8c61 e-stn--bi-banner e-stn--blog-inner-banner e-mt-0\"><div class=\"container\">\n<div class=\"wp-block-b3rg-row e-row row\">\n<div class=\"wp-block-b3rg-column e-col e-col-a1723a90dcabee317021282e0a59fa1add95d7a3 e-col--blog-inner-banner-content-wrpr  col-sm-12 col-lg-6\">\n<div class=\"e-div e-div-368784d6f024bd28fc93462eb0616dec8d069665 e-div--blog-inner-post-type-tag\"><span>BLOG<\/span>\n<\/div>\n\n\n<div class=\"e-mtf e-mtf--dlt  e-mtf--post-date\">Abr 28, 2026<\/div>\n\n<h1 class=\"wp-block-post-title\">\u00bfQu\u00e9 pueden (y no pueden) hacer los gobiernos locales para abordar la falta de vivienda?<\/h1>\n\n\n<div class=\"e-div e-div-976a3f7724ffcd71e737afe4e1bbffbbf3dd036f e-div--bi-read-time\"><div class=\"e-mtf e-mtf--dlt  e-mtf--author-with-link\"><a href=\"https:\/\/endhomelessness.org\/es\/author\/avisotzky\/\" class=\"post-author-url\">\n    <div class=\"post-author\">            <div class=\"post-author__content\">\n                <p class=\"post-author__name\">Alex Visotzky<\/p>\n            <\/div>\n        <\/div>\n    <\/a><\/div>\n\n\n<div class=\"e-div e-div-0162dd5adc5b84600d5bea230d8c418559af071d\"><div class=\"e-mtf e-mtf--dlt  e-mtf--post-reading-time\"><div class=\"post-reading-time\"><span class=\"reading-time__time\">5<\/span> <span class=\"post-reading-time__label postfix\">min<\/span><\/div><\/div><\/div>\n<\/div>\n<\/div>\n\n\n\n<div class=\"wp-block-b3rg-column e-col e-col-0c503a5984f4fbd04e91061f205fb824382fb9a6 e-col--blog-inner-banner-media-wrpr  col-sm-12 col-lg-6\"><figure class=\"wp-block-post-featured-image\"><img decoding=\"async\" src=\"https:\/\/endhomelessness.org\/wp-content\/uploads\/2024\/10\/shutterstock_552864952-scaled-e1661866000812-2048x786-1-1.jpg\" class=\"attachment-post-thumbnail size-post-thumbnail wp-post-image\" alt=\"Written by Alex Visotzky\" style=\"object-fit:cover;\" srcset=\"https:\/\/endhomelessness.org\/wp-content\/uploads\/2024\/10\/shutterstock_552864952-scaled-e1661866000812-2048x786-1-1.jpg 2048w, https:\/\/endhomelessness.org\/wp-content\/uploads\/2024\/10\/shutterstock_552864952-scaled-e1661866000812-2048x786-1-1-300x115.jpg 300w, https:\/\/endhomelessness.org\/wp-content\/uploads\/2024\/10\/shutterstock_552864952-scaled-e1661866000812-2048x786-1-1-1024x393.jpg 1024w, https:\/\/endhomelessness.org\/wp-content\/uploads\/2024\/10\/shutterstock_552864952-scaled-e1661866000812-2048x786-1-1-768x295.jpg 768w, https:\/\/endhomelessness.org\/wp-content\/uploads\/2024\/10\/shutterstock_552864952-scaled-e1661866000812-2048x786-1-1-1536x590.jpg 1536w, https:\/\/endhomelessness.org\/wp-content\/uploads\/2024\/10\/shutterstock_552864952-scaled-e1661866000812-2048x786-1-1-575x221.jpg 575w\" sizes=\"(max-width: 2048px) 100vw, 2048px\" \/><\/figure><\/div>\n<\/div>\n<\/div><\/section>\n\n<section class=\"e-stn e-stn-ad75c7bf6c94c4c74b1ce488ab717de8fdff6ca2 e-stn--bi-content-with-media-section e-mt-0 e-pt-120  e-pt-sm-50 e-pb-60\"><div class=\"container\">\n<div class=\"wp-block-b3rg-row e-row row\">\n<div class=\"wp-block-b3rg-column e-col e-col-f1092f68b065a750a7ad99323cbd3499d1ad2b1c e-col--bi-content-with-media-section-content-wrapper e-col--blog-inner-contents  col-sm-12 col-lg-9\">\n<p>Cada vez m\u00e1s, los gobiernos locales como ciudades, pueblos y condados se encuentran a la vanguardia de la crisis de la falta de vivienda. \u00bfA qui\u00e9n llama usted cuando necesita arreglar un bache o informar sobre una rama de \u00e1rbol ca\u00edda? Al gobierno local.  <\/p>\n\n\n\n<p>De manera similar, para una persona en riesgo de quedarse sin hogar o que est\u00e1 entrando en esa situaci\u00f3n, su departamento de vivienda local o concejal suele ser la primera llamada.<\/p>\n\n\n\n<p>Pero, \u00bfqu\u00e9 pueden hacer realmente las ciudades para abordar la falta de vivienda? Los gobiernos locales enfrentan limitaciones importantes para abordar la falta de vivienda que los gobiernos federales y estatales no tienen, debido a restricciones presupuestarias o de capacidad administrativa. Esta entrada de blog explora algunas de las acciones clave que los gobiernos locales pueden y deben perseguir; los lectores deben tener en cuenta que estas son sugerencias muy generales y deben variar dependiendo del tama\u00f1o de la jurisdicci\u00f3n y los roles respectivos de las jurisdicciones superpuestas.  <\/p>\n\n\n\n<p>Hay ciertos problemas que simplemente est\u00e1n fuera de la capacidad de un gobierno local para resolverlos por s\u00ed solo, dada la magnitud del problema. La crisis de vivienda asequible es un ejemplo ilustrativo. La crisis de vivienda actual a nivel nacional es el resultado de d\u00e9cadas de desinversi\u00f3n y decisiones pol\u00edticas tanto de los gobiernos federales como estatales. Si bien los gobiernos locales deben considerar opciones para financiar la construcci\u00f3n y preservaci\u00f3n de viviendas asequibles con fondos locales, es poco probable que re\u00fanan por s\u00ed solos los recursos que compensar\u00e1n d\u00e9cadas de deficiencias en las pol\u00edticas federales y estatales. De manera similar, es poco probable que los gobiernos locales est\u00e9n suficientemente escalados para abordar las principales deficiencias de un sistema de salud que depende en gran medida de la financiaci\u00f3n estatal y federal.    <\/p>\n\n\n\n<h2 class=\"wp-block-heading\">\u00bfQu\u00e9 deber\u00edan hacer los gobiernos locales?<\/h2>\n\n\n\n<p>Entonces, \u00bfqu\u00e9 se supone que debe hacer un gobierno local si no puede controlar las palancas de la vivienda y la atenci\u00f3n m\u00e9dica, dos pilares fundamentales para abordar la falta de vivienda? De hecho, hay una serie de pasos cr\u00edticos que un gobierno local puede tomar. <\/p>\n\n\n\n<ul class=\"wp-block-list\">\n<li><strong>Utilizar la financiaci\u00f3n federal y estatal en alineaci\u00f3n con los planes existentes para personas sin hogar<\/strong>: Los gobiernos locales son a menudo los receptores de ayuda estatal y federal que puede utilizarse para abordar la falta de vivienda, entre otros usos elegibles. En lugar de reinventar la rueda, los gobiernos locales deben consultar con su Continuum of Care (CoC) local y determinar c\u00f3mo invertir estos fondos de manera que complementen los esfuerzos existentes contra la falta de vivienda. <\/li>\n\n\n\n<li><strong>Reconsiderar la tierra y el uso del suelo<\/strong>: El recurso m\u00e1s valioso al que tienen acceso los gobiernos locales es la tierra. Es posible que los gobiernos locales no puedan financiar completamente todos los aspectos del desarrollo de viviendas asequibles o de apoyo, pero pueden poner a disposici\u00f3n de los desarrolladores asequibles terrenos de propiedad p\u00fablica, resolviendo la desconcertante cuesti\u00f3n de c\u00f3mo ubicar viviendas asequibles y reducir significativamente los costos de desarrollo. \n<ul class=\"wp-block-list\">\n<li>De manera similar, los gobiernos locales controlan las regulaciones de uso del suelo y zonificaci\u00f3n. Como resultado, los Ayuntamientos, las Juntas de Condado y otros pueden ser barreras importantes para la entrega de viviendas necesarias, o pueden facilitar su entrega acelerada y asegurar que se prioricen los desarrollos dirigidos a aquellos con las mayores necesidades. <\/li>\n\n\n\n<li>Finalmente, los gobiernos locales tambi\u00e9n pueden hacer un inventario de los edificios que poseen y determinar si alg\u00fan edificio subutilizado puede ser un buen candidato para convertirse en vivienda asequible.<\/li>\n<\/ul>\n<\/li>\n\n\n\n<li><strong>Eliminar barreras para una producci\u00f3n m\u00e1s r\u00e1pida de viviendas asequibles: <\/strong>Aunque los gobiernos locales no siempre controlan la financiaci\u00f3n de capital para producir viviendas asequibles, estas entidades s\u00ed controlan los procesos de permisos y otras aprobaciones que pueden marcar una gran diferencia en la escala y velocidad de la producci\u00f3n de viviendas asequibles. Los gobiernos locales deben considerar c\u00f3mo pueden acelerar los proyectos de vivienda asequible a trav\u00e9s del proceso de desarrollo, incluyendo la referencia a algunas de las orientaciones proporcionadas a trav\u00e9s de la <a href=\"https:\/\/www.usich.gov\/news-events\/news\/how-cities-can-expand-affordable-housing-and-reduce-homelessness-join-houseamerica\" target=\"_blank\" rel=\"noreferrer noopener\">Iniciativa House America<\/a> del Departamento de Vivienda y Desarrollo Urbano de los Estados Unidos (HUD) y el Consejo Interagencial de los Estados Unidos sobre la Falta de Vivienda (USICH). <\/li>\n\n\n\n<li><strong>Asegurar protecciones para los inquilinos:<\/strong> Los gobiernos locales, dependiendo del estado, tambi\u00e9n pueden tener jurisdicci\u00f3n significativa sobre las protecciones de los inquilinos y pueden mantener a las personas en sus hogares. Los gobiernos locales pueden promulgar fuertes protecciones contra el desalojo o pol\u00edticas de control de alquileres que ralenticen el flujo de personas hacia la falta de vivienda a largo plazo. Acciones como el reciente movimiento de la Ciudad de Los \u00c1ngeles para <a href=\"https:\/\/www.latimes.com\/california\/story\/2023-01-20\/la-city-council-tenant-protections-vote\" target=\"_blank\" rel=\"noreferrer noopener\">ampliar las protecciones de desalojo por causa justificada<\/a>, por ejemplo, proporcionan una plantilla s\u00f3lida para el tipo de protecciones que los gobiernos locales deber\u00edan considerar.  <\/li>\n\n\n\n<li><strong>&gt;Proporcionar servicios b\u00e1sicos de saneamiento e higiene:<\/strong>&gt; Mientras las ciudades lidian con el aumento del n\u00famero de personas que experimentan la falta de vivienda sin refugio, tambi\u00e9n pueden garantizar que las condiciones en las calles sean m\u00e1s saludables tanto para los residentes de los campamentos como para sus vecinos. Asegurar el acceso equitativo a ba\u00f1os p\u00fablicos, recolecci\u00f3n de basura y otra infraestructura de higiene como estaciones de lavado es un paso crucial que los gobiernos locales pueden dar para mejorar las condiciones de todos sus residentes. <\/li>\n\n\n\n<li><strong>&gt;Promover la coordinaci\u00f3n:<\/strong>&gt; El gobierno local debe asociarse con su Continuum of Care (CoC) local para garantizar que exista coordinaci\u00f3n entre los servicios municipales clave y los proveedores de servicios para personas sin hogar basados en la comunidad que contratan con el CoC. Adem\u00e1s, los gobiernos locales deben conectarse regularmente con su CoC para opinar sobre temas como las pol\u00edticas de gobierno del Sistema de Entrada Coordinada para abordar cualquier conflicto o malentendido que surja. \n<ul class=\"wp-block-list\">\n<li>Cuando los gobiernos locales desempe\u00f1en un papel clave en la asociaci\u00f3n con proveedores de servicios o el CoC para proporcionar alcance a los residentes de campamentos, los gobiernos locales deben estar versados en los <a href=\"https:\/\/www.usich.gov\/guidance-reports-data\/federal-guidance-resources\/7-principles-addressing-encampments\" target=\"_blank\" rel=\"noreferrer noopener\">&gt;Siete Principios para Abordar los Campamentos del USICH<\/a>&gt; y asegurar que su alcance est\u00e9 alineado con estos principios.<\/li>\n<\/ul>\n<\/li>\n\n\n\n<li><strong>&gt;Abogar por las necesidades locales:<\/strong>&gt; Finalmente, los gobiernos locales desempe\u00f1an un papel esencial en la abogac\u00eda ante el gobierno estatal y federal por los recursos necesarios. Los gobiernos locales no deben perder oportunidades de expresar su opini\u00f3n a los miembros del Congreso y a los funcionarios estatales sobre las brechas en sus sistemas de servicios para personas sin hogar. Adem\u00e1s, los gobiernos locales deben buscar oportunidades para asociarse con defensores experimentados: las asociaciones no convencionales entre defensores y el gobierno local pueden formar coaliciones muy poderosas en Washington o en la capital del estado.  <\/li>\n<\/ul>\n\n\n\n<h2 class=\"wp-block-heading\">\u00bfQu\u00e9 no deben hacer los gobiernos locales?<\/h2>\n\n\n\n<p>Adem\u00e1s de los pasos que los gobiernos locales deben considerar, hay formas en las que pueden empeorar la situaci\u00f3n de las personas sin hogar en sus comunidades. Estas incluyen: <\/p>\n\n\n\n<ul class=\"wp-block-list\">\n<li><strong>&gt;Criminalizaci\u00f3n:<\/strong>&gt; Las ordenanzas locales que criminalizan la falta de vivienda o restringen excesivamente d\u00f3nde pueden estar las personas sin hogar en el exterior son perjudiciales para los esfuerzos para acabar con la falta de vivienda. Los gobiernos locales deben consultar con los proveedores de servicios y las personas con experiencia vivida de falta de vivienda para examinar los c\u00f3digos municipales y determinar c\u00f3mo las ordenanzas existentes dificultan el servicio a las personas sin hogar. \n<ul class=\"wp-block-list\">\n<li>De manera similar, las ordenanzas que no se dirigen expl\u00edcitamente a las personas sin hogar, pero las abruman con tarifas y multas excesivas deben ser eliminadas. Estas incluyen ordenanzas que penalizan la distribuci\u00f3n de alimentos o regulaciones de estacionamiento onerosas que conducen a saldos de multas elevados y remolques. <\/li>\n<\/ul>\n<\/li>\n\n\n\n<li><strong>&gt;Uso de suelo excluyente:<\/strong>&gt; Como se mencion\u00f3 anteriormente, los gobiernos locales pueden desempe\u00f1ar un papel en facilitar la creaci\u00f3n de soluciones de vivienda asequible. De manera similar, las ciudades tambi\u00e9n pueden promulgar una serie de pol\u00edticas de zonificaci\u00f3n y uso del suelo que restrinjan la vivienda asequible. Las ciudades deben examinar sus pol\u00edticas de vivienda y uso del suelo existentes para determinar si existen tales pol\u00edticas y eliminarlas.  <\/li>\n<\/ul>\n<\/div>\n\n\n\n<div class=\"wp-block-b3rg-column e-col e-col-07ab2b4105c7c9441fb36c05bc0c1bc8023c6e2c e-col--bi-right-side e-col--blog-inner-related-posts  col-sm-12 col-lg-3\">\n<div class=\"e-div e-div-59078f910ce4d15d28fcab7c9003952a96233d13 e-div--js-bi-sticky-left\">\n<div class=\"e-div e-div-6ff6ea2961c0f998010e1194547bb1cb17285b20 e-div--bi-social-icons\">\n<div class=\"e-div e-div-8fd4c05a3f9dd204e3dd79e614332da9f57f6b56 e-div--social-share-tooltip\"><div class=\"heateor_sss_sharing_container heateor_sss_horizontal_sharing\" data-heateor-ss-offset=\"0\" data-heateor-sss-href='https:\/\/endhomelessness.org\/es\/blog\/que-pueden-y-no-pueden-hacer-los-gobiernos-locales-para-abordar-la-falta-de-vivienda\/'><div class=\"heateor_sss_sharing_ul\"><a aria-label=\"Copy Link\" class=\"heateor_sss_button_copy_link\" title=\"Copy Link\" rel=\"noopener\" href=\"https:\/\/endhomelessness.org\/es\/blog\/que-pueden-y-no-pueden-hacer-los-gobiernos-locales-para-abordar-la-falta-de-vivienda\/\" onclick=\"event.preventDefault()\" style=\"font-size:32px!important;box-shadow:none;display:inline-block;vertical-align:middle\"><span class=\"heateor_sss_svg heateor_sss_s__default heateor_sss_s_copy_link\" style=\"background-color:#ffc112;width:35px;height:35px;border-radius:999px;display:inline-block;opacity:1;float:left;font-size:32px;box-shadow:none;display:inline-block;font-size:16px;padding:0 4px;vertical-align:middle;background-repeat:repeat;overflow:hidden;padding:0;cursor:pointer;box-sizing:content-box\"><svg style=\"display:block;border-radius:999px;\" focusable=\"false\" aria-hidden=\"true\" xmlns=\"http:\/\/www.w3.org\/2000\/svg\" width=\"100%\" height=\"100%\" viewBox=\"-4 -4 40 40\"><path fill=\"#fff\" d=\"M24.412 21.177c0-.36-.126-.665-.377-.917l-2.804-2.804a1.235 1.235 0 0 0-.913-.378c-.377 0-.7.144-.97.43.026.028.11.11.255.25.144.14.24.236.29.29s.117.14.2.256c.087.117.146.232.177.344.03.112.046.236.046.37 0 .36-.126.666-.377.918a1.25 1.25 0 0 1-.918.377 1.4 1.4 0 0 1-.373-.047 1.062 1.062 0 0 1-.345-.175 2.268 2.268 0 0 1-.256-.2 6.815 6.815 0 0 1-.29-.29c-.14-.142-.223-.23-.25-.254-.297.28-.445.607-.445.984 0 .36.126.664.377.916l2.778 2.79c.243.243.548.364.917.364.36 0 .665-.118.917-.35l1.982-1.97c.252-.25.378-.55.378-.9zm-9.477-9.504c0-.36-.126-.665-.377-.917l-2.777-2.79a1.235 1.235 0 0 0-.913-.378c-.35 0-.656.12-.917.364L7.967 9.92c-.254.252-.38.553-.38.903 0 .36.126.665.38.917l2.802 2.804c.242.243.547.364.916.364.377 0 .7-.14.97-.418-.026-.027-.11-.11-.255-.25s-.24-.235-.29-.29a2.675 2.675 0 0 1-.2-.255 1.052 1.052 0 0 1-.176-.344 1.396 1.396 0 0 1-.047-.37c0-.36.126-.662.377-.914.252-.252.557-.377.917-.377.136 0 .26.015.37.046.114.03.23.09.346.175.117.085.202.153.256.2.054.05.15.148.29.29.14.146.222.23.25.258.294-.278.442-.606.442-.983zM27 21.177c0 1.078-.382 1.99-1.146 2.736l-1.982 1.968c-.745.75-1.658 1.12-2.736 1.12-1.087 0-2.004-.38-2.75-1.143l-2.777-2.79c-.75-.747-1.12-1.66-1.12-2.737 0-1.106.392-2.046 1.183-2.818l-1.186-1.185c-.774.79-1.708 1.186-2.805 1.186-1.078 0-1.995-.376-2.75-1.13l-2.803-2.81C5.377 12.82 5 11.903 5 10.826c0-1.08.382-1.993 1.146-2.738L8.128 6.12C8.873 5.372 9.785 5 10.864 5c1.087 0 2.004.382 2.75 1.146l2.777 2.79c.75.747 1.12 1.66 1.12 2.737 0 1.105-.392 2.045-1.183 2.817l1.186 1.186c.774-.79 1.708-1.186 2.805-1.186 1.078 0 1.995.377 2.75 1.132l2.804 2.804c.754.755 1.13 1.672 1.13 2.75z\"\/><\/svg><\/span><\/a><a aria-label=\"Facebook\" class=\"heateor_sss_facebook\" href=\"https:\/\/www.facebook.com\/sharer\/sharer.php?u=https%3A%2F%2Fendhomelessness.org%2Fes%2Fblog%2Fque-pueden-y-no-pueden-hacer-los-gobiernos-locales-para-abordar-la-falta-de-vivienda%2F\" title=\"Facebook\" rel=\"nofollow noopener\" target=\"_blank\" style=\"font-size:32px!important;box-shadow:none;display:inline-block;vertical-align:middle\"><span class=\"heateor_sss_svg\" style=\"background-color:#0765FE;width:35px;height:35px;border-radius:999px;display:inline-block;opacity:1;float:left;font-size:32px;box-shadow:none;display:inline-block;font-size:16px;padding:0 4px;vertical-align:middle;background-repeat:repeat;overflow:hidden;padding:0;cursor:pointer;box-sizing:content-box\"><svg style=\"display:block;border-radius:999px;\" focusable=\"false\" aria-hidden=\"true\" xmlns=\"http:\/\/www.w3.org\/2000\/svg\" width=\"100%\" height=\"100%\" viewBox=\"0 0 32 32\"><path fill=\"#fff\" d=\"M28 16c0-6.627-5.373-12-12-12S4 9.373 4 16c0 5.628 3.875 10.35 9.101 11.647v-7.98h-2.474V16H13.1v-1.58c0-4.085 1.849-5.978 5.859-5.978.76 0 2.072.15 2.608.298v3.325c-.283-.03-.775-.045-1.386-.045-1.967 0-2.728.745-2.728 2.683V16h3.92l-.673 3.667h-3.247v8.245C23.395 27.195 28 22.135 28 16Z\"><\/path><\/svg><\/span><\/a><a aria-label=\"Linkedin\" class=\"heateor_sss_button_linkedin\" href=\"https:\/\/www.linkedin.com\/sharing\/share-offsite\/?url=https%3A%2F%2Fendhomelessness.org%2Fes%2Fblog%2Fque-pueden-y-no-pueden-hacer-los-gobiernos-locales-para-abordar-la-falta-de-vivienda%2F\" title=\"Linkedin\" rel=\"nofollow noopener\" target=\"_blank\" style=\"font-size:32px!important;box-shadow:none;display:inline-block;vertical-align:middle\"><span class=\"heateor_sss_svg heateor_sss_s__default heateor_sss_s_linkedin\" style=\"background-color:#0077b5;width:35px;height:35px;border-radius:999px;display:inline-block;opacity:1;float:left;font-size:32px;box-shadow:none;display:inline-block;font-size:16px;padding:0 4px;vertical-align:middle;background-repeat:repeat;overflow:hidden;padding:0;cursor:pointer;box-sizing:content-box\"><svg style=\"display:block;border-radius:999px;\" focusable=\"false\" aria-hidden=\"true\" xmlns=\"http:\/\/www.w3.org\/2000\/svg\" width=\"100%\" height=\"100%\" viewBox=\"0 0 32 32\"><path d=\"M6.227 12.61h4.19v13.48h-4.19V12.61zm2.095-6.7a2.43 2.43 0 0 1 0 4.86c-1.344 0-2.428-1.09-2.428-2.43s1.084-2.43 2.428-2.43m4.72 6.7h4.02v1.84h.058c.56-1.058 1.927-2.176 3.965-2.176 4.238 0 5.02 2.792 5.02 6.42v7.395h-4.183v-6.56c0-1.564-.03-3.574-2.178-3.574-2.18 0-2.514 1.7-2.514 3.46v6.668h-4.187V12.61z\" fill=\"#fff\"><\/path><\/svg><\/span><\/a><a aria-label=\"X\" class=\"heateor_sss_button_x\" href=\"https:\/\/twitter.com\/intent\/tweet?text=%C2%BFQu%C3%A9%20pueden%20%28y%20no%20pueden%29%20hacer%20los%20gobiernos%20locales%20para%20abordar%20la%20falta%20de%20vivienda%3F&url=https%3A%2F%2Fendhomelessness.org%2Fes%2Fblog%2Fque-pueden-y-no-pueden-hacer-los-gobiernos-locales-para-abordar-la-falta-de-vivienda%2F\" title=\"X\" rel=\"nofollow noopener\" target=\"_blank\" style=\"font-size:32px!important;box-shadow:none;display:inline-block;vertical-align:middle\"><span class=\"heateor_sss_svg heateor_sss_s__default heateor_sss_s_x\" style=\"background-color:#2a2a2a;width:35px;height:35px;border-radius:999px;display:inline-block;opacity:1;float:left;font-size:32px;box-shadow:none;display:inline-block;font-size:16px;padding:0 4px;vertical-align:middle;background-repeat:repeat;overflow:hidden;padding:0;cursor:pointer;box-sizing:content-box\"><svg width=\"100%\" height=\"100%\" style=\"display:block;border-radius:999px;\" focusable=\"false\" aria-hidden=\"true\" xmlns=\"http:\/\/www.w3.org\/2000\/svg\" viewBox=\"0 0 32 32\"><path fill=\"#fff\" d=\"M21.751 7h3.067l-6.7 7.658L26 25.078h-6.172l-4.833-6.32-5.531 6.32h-3.07l7.167-8.19L6 7h6.328l4.37 5.777L21.75 7Zm-1.076 16.242h1.7L11.404 8.74H9.58l11.094 14.503Z\"><\/path><\/svg><\/span><\/a><\/div><div class=\"heateorSssClear\"><\/div><\/div>\n<\/div>\n<\/div>\n\n\n\n<div class=\"e-div e-div-1a5a32aa7dcbe57c6b9a8a8c9a37785edf82434d e-div--bi-topics\">\n<h2 class=\"wp-block-heading has-rich-black-color has-text-color has-link-color wp-elements-be6bdbd00a494032c0ae3c9d7a69a331\">Etiquetas<\/h2>\n\n\n<div class=\"e-mtf e-mtf--dlt e-mtf--taxonomy e-mtf--taxonomy-blog-tags\"><\/div><\/div>\n\n\n\n<div class=\"e-div e-div-275b8ff6f2bffd3e4cc054055156f9110887442d e-div--bi-related-post\"><style><\/style>\n<h2 class=\"wp-block-heading has-rich-black-color has-text-color has-link-color wp-elements-e435b81f6878ebba01997b7c42400d88\">Publicaciones relacionadas<\/h2>\n\n\n\n<div class=\"e-div e-div-0162dd5adc5b84600d5bea230d8c418559af071d\">\n<\/div>\n<\/div>\n<\/div>\n<\/div>\n<\/div>\n<\/div><\/section>\n\n<section class=\"e-stn e-stn-af33064b18769c0dcbd144d5242c41c8ff25e8a2 e-stn--related-post e-mt-60  e-mt-sm-0\"><style>@media only screen and (max-width: 9999px) {\n\t\t\t\t\t\t\t\t\t.e-stn.e-stn-af33064b18769c0dcbd144d5242c41c8ff25e8a2 { \n\t\t\t\t\t\t\t\t\t\tbackground-color: #F3F8FC; \n\t\t\t\t\t\t\t\t\t}\n\t\t\t\t\t\t\t\t}<\/style><div class=\"container\">\n<div class=\"wp-block-b3rg-row e-row row e-row--title-with-description\">\n<div class=\"wp-block-b3rg-column e-col e-col-3fd29a26ff70780ecd7ff03db8f4638045c8c9d8  col-sm-12\">\n<h2 class=\"wp-block-heading has-text-align-center\">Tambi\u00e9n le podr\u00eda interesar<\/h2>\n<\/div>\n<\/div>\n\n\n\n<div class=\"wp-block-b3rg-row e-row row\">\n<div class=\"wp-block-b3rg-column e-col e-col-3fd29a26ff70780ecd7ff03db8f4638045c8c9d8  col-sm-12\"><div class=\"e-rlp e-rlp--dlt\" > <div class=\"e-sgp taxonomy-opcional taxonomy-falta-de-vivienda-en-situacion-de-calle taxonomy-continuos-de-atencion e-sgp--dlt  wrapper-link\" > <a class=\"b3rg-post__trigger\" href='https:\/\/endhomelessness.org\/es\/blog\/sesion-plenaria-de-apertura-conferencia-sobre-innovaciones-y-soluciones-para-erradicar-el-sinhogarismo-no-albergado-marzo-de-2024\/' target='_self'><div class=\"e-sgp__inner\">\n<div class=\"e-div e-div-39c9483d5c365ef0cd3af0137228c52c9e3c2277 e-sgp__media\"><figure class=\"wp-block-post-featured-image\"><img decoding=\"async\" src=\"https:\/\/endhomelessness.org\/wp-content\/uploads\/2024\/10\/support-our-work-e1611776502991-3.jpg\" class=\"attachment-post-thumbnail size-post-thumbnail wp-post-image\" alt=\"Written by Marcy Thompson\" style=\"object-fit:cover;\" srcset=\"https:\/\/endhomelessness.org\/wp-content\/uploads\/2024\/10\/support-our-work-e1611776502991-3.jpg 1200w, https:\/\/endhomelessness.org\/wp-content\/uploads\/2024\/10\/support-our-work-e1611776502991-3-300x119.jpg 300w, https:\/\/endhomelessness.org\/wp-content\/uploads\/2024\/10\/support-our-work-e1611776502991-3-1024x407.jpg 1024w, https:\/\/endhomelessness.org\/wp-content\/uploads\/2024\/10\/support-our-work-e1611776502991-3-768x305.jpg 768w, https:\/\/endhomelessness.org\/wp-content\/uploads\/2024\/10\/support-our-work-e1611776502991-3-575x229.jpg 575w\" sizes=\"(max-width: 1200px) 100vw, 1200px\" \/><\/figure><\/div>\n\n<div class=\"e-div e-div-9345c3010e68f662cc8801eb2da3df07e835db1c e-sgp__content\">\n<div class=\"e-div e-div-0162dd5adc5b84600d5bea230d8c418559af071d\"><div class=\"wp-block-post-date\"><time datetime=\"2024-03-19T08:59:00-04:00\">19 de marzo de 2024<\/time><\/div>\n\n\n<div class=\"e-div e-div-0162dd5adc5b84600d5bea230d8c418559af071d\"><div class=\"e-mtf e-mtf--dlt  e-mtf--post-reading-time\"><div class=\"post-reading-time\"><span class=\"reading-time__time\">12<\/span> <span class=\"post-reading-time__label postfix\">min<\/span><\/div><\/div><\/div>\n<\/div>\n\n\n<div class=\"e-mtf e-mtf--dlt  e-mtf--author-details\"><div class=\"post-author\"><div class=\"post-author__avatar\"><img decoding=\"async\" src=\"https:\/\/secure.gravatar.com\/avatar\/ea86b2b9f946d9233bda9c93f5134672349f8d7d350c75901efd5845c144a57d?s=96&#038;d=mm&#038;r=g\" alt=\"\"\/><\/div>                        <div class=\"post-author__content\">\n                            <p class=\"post-author__name\">Ann Oliva<\/p>\n                        <\/div><\/div><\/div>\n\n<h2 class=\"wp-block-post-title\">Sesi\u00f3n plenaria de apertura: Conferencia sobre innovaciones y soluciones para erradicar el sinhogarismo no albergado, marzo de 2024<\/h2>\n\n<div class=\"wp-block-post-excerpt\"><p class=\"wp-block-post-excerpt__excerpt\">\u00a1Buenas tardes a todos! Es sumamente gratificante verlos a todos aqu\u00ed en San Francisco para la Conferencia de la Alianza del 2024 sobre innovaciones y soluciones para erradicar el sinhogarismo no albergado&#8230;. <\/p><\/div>\n\n<div class=\"e-mtf e-mtf--dlt e-mtf--taxonomy e-mtf--taxonomy-blog-tags\"><\/div>\n\n<div class=\"e-mtf e-mtf--dlt  e-mtf--learn-more-label\"><span class=\"btn\"><\/span><\/div><\/div>\n<\/div><\/a><\/div><div class=\"e-sgp taxonomy-legisladores-y-defensores taxonomy-vivienda-asequible taxonomy-falta-de-vivienda-en-situacion-de-calle taxonomy-gobierno-estatal-y-local e-sgp--dlt  wrapper-link\" > <a class=\"b3rg-post__trigger\" href='https:\/\/endhomelessness.org\/es\/blog\/lo-que-se-necesita-para-erradicar-la-falta-de-vivienda-mas-alla-de-la-decision-de-la-corte-suprema\/' target='_self'><div class=\"e-sgp__inner\">\n<div class=\"e-div e-div-39c9483d5c365ef0cd3af0137228c52c9e3c2277 e-sgp__media\"><figure class=\"wp-block-post-featured-image\"><img decoding=\"async\" src=\"https:\/\/endhomelessness.org\/wp-content\/uploads\/2024\/10\/7432022562_8d4289be3b_o-2048x1360-2.jpg\" class=\"attachment-post-thumbnail size-post-thumbnail wp-post-image\" alt=\"Written by Marcy Thompson\" style=\"object-fit:cover;\" srcset=\"https:\/\/endhomelessness.org\/wp-content\/uploads\/2024\/10\/7432022562_8d4289be3b_o-2048x1360-2.jpg 2048w, https:\/\/endhomelessness.org\/wp-content\/uploads\/2024\/10\/7432022562_8d4289be3b_o-2048x1360-2-300x199.jpg 300w, https:\/\/endhomelessness.org\/wp-content\/uploads\/2024\/10\/7432022562_8d4289be3b_o-2048x1360-2-1024x680.jpg 1024w, https:\/\/endhomelessness.org\/wp-content\/uploads\/2024\/10\/7432022562_8d4289be3b_o-2048x1360-2-768x510.jpg 768w, https:\/\/endhomelessness.org\/wp-content\/uploads\/2024\/10\/7432022562_8d4289be3b_o-2048x1360-2-1536x1020.jpg 1536w, https:\/\/endhomelessness.org\/wp-content\/uploads\/2024\/10\/7432022562_8d4289be3b_o-2048x1360-2-575x382.jpg 575w\" sizes=\"(max-width: 2048px) 100vw, 2048px\" \/><\/figure><\/div>\n\n<div class=\"e-div e-div-9345c3010e68f662cc8801eb2da3df07e835db1c e-sgp__content\">\n<div class=\"e-div e-div-0162dd5adc5b84600d5bea230d8c418559af071d\"><div class=\"wp-block-post-date\"><time datetime=\"2024-06-21T09:00:00-04:00\">21 de junio de 2024<\/time><\/div>\n\n\n<div class=\"e-div e-div-0162dd5adc5b84600d5bea230d8c418559af071d\"><div class=\"e-mtf e-mtf--dlt  e-mtf--post-reading-time\"><div class=\"post-reading-time\"><span class=\"reading-time__time\">6<\/span> <span class=\"post-reading-time__label postfix\">min<\/span><\/div><\/div><\/div>\n<\/div>\n\n\n<div class=\"e-mtf e-mtf--dlt  e-mtf--author-details\"><div class=\"post-author\"><div class=\"post-author__avatar\"><img decoding=\"async\" src=\"https:\/\/secure.gravatar.com\/avatar\/b15d1d242f4e013b2de0f21a94a1d848dfbeadfb7dde110341ae926f9abdedad?s=96&#038;d=mm&#038;r=g\" alt=\"\"\/><\/div>                        <div class=\"post-author__content\">\n                            <p class=\"post-author__name\">Marcy Thompson<\/p>\n                        <\/div><\/div><\/div>\n\n<h2 class=\"wp-block-post-title\">Lo que se necesita para erradicar la falta de vivienda: m\u00e1s all\u00e1 de la decisi\u00f3n de la Corte Suprema<\/h2>\n\n<div class=\"wp-block-post-excerpt\"><p class=\"wp-block-post-excerpt__excerpt\">La Corte Suprema est\u00e1 a punto de emitir un fallo en el caso de la Ciudad de Grants Pass, Oreg\u00f3n contra Johnson, el primer caso importante sobre la falta de vivienda que se presenta ante la Corte Suprema desde la d\u00e9cada de 1980. El caso determinar\u00e1&#8230; <\/p><\/div>\n\n<div class=\"e-mtf e-mtf--dlt e-mtf--taxonomy e-mtf--taxonomy-blog-tags\"><\/div>\n\n<div class=\"e-mtf e-mtf--dlt  e-mtf--learn-more-label\"><span class=\"btn\"><\/span><\/div><\/div>\n<\/div><\/a><\/div><div class=\"e-sgp taxonomy-optional taxonomy-abogacia taxonomy-poblaciones-bipoc taxonomy-lgbtqia-es taxonomy-equidad taxonomy-sobrevivientes-de-violencia-domestica e-sgp--dlt  wrapper-link\" > <a class=\"b3rg-post__trigger\" href='https:\/\/endhomelessness.org\/es\/blog\/reconociendo-a-las-mujeres-que-experimentan-la-carencia-de-hogar-un-enfoque-del-mes-de-la-historia-de-la-mujer-en-el-downtown-womens-center\/' target='_self'><div class=\"e-sgp__inner\">\n<div class=\"e-div e-div-39c9483d5c365ef0cd3af0137228c52c9e3c2277 e-sgp__media\"><figure class=\"wp-block-post-featured-image\"><img decoding=\"async\" src=\"https:\/\/endhomelessness.org\/wp-content\/uploads\/2024\/10\/shutterstock_2135544849-2048x1152-1.jpg\" class=\"attachment-post-thumbnail size-post-thumbnail wp-post-image\" alt=\"Written by NAEH\" style=\"object-fit:cover;\" srcset=\"https:\/\/endhomelessness.org\/wp-content\/uploads\/2024\/10\/shutterstock_2135544849-2048x1152-1.jpg 2048w, https:\/\/endhomelessness.org\/wp-content\/uploads\/2024\/10\/shutterstock_2135544849-2048x1152-1-300x169.jpg 300w, https:\/\/endhomelessness.org\/wp-content\/uploads\/2024\/10\/shutterstock_2135544849-2048x1152-1-1024x576.jpg 1024w, https:\/\/endhomelessness.org\/wp-content\/uploads\/2024\/10\/shutterstock_2135544849-2048x1152-1-768x432.jpg 768w, https:\/\/endhomelessness.org\/wp-content\/uploads\/2024\/10\/shutterstock_2135544849-2048x1152-1-1536x864.jpg 1536w, https:\/\/endhomelessness.org\/wp-content\/uploads\/2024\/10\/shutterstock_2135544849-2048x1152-1-575x323.jpg 575w\" sizes=\"(max-width: 2048px) 100vw, 2048px\" \/><\/figure><\/div>\n\n<div class=\"e-div e-div-9345c3010e68f662cc8801eb2da3df07e835db1c e-sgp__content\">\n<div class=\"e-div e-div-0162dd5adc5b84600d5bea230d8c418559af071d\"><div class=\"wp-block-post-date\"><time datetime=\"2022-03-28T14:06:00-04:00\">28 de marzo de 2022<\/time><\/div>\n\n\n<div class=\"e-div e-div-0162dd5adc5b84600d5bea230d8c418559af071d\"><div class=\"e-mtf e-mtf--dlt  e-mtf--post-reading-time\"><div class=\"post-reading-time\"><span class=\"reading-time__time\">6<\/span> <span class=\"post-reading-time__label postfix\">min<\/span><\/div><\/div><\/div>\n<\/div>\n\n\n<div class=\"e-mtf e-mtf--dlt  e-mtf--author-details\"><div class=\"post-author\"><div class=\"post-author__avatar\"><img decoding=\"async\" src=\"https:\/\/secure.gravatar.com\/avatar\/5ef18f6e21e90504148915095aa81d5946e14c48e74cc07d2524522579870888?s=96&#038;d=mm&#038;r=g\" alt=\"\"\/><\/div>                        <div class=\"post-author__content\">\n                            <p class=\"post-author__name\">Amy Turk<\/p>\n                        <\/div><\/div><\/div>\n\n<h2 class=\"wp-block-post-title\">Reconociendo a las mujeres que experimentan la carencia de hogar: Un enfoque del Mes de la Historia de la Mujer en el Downtown Women&#8217;s Center<\/h2>\n\n<div class=\"wp-block-post-excerpt\"><p class=\"wp-block-post-excerpt__excerpt\">La experiencia de la carencia de hogar afecta especialmente a las mujeres. La falta de hogar experimentada por las mujeres es singular debido a sus experiencias desproporcionadas de&#8230; <\/p><\/div>\n\n<div class=\"e-mtf e-mtf--dlt e-mtf--taxonomy e-mtf--taxonomy-blog-tags\"><\/div>\n\n<div class=\"e-mtf e-mtf--dlt  e-mtf--learn-more-label\"><span class=\"btn\"><\/span><\/div><\/div>\n<\/div><\/a><\/div><\/div><\/div>\n<\/div>\n<\/div><\/section>\n\n<section class=\"e-stn e-stn-fecd9f248d71f1b43eea1791ae2aa16e613ea50d e-stn--subscription-form\"><div class=\"container\">\n<div class=\"wp-block-b3rg-row e-row row\">\n<div class=\"wp-block-b3rg-column e-col e-col-5e53f80929c6668a38540fba03c97241dc5f6888 e-col--left  col-sm-12 col-lg-6\">\n<h2 class=\"wp-block-heading has-pure-white-color has-text-color has-link-color wp-elements-cec0e497456012f6e859233bfca8aaa4\"><strong>Mant\u00e9ngase informado: Soluciones, historias y formas de generar impacto<\/strong><\/h2>\n\n\n\n<p>Reg\u00edstrese para recibir actualizaciones sobre el trabajo de la Alianza, incluyendo las \u00faltimas investigaciones, esfuerzos de promoci\u00f3n e historias reales de progreso \u2014 adem\u00e1s de formas en las que puede ayudar a impulsar un cambio duradero.<\/p>\n<\/div>\n\n\n\n<div class=\"wp-block-b3rg-column e-col e-col-117d0cb7e6b4934330c33fb3a4c7ee0ab7e9abd4 e-col--right e-col--email-cta-form-wrpr  col-sm-12 col-lg-6\">\n<div id=\"mc_embed_shell\">\n      <link href=\"\/\/cdn-images.mailchimp.com\/embedcode\/classic-061523.css\" rel=\"stylesheet\" type=\"text\/css\"\/>\n  <style type=\"text\/css\">\n        #mc_embed_signup{background:#fff; false;clear:left; font:14px Helvetica,Arial,sans-serif; width: 600px;}\n        \/* Add your own Mailchimp form style overrides in your site stylesheet or in this style block.\n           We recommend moving this block and the preceding CSS link to the HEAD of your HTML file. *\/\n<\/style>\n<div id=\"mc_embed_signup\">\n    <form action=\"https:\/\/endhomelessness.us9.list-manage.com\/subscribe\/post?u=466b34a51377a9504fb2ebd8f&#038;id=1cf64328bb&#038;f_id=00f7f2e0f0\" method=\"post\" id=\"mc-embedded-subscribe-form\" name=\"mc-embedded-subscribe-form\" class=\"validate\" target=\"_blank\">\n        <div id=\"mc_embed_signup_scroll\">\n            <div class=\"indicates-required\"><span class=\"asterisk\">*<\/span> indica campo obligatorio<\/div>\n            <div class=\"mc-field-group\"><label for=\"mce-EMAIL\">Direcci\u00f3n de correo electr\u00f3nico <span class=\"asterisk\">*<\/span><\/label><input type=\"email\" name=\"EMAIL\" class=\"required email\" id=\"mce-EMAIL\" required=\"\" value=\"\"\/><\/div><div class=\"mc-field-group input-group\"><strong>\u00bfC\u00f3mo deber\u00edamos comunicarnos con usted? <\/strong><ul><li><input type=\"checkbox\" name=\"group[17873][1]\" id=\"mce-group[17873]-17873-0\" value=\"\"\/><label for=\"mce-group[17873]-17873-0\">Deseo recibir semanalmente herramientas, recursos y noticias sobre la falta de vivienda<\/label><\/li><li><input type=\"checkbox\" name=\"group[17873][2]\" id=\"mce-group[17873]-17873-1\" value=\"\"\/><label for=\"mce-group[17873]-17873-1\">Deseo recibir noticias generales y actualizaciones sobre el trabajo de la Alianza<\/label><\/li><\/ul><\/div><div class=\"mc-field-group\"><label for=\"mce-FNAME\">Nombre <\/label><input type=\"text\" name=\"FNAME\" class=\" text\" id=\"mce-FNAME\" value=\"\"\/><\/div><div class=\"mc-field-group\"><label for=\"mce-LNAME\">Apellido <\/label><input type=\"text\" name=\"LNAME\" class=\" text\" id=\"mce-LNAME\" value=\"\"\/><\/div>\n<div hidden=\"\"><input type=\"hidden\" name=\"tags\" value=\"12777910\"\/><\/div>\n        <div id=\"mce-responses\" class=\"clear\">\n            <div class=\"response\" id=\"mce-error-response\" style=\"display: none;\"><\/div>\n            <div class=\"response\" id=\"mce-success-response\" style=\"display: none;\"><\/div>\n        <\/div><div aria-hidden=\"true\" style=\"position: absolute; left: -5000px;\"><input type=\"text\" name=\"b_466b34a51377a9504fb2ebd8f_1cf64328bb\" tabindex=\"-1\" value=\"\"\/><\/div><div class=\"clear\"><input type=\"submit\" name=\"subscribe\" id=\"mc-embedded-subscribe\" class=\"button\" value=\"Suscribirse\"\/><\/div>\n    <\/div>\n<\/form>\n<\/div>\n<script type=\"text\/javascript\" src=\"\/\/s3.amazonaws.com\/downloads.mailchimp.com\/js\/mc-validate.js\"><\/script><script type=\"text\/javascript\">(function($) {window.fnames = new Array(); window.ftypes = new Array();fnames[0]='EMAIL';ftypes[0]='email';fnames[1]='FNAME';ftypes[1]='text';fnames[2]='LNAME';ftypes[2]='text';fnames[12]='MMERGE12';ftypes[12]='zip';fnames[4]='MMERGE4';ftypes[4]='text';fnames[7]='CITY';ftypes[7]='text';fnames[8]='STATE';ftypes[8]='text';fnames[11]='MMERGE11';ftypes[11]='text';fnames[13]='MMERGE13';ftypes[13]='text';fnames[3]='MMERGE3';ftypes[3]='text';fnames[5]='MMERGE5';ftypes[5]='text';}(jQuery));var $mcj = jQuery.noConflict(true);<\/script><\/div>\n<\/div>\n<\/div>\n<\/div><\/section>\n","protected":false},"excerpt":{"rendered":"<p>Cada vez m\u00e1s, los gobiernos locales como ciudades, pueblos y condados se encuentran a la vanguardia de la crisis de la falta de vivienda. \u00bfA qui\u00e9n llama usted cuando necesita arreglar un bache o informar sobre una&#8230; <\/p>\n","protected":false},"author":17,"featured_media":6721,"template":"","meta":{"_acf_changed":false,"show_custom_date":false,"custom_date":"","featured":false,"featured_image":0,"learn_more_label":"","image_alt_text":"","learn_more_type":"","show_popup":false,"learn_more_link_file":0,"event_date":false,"event_start_date":"","event_end_date":"","place_holder_image_url":"","post_reading_time":"5","notification_enabled":false,"notification_text":"","notification_logo":"","notification_expiration_time":0,"is_enable_transparent_header":false,"hide_from_list_view":false,"selected_taxonomy_terms":{"blog-category":[],"blog-audience":[],"blog-best-practice":[467],"blog-key-issue":[462],"translation_priority":[]},"selected_primary_terms":[],"learn_more_link":[],"featured_page_list":[],"notification_enabled_post_list":[],"_relevanssi_hide_post":"","_relevanssi_hide_content":"","_relevanssi_pin_for_all":"","_relevanssi_pin_keywords":"","_relevanssi_unpin_keywords":"","_relevanssi_related_keywords":"","_relevanssi_related_include_ids":"","_relevanssi_related_exclude_ids":"","_relevanssi_related_no_append":"","_relevanssi_related_not_related":"","_relevanssi_related_posts":"18460,18710,18482","_relevanssi_noindex_reason":"","inline_featured_image":false,"news_publication":"","footnotes":""},"blog-category":[],"blog-audience":[],"blog-best-practice":[467],"blog-key-issue":[462],"class_list":["post-18286","blog","type-blog","status-publish","has-post-thumbnail","hentry","blog-best-practice-diseno-de-sistemas","blog-key-issue-vivienda-asequible"],"acf":[],"yoast_head":"<!-- This site is optimized with the Yoast SEO Premium plugin v24.7 (Yoast SEO v27.4) - https:\/\/yoast.com\/product\/yoast-seo-premium-wordpress\/ -->\n<title>\u00bfQu\u00e9 pueden (y no pueden) hacer los gobiernos locales para abordar la falta de vivienda? - Alianza Nacional para Erradicar la Falta de Vivienda<\/title>\n<meta name=\"description\" content=\"The National Alliance to End Homelessness is a nonpartisan, nonprofit organization committed to preventing and ending homelessness in the United States.\" \/>\n<meta name=\"robots\" content=\"index, follow, max-snippet:-1, max-image-preview:large, max-video-preview:-1\" \/>\n<link rel=\"canonical\" href=\"https:\/\/endhomelessness.org\/es\/blog\/que-pueden-y-no-pueden-hacer-los-gobiernos-locales-para-abordar-la-falta-de-vivienda\/\" \/>\n<meta property=\"og:locale\" content=\"es_ES\" \/>\n<meta property=\"og:type\" content=\"article\" \/>\n<meta property=\"og:title\" content=\"\u00bfQu\u00e9 pueden (y no pueden) hacer los gobiernos locales para abordar la falta de vivienda?\" \/>\n<meta property=\"og:description\" content=\"The National Alliance to End Homelessness is a nonpartisan, nonprofit organization committed to preventing and ending homelessness in the United States.\" \/>\n<meta property=\"og:url\" content=\"https:\/\/endhomelessness.org\/es\/blog\/que-pueden-y-no-pueden-hacer-los-gobiernos-locales-para-abordar-la-falta-de-vivienda\/\" \/>\n<meta property=\"og:site_name\" content=\"Alianza Nacional para Erradicar la Falta de Vivienda\" \/>\n<meta property=\"article:publisher\" content=\"https:\/\/www.facebook.com\/naehomelessness\/\" \/>\n<meta property=\"article:modified_time\" content=\"2025-04-04T19:55:33+00:00\" \/>\n<meta property=\"og:image\" content=\"https:\/\/endhomelessness.org\/wp-content\/uploads\/2024\/10\/shutterstock_552864952-scaled-e1661866000812-2048x786-1-1.jpg\" \/>\n\t<meta property=\"og:image:width\" content=\"2048\" \/>\n\t<meta property=\"og:image:height\" content=\"786\" \/>\n\t<meta property=\"og:image:type\" content=\"image\/jpeg\" \/>\n<meta name=\"twitter:card\" content=\"summary_large_image\" \/>\n<meta name=\"twitter:label1\" content=\"Tiempo de lectura\" \/>\n\t<meta name=\"twitter:data1\" content=\"7 minutos\" \/>\n<script type=\"application\/ld+json\" class=\"yoast-schema-graph\">{\"@context\":\"https:\\\/\\\/schema.org\",\"@graph\":[{\"@type\":\"WebPage\",\"@id\":\"https:\\\/\\\/endhomelessness.org\\\/es\\\/blog\\\/que-pueden-y-no-pueden-hacer-los-gobiernos-locales-para-abordar-la-falta-de-vivienda\\\/\",\"url\":\"https:\\\/\\\/endhomelessness.org\\\/es\\\/blog\\\/que-pueden-y-no-pueden-hacer-los-gobiernos-locales-para-abordar-la-falta-de-vivienda\\\/\",\"name\":\"\u00bfQu\u00e9 pueden (y no pueden) hacer los gobiernos locales para abordar la falta de vivienda? - Alianza Nacional para Erradicar la Falta de Vivienda\",\"isPartOf\":{\"@id\":\"https:\\\/\\\/endhomelessness.org\\\/es\\\/#website\"},\"primaryImageOfPage\":{\"@id\":\"https:\\\/\\\/endhomelessness.org\\\/es\\\/blog\\\/que-pueden-y-no-pueden-hacer-los-gobiernos-locales-para-abordar-la-falta-de-vivienda\\\/#primaryimage\"},\"image\":{\"@id\":\"https:\\\/\\\/endhomelessness.org\\\/es\\\/blog\\\/que-pueden-y-no-pueden-hacer-los-gobiernos-locales-para-abordar-la-falta-de-vivienda\\\/#primaryimage\"},\"thumbnailUrl\":\"https:\\\/\\\/endhomelessness.org\\\/wp-content\\\/uploads\\\/2024\\\/10\\\/shutterstock_552864952-scaled-e1661866000812-2048x786-1-1.jpg\",\"datePublished\":\"2024-01-24T13:57:00+00:00\",\"dateModified\":\"2025-04-04T19:55:33+00:00\",\"description\":\"The National Alliance to End Homelessness is a nonpartisan, nonprofit organization committed to preventing and ending homelessness in the United States.\",\"breadcrumb\":{\"@id\":\"https:\\\/\\\/endhomelessness.org\\\/es\\\/blog\\\/que-pueden-y-no-pueden-hacer-los-gobiernos-locales-para-abordar-la-falta-de-vivienda\\\/#breadcrumb\"},\"inLanguage\":\"es\",\"potentialAction\":[{\"@type\":\"ReadAction\",\"target\":[\"https:\\\/\\\/endhomelessness.org\\\/es\\\/blog\\\/que-pueden-y-no-pueden-hacer-los-gobiernos-locales-para-abordar-la-falta-de-vivienda\\\/\"]}]},{\"@type\":\"ImageObject\",\"inLanguage\":\"es\",\"@id\":\"https:\\\/\\\/endhomelessness.org\\\/es\\\/blog\\\/que-pueden-y-no-pueden-hacer-los-gobiernos-locales-para-abordar-la-falta-de-vivienda\\\/#primaryimage\",\"url\":\"https:\\\/\\\/endhomelessness.org\\\/wp-content\\\/uploads\\\/2024\\\/10\\\/shutterstock_552864952-scaled-e1661866000812-2048x786-1-1.jpg\",\"contentUrl\":\"https:\\\/\\\/endhomelessness.org\\\/wp-content\\\/uploads\\\/2024\\\/10\\\/shutterstock_552864952-scaled-e1661866000812-2048x786-1-1.jpg\",\"width\":2048,\"height\":786,\"caption\":\"Written by Alex Visotzky\"},{\"@type\":\"BreadcrumbList\",\"@id\":\"https:\\\/\\\/endhomelessness.org\\\/es\\\/blog\\\/que-pueden-y-no-pueden-hacer-los-gobiernos-locales-para-abordar-la-falta-de-vivienda\\\/#breadcrumb\",\"itemListElement\":[{\"@type\":\"ListItem\",\"position\":1,\"name\":\"Inicio\",\"item\":\"https:\\\/\\\/endhomelessness.org\\\/es\\\/home-page-2-2-2\\\/\"},{\"@type\":\"ListItem\",\"position\":2,\"name\":\"\u00bfQu\u00e9 pueden (y no pueden) hacer los gobiernos locales para abordar la falta de vivienda?\"}]},{\"@type\":\"WebSite\",\"@id\":\"https:\\\/\\\/endhomelessness.org\\\/es\\\/#website\",\"url\":\"https:\\\/\\\/endhomelessness.org\\\/es\\\/\",\"name\":\"National Alliance to End Homelessness\",\"description\":\"Organizaci\u00f3n no partidista para prevenir y erradicar la falta de vivienda en EE.UU.\",\"publisher\":{\"@id\":\"https:\\\/\\\/endhomelessness.org\\\/es\\\/#organization\"},\"potentialAction\":[{\"@type\":\"SearchAction\",\"target\":{\"@type\":\"EntryPoint\",\"urlTemplate\":\"https:\\\/\\\/endhomelessness.org\\\/es\\\/?s={search_term_string}\"},\"query-input\":{\"@type\":\"PropertyValueSpecification\",\"valueRequired\":true,\"valueName\":\"search_term_string\"}}],\"inLanguage\":\"es\"},{\"@type\":\"Organization\",\"@id\":\"https:\\\/\\\/endhomelessness.org\\\/es\\\/#organization\",\"name\":\"Alianza Nacional para Erradicar la Falta de Vivienda\",\"url\":\"https:\\\/\\\/endhomelessness.org\\\/es\\\/\",\"logo\":{\"@type\":\"ImageObject\",\"inLanguage\":\"es\",\"@id\":\"https:\\\/\\\/endhomelessness.org\\\/es\\\/#\\\/schema\\\/logo\\\/image\\\/\",\"url\":\"https:\\\/\\\/endhomelessness.org\\\/wp-content\\\/uploads\\\/2024\\\/09\\\/logo-2.webp\",\"contentUrl\":\"https:\\\/\\\/endhomelessness.org\\\/wp-content\\\/uploads\\\/2024\\\/09\\\/logo-2.webp\",\"width\":687,\"height\":361,\"caption\":\"Alianza Nacional para Erradicar la Falta de Vivienda\"},\"image\":{\"@id\":\"https:\\\/\\\/endhomelessness.org\\\/es\\\/#\\\/schema\\\/logo\\\/image\\\/\"},\"sameAs\":[\"https:\\\/\\\/www.facebook.com\\\/naehomelessness\\\/\",\"https:\\\/\\\/www.youtube.com\\\/@EndingHomelessness\",\"https:\\\/\\\/www.linkedin.com\\\/company\\\/national-alliance-to-end-homelessness\\\/\",\"https:\\\/\\\/instagram.com\\\/naeh_endhomelessness\"]}]}<\/script>\n<!-- \/ Yoast SEO Premium plugin. -->","yoast_head_json":{"title":"\u00bfQu\u00e9 pueden (y no pueden) hacer los gobiernos locales para abordar la falta de vivienda? - Alianza Nacional para Erradicar la Falta de Vivienda","description":"The National Alliance to End Homelessness is a nonpartisan, nonprofit organization committed to preventing and ending homelessness in the United States.","robots":{"index":"index","follow":"follow","max-snippet":"max-snippet:-1","max-image-preview":"max-image-preview:large","max-video-preview":"max-video-preview:-1"},"canonical":"https:\/\/endhomelessness.org\/es\/blog\/que-pueden-y-no-pueden-hacer-los-gobiernos-locales-para-abordar-la-falta-de-vivienda\/","og_locale":"es_ES","og_type":"article","og_title":"\u00bfQu\u00e9 pueden (y no pueden) hacer los gobiernos locales para abordar la falta de vivienda?","og_description":"The National Alliance to End Homelessness is a nonpartisan, nonprofit organization committed to preventing and ending homelessness in the United States.","og_url":"https:\/\/endhomelessness.org\/es\/blog\/que-pueden-y-no-pueden-hacer-los-gobiernos-locales-para-abordar-la-falta-de-vivienda\/","og_site_name":"Alianza Nacional para Erradicar la Falta de Vivienda","article_publisher":"https:\/\/www.facebook.com\/naehomelessness\/","article_modified_time":"2025-04-04T19:55:33+00:00","og_image":[{"width":2048,"height":786,"url":"https:\/\/endhomelessness.org\/wp-content\/uploads\/2024\/10\/shutterstock_552864952-scaled-e1661866000812-2048x786-1-1.jpg","type":"image\/jpeg"}],"twitter_card":"summary_large_image","twitter_misc":{"Tiempo de lectura":"7 minutos"},"schema":{"@context":"https:\/\/schema.org","@graph":[{"@type":"WebPage","@id":"https:\/\/endhomelessness.org\/es\/blog\/que-pueden-y-no-pueden-hacer-los-gobiernos-locales-para-abordar-la-falta-de-vivienda\/","url":"https:\/\/endhomelessness.org\/es\/blog\/que-pueden-y-no-pueden-hacer-los-gobiernos-locales-para-abordar-la-falta-de-vivienda\/","name":"\u00bfQu\u00e9 pueden (y no pueden) hacer los gobiernos locales para abordar la falta de vivienda? - Alianza Nacional para Erradicar la Falta de Vivienda","isPartOf":{"@id":"https:\/\/endhomelessness.org\/es\/#website"},"primaryImageOfPage":{"@id":"https:\/\/endhomelessness.org\/es\/blog\/que-pueden-y-no-pueden-hacer-los-gobiernos-locales-para-abordar-la-falta-de-vivienda\/#primaryimage"},"image":{"@id":"https:\/\/endhomelessness.org\/es\/blog\/que-pueden-y-no-pueden-hacer-los-gobiernos-locales-para-abordar-la-falta-de-vivienda\/#primaryimage"},"thumbnailUrl":"https:\/\/endhomelessness.org\/wp-content\/uploads\/2024\/10\/shutterstock_552864952-scaled-e1661866000812-2048x786-1-1.jpg","datePublished":"2024-01-24T13:57:00+00:00","dateModified":"2025-04-04T19:55:33+00:00","description":"The National Alliance to End Homelessness is a nonpartisan, nonprofit organization committed to preventing and ending homelessness in the United States.","breadcrumb":{"@id":"https:\/\/endhomelessness.org\/es\/blog\/que-pueden-y-no-pueden-hacer-los-gobiernos-locales-para-abordar-la-falta-de-vivienda\/#breadcrumb"},"inLanguage":"es","potentialAction":[{"@type":"ReadAction","target":["https:\/\/endhomelessness.org\/es\/blog\/que-pueden-y-no-pueden-hacer-los-gobiernos-locales-para-abordar-la-falta-de-vivienda\/"]}]},{"@type":"ImageObject","inLanguage":"es","@id":"https:\/\/endhomelessness.org\/es\/blog\/que-pueden-y-no-pueden-hacer-los-gobiernos-locales-para-abordar-la-falta-de-vivienda\/#primaryimage","url":"https:\/\/endhomelessness.org\/wp-content\/uploads\/2024\/10\/shutterstock_552864952-scaled-e1661866000812-2048x786-1-1.jpg","contentUrl":"https:\/\/endhomelessness.org\/wp-content\/uploads\/2024\/10\/shutterstock_552864952-scaled-e1661866000812-2048x786-1-1.jpg","width":2048,"height":786,"caption":"Written by Alex Visotzky"},{"@type":"BreadcrumbList","@id":"https:\/\/endhomelessness.org\/es\/blog\/que-pueden-y-no-pueden-hacer-los-gobiernos-locales-para-abordar-la-falta-de-vivienda\/#breadcrumb","itemListElement":[{"@type":"ListItem","position":1,"name":"Inicio","item":"https:\/\/endhomelessness.org\/es\/home-page-2-2-2\/"},{"@type":"ListItem","position":2,"name":"\u00bfQu\u00e9 pueden (y no pueden) hacer los gobiernos locales para abordar la falta de vivienda?"}]},{"@type":"WebSite","@id":"https:\/\/endhomelessness.org\/es\/#website","url":"https:\/\/endhomelessness.org\/es\/","name":"National Alliance to End Homelessness","description":"Organizaci\u00f3n no partidista para prevenir y erradicar la falta de vivienda en EE.UU.","publisher":{"@id":"https:\/\/endhomelessness.org\/es\/#organization"},"potentialAction":[{"@type":"SearchAction","target":{"@type":"EntryPoint","urlTemplate":"https:\/\/endhomelessness.org\/es\/?s={search_term_string}"},"query-input":{"@type":"PropertyValueSpecification","valueRequired":true,"valueName":"search_term_string"}}],"inLanguage":"es"},{"@type":"Organization","@id":"https:\/\/endhomelessness.org\/es\/#organization","name":"Alianza Nacional para Erradicar la Falta de Vivienda","url":"https:\/\/endhomelessness.org\/es\/","logo":{"@type":"ImageObject","inLanguage":"es","@id":"https:\/\/endhomelessness.org\/es\/#\/schema\/logo\/image\/","url":"https:\/\/endhomelessness.org\/wp-content\/uploads\/2024\/09\/logo-2.webp","contentUrl":"https:\/\/endhomelessness.org\/wp-content\/uploads\/2024\/09\/logo-2.webp","width":687,"height":361,"caption":"Alianza Nacional para Erradicar la Falta de Vivienda"},"image":{"@id":"https:\/\/endhomelessness.org\/es\/#\/schema\/logo\/image\/"},"sameAs":["https:\/\/www.facebook.com\/naehomelessness\/","https:\/\/www.youtube.com\/@EndingHomelessness","https:\/\/www.linkedin.com\/company\/national-alliance-to-end-homelessness\/","https:\/\/instagram.com\/naeh_endhomelessness"]}]}},"_links":{"self":[{"href":"https:\/\/endhomelessness.org\/es\/wp-json\/wp\/v2\/blog\/18286","targetHints":{"allow":["GET"]}}],"collection":[{"href":"https:\/\/endhomelessness.org\/es\/wp-json\/wp\/v2\/blog"}],"about":[{"href":"https:\/\/endhomelessness.org\/es\/wp-json\/wp\/v2\/types\/blog"}],"author":[{"embeddable":true,"href":"https:\/\/endhomelessness.org\/es\/wp-json\/wp\/v2\/users\/17"}],"version-history":[{"count":0,"href":"https:\/\/endhomelessness.org\/es\/wp-json\/wp\/v2\/blog\/18286\/revisions"}],"wp:featuredmedia":[{"embeddable":true,"href":"https:\/\/endhomelessness.org\/es\/wp-json\/wp\/v2\/media\/6721"}],"wp:attachment":[{"href":"https:\/\/endhomelessness.org\/es\/wp-json\/wp\/v2\/media?parent=18286"}],"wp:term":[{"taxonomy":"blog-category","embeddable":true,"href":"https:\/\/endhomelessness.org\/es\/wp-json\/wp\/v2\/blog-category?post=18286"},{"taxonomy":"blog-audience","embeddable":true,"href":"https:\/\/endhomelessness.org\/es\/wp-json\/wp\/v2\/blog-audience?post=18286"},{"taxonomy":"blog-best-practice","embeddable":true,"href":"https:\/\/endhomelessness.org\/es\/wp-json\/wp\/v2\/blog-best-practice?post=18286"},{"taxonomy":"blog-key-issue","embeddable":true,"href":"https:\/\/endhomelessness.org\/es\/wp-json\/wp\/v2\/blog-key-issue?post=18286"}],"curies":[{"name":"wp","href":"https:\/\/api.w.org\/{rel}","templated":true}]}}