{"id":18295,"date":"2023-05-16T08:58:00","date_gmt":"2023-05-16T12:58:00","guid":{"rendered":"https:\/\/endhomelessness.org\/blog\/nuevos-enfoques-ofrecen-esperanza-para-resolver-la-falta-de-vivienda-en-adultos-mayores\/"},"modified":"2025-04-04T15:55:41","modified_gmt":"2025-04-04T19:55:41","slug":"nuevos-enfoques-ofrecen-esperanza-para-resolver-la-falta-de-vivienda-en-adultos-mayores","status":"publish","type":"blog","link":"https:\/\/endhomelessness.org\/es\/blog\/nuevos-enfoques-ofrecen-esperanza-para-resolver-la-falta-de-vivienda-en-adultos-mayores\/","title":{"rendered":"Nuevos enfoques ofrecen esperanza para resolver la falta de vivienda en adultos mayores"},"content":{"rendered":"\n<section class=\"e-stn e-stn-642edd2d478cb6d72ad11a3f94eb096b46aa8c61 e-stn--bi-banner e-stn--blog-inner-banner e-mt-0\"><div class=\"container\">\n<div class=\"wp-block-b3rg-row e-row row\">\n<div class=\"wp-block-b3rg-column e-col e-col-a1723a90dcabee317021282e0a59fa1add95d7a3 e-col--blog-inner-banner-content-wrpr  col-sm-12 col-lg-6\">\n<div class=\"e-div e-div-368784d6f024bd28fc93462eb0616dec8d069665 e-div--blog-inner-post-type-tag\"><span>BLOG<\/span>\n<\/div>\n\n\n<div class=\"e-mtf e-mtf--dlt  e-mtf--post-date\">Abr 26, 2026<\/div>\n\n<h1 class=\"wp-block-post-title\">Nuevos enfoques ofrecen esperanza para resolver la falta de vivienda en adultos mayores<\/h1>\n\n\n<div class=\"e-div e-div-976a3f7724ffcd71e737afe4e1bbffbbf3dd036f e-div--bi-read-time\"><div class=\"e-mtf e-mtf--dlt  e-mtf--author-with-link\"><a href=\"https:\/\/endhomelessness.org\/es\/author\/paul-downey\/\" class=\"post-author-url\">\n    <div class=\"post-author\">            <div class=\"post-author__content\">\n                <p class=\"post-author__name\">Paul Downey<\/p>\n            <\/div>\n        <\/div>\n    <\/a><\/div>\n\n\n<div class=\"e-div e-div-0162dd5adc5b84600d5bea230d8c418559af071d\"><div class=\"e-mtf e-mtf--dlt  e-mtf--post-reading-time\"><div class=\"post-reading-time\"><span class=\"reading-time__time\">5<\/span> <span class=\"post-reading-time__label postfix\">min<\/span><\/div><\/div><\/div>\n<\/div>\n<\/div>\n\n\n\n<div class=\"wp-block-b3rg-column e-col e-col-0c503a5984f4fbd04e91061f205fb824382fb9a6 e-col--blog-inner-banner-media-wrpr  col-sm-12 col-lg-6\"><figure class=\"wp-block-post-featured-image\"><img decoding=\"async\" src=\"https:\/\/endhomelessness.org\/wp-content\/uploads\/2024\/10\/shutterstock_173996309-scaled-e1684252132663-2048x711-1.jpg\" class=\"attachment-post-thumbnail size-post-thumbnail wp-post-image\" alt=\"Writtn by G\" style=\"object-fit:cover;\" srcset=\"https:\/\/endhomelessness.org\/wp-content\/uploads\/2024\/10\/shutterstock_173996309-scaled-e1684252132663-2048x711-1.jpg 2048w, https:\/\/endhomelessness.org\/wp-content\/uploads\/2024\/10\/shutterstock_173996309-scaled-e1684252132663-2048x711-1-300x104.jpg 300w, https:\/\/endhomelessness.org\/wp-content\/uploads\/2024\/10\/shutterstock_173996309-scaled-e1684252132663-2048x711-1-1024x356.jpg 1024w, https:\/\/endhomelessness.org\/wp-content\/uploads\/2024\/10\/shutterstock_173996309-scaled-e1684252132663-2048x711-1-768x267.jpg 768w, https:\/\/endhomelessness.org\/wp-content\/uploads\/2024\/10\/shutterstock_173996309-scaled-e1684252132663-2048x711-1-1536x533.jpg 1536w, https:\/\/endhomelessness.org\/wp-content\/uploads\/2024\/10\/shutterstock_173996309-scaled-e1684252132663-2048x711-1-575x200.jpg 575w\" sizes=\"(max-width: 2048px) 100vw, 2048px\" \/><\/figure><\/div>\n<\/div>\n<\/div><\/section>\n\n<section class=\"e-stn e-stn-ad75c7bf6c94c4c74b1ce488ab717de8fdff6ca2 e-stn--bi-content-with-media-section e-mt-0 e-pt-120  e-pt-sm-50 e-pb-60\"><div class=\"container\">\n<div class=\"wp-block-b3rg-row e-row row\">\n<div class=\"wp-block-b3rg-column e-col e-col-f1092f68b065a750a7ad99323cbd3499d1ad2b1c e-col--bi-content-with-media-section-content-wrapper e-col--blog-inner-contents  col-sm-12 col-lg-9\">\n<div class=\"e-div e-div-9ce29f63ba27703dc1c62e7641a10a0714efe0cc e-div--blog-inner-highlight-content\">\n<h5 class=\"wp-block-heading\">Paul Downey es el Director Ejecutivo de Serving Seniors, una organizaci\u00f3n sin \u00e1nimo de lucro con sede en San Diego que ofrece servicios de apoyo a adultos mayores de bajos ingresos y sin hogar.<\/h5>\n<\/div>\n\n\n\n<p>Los titulares contin\u00faan llegando sin cesar, dando la voz de alarma sobre la crisis de falta de vivienda en nuestra naci\u00f3n. Es dif\u00edcil no desalentarse al ver el creciente n\u00famero de personas sin hogar que viven en sus autom\u00f3viles, en parques o en nuestras calles. Parece que tan pronto como una peque\u00f1a pieza del rompecabezas se suma a la vivienda disponible, las personas que logran encontrar alojamiento son reemplazadas por un n\u00famero a\u00fan mayor de individuos que se encuentran recientemente sin vivienda.  <\/p>\n\n\n\n<p>En ciudades como San Diego, el problema est\u00e1 creciendo. Por cada diez personas en San Diego que logran alojarse con \u00e9xito, otras 13 se quedan sin hogar. Esto no es sostenible, y ciertamente no es humano.  <\/p>\n\n\n\n<h2 class=\"wp-block-heading\">Atendiendo a los adultos mayores en San Diego<\/h2>\n\n\n\n<p>En Serving Seniors, una organizaci\u00f3n sin \u00e1nimo de lucro con sede en San Diego que ofrece servicios de apoyo a adultos mayores de bajos ingresos y sin hogar, reconocemos la frustraci\u00f3n que se est\u00e1 acumulando entre residentes, propietarios de negocios y l\u00edderes c\u00edvicos que luchan por comprender el problema y desarrollar soluciones. Nosotros tambi\u00e9n lo sentimos. <\/p>\n\n\n\n<p>Cuando supimos a trav\u00e9s de nuestra <a href=\"https:\/\/endhomelessness.org\/wp-content\/uploads\/2024\/10\/ServingSeniors_NeedsAssessmentReport_09.2021_FINAL.pdf\" target=\"_blank\" rel=\"noreferrer noopener\">Evaluaci\u00f3n de Necesidades de Serving Seniors de 2021<\/a> que uno de cada cuatro adultos de nuestra regi\u00f3n que experimentan falta de vivienda tiene 55 a\u00f1os o m\u00e1s \u2014 y que se proyecta que el n\u00famero de adultos sin hogar mayores de 55 a\u00f1os se triplicar\u00e1 en la pr\u00f3xima d\u00e9cada \u2014 supimos que necesit\u00e1bamos redoblar nuestros esfuerzos para ir m\u00e1s all\u00e1 de proporcionar las necesidades inmediatas (como comidas, actividades sociales y gesti\u00f3n de casos personalizada).<\/p>\n\n\n\n<p>A largo plazo, la vivienda asequible es vital para lograr una soluci\u00f3n duradera a la falta de vivienda en adultos mayores. No fue una celebraci\u00f3n menor cuando nuestra Vivienda para Adultos Mayores de la Familia Harris en el vecindario de City Heights en el centro de San Diego celebr\u00f3 su inauguraci\u00f3n el 14 de noviembre de 2022, proporcionando 117 apartamentos para adultos mayores. Serving Seniors iniciar\u00e1 la construcci\u00f3n de la primera fase de un emocionante complejo de viviendas para adultos mayores de 174 unidades en el vecindario suburbano de Clairemont en San Diego este a\u00f1o. Tambi\u00e9n incluir\u00e1 un centro para adultos mayores para la comunidad.   <\/p>\n\n\n\n<p>S\u00ed, lleva tiempo guiar estos proyectos desde el inicio hasta su finalizaci\u00f3n. Pero hay razones para que aquellos de nosotros preocupados por este tema tengamos optimismo avanzando en el manejo de esta tragedia humana. <\/p>\n\n\n\n<h2 class=\"wp-block-heading\">Instando a la acci\u00f3n<\/h2>\n\n\n\n<p>Serving Seniors ha presionado a nuestros representantes electos y designados para que act\u00faen con un sentido de urgencia para desarrollar programas que aborden la falta de vivienda entre los adultos mayores. Est\u00e1n respondiendo con iniciativas que no requieren a\u00f1os de construcci\u00f3n o planificaci\u00f3n. <\/p>\n\n\n\n<p>Los principales impulsores de la falta de vivienda entre los adultos mayores son econ\u00f3micos e incluyen fuerzas como ingresos de jubilaci\u00f3n insuficientes, opciones de vivienda inasequibles, la incapacidad para continuar trabajando, o una sola crisis inesperada como la p\u00e9rdida del empleo o una enfermedad grave. Las personas de 50 a\u00f1os o m\u00e1s y los adultos con discapacidades que est\u00e1n experimentando falta de vivienda, o que est\u00e1n en riesgo de quedarse sin hogar debido a bajos ingresos (20 por ciento o menos del Ingreso Medio del \u00c1rea) o est\u00e1n pagando m\u00e1s del 50% de sus ingresos en alquiler y enfrentan condiciones identificadas que los hacen m\u00e1s vulnerables a la falta de vivienda. <\/p>\n\n\n\n<h2 class=\"wp-block-heading\">C\u00f3mo la focalizaci\u00f3n de fondos puede proporcionar ayuda inmediata<\/h2>\n\n\n\n<p>Apuntar directamente a estas fuerzas econ\u00f3micas puede proporcionar ayuda inmediata a las personas, permitiendo a los proveedores enfocar los recursos restantes en aquellos que necesitan asistencia m\u00e1s significativa.<\/p>\n\n\n\n<p>Dos nuevos programas piloto que abordan la prevenci\u00f3n de la falta de vivienda en adultos mayores est\u00e1n ahora en marcha en el Condado de San Diego y la Ciudad de San Diego. Ambos implementan un enfoque de \u00absubsidio de alquiler superficial\u00bb, utilizando peque\u00f1os estipendios mensuales para evitar desalojos en lugar de luchar por albergar a las personas despu\u00e9s del hecho. Este enfoque no solo puede proporcionar una soluci\u00f3n m\u00e1s humana, sino que tambi\u00e9n ahorra dinero. Comparando el costo de un subsidio mensual propuesto de $500 con los costos operativos de refugios de emergencia de entre $2,500 a $6,000 por persona mensualmente (dependiendo del tipo de servicios ofrecidos), la opci\u00f3n de subsidio de alquiler mensual propuesta ahorrar\u00eda miles de d\u00f3lares.   <\/p>\n\n\n\n<p>El Estado de California est\u00e1 actualmente persiguiendo un programa piloto similar a mayor escala. En marzo de 2023, la Senadora Estatal Anna Caballero (D-Merced) present\u00f3 el Proyecto de Ley del Senado (SB) 37, <a href=\"https:\/\/leginfo.legislature.ca.gov\/faces\/billNavClient.xhtml\" target=\"_blank\" rel=\"noreferrer noopener\">la Ley de Estabilidad de Vivienda para Adultos Mayores y Adultos con Discapacidades<\/a>, que tambi\u00e9n proporcionar\u00eda subsidios de alquiler superficiales para personas mayores y discapacitadas en riesgo. <\/p>\n\n\n\n<p>Al presentar la legislaci\u00f3n, la Senadora Caballero se\u00f1al\u00f3 la creciente necesidad de asistencia para esta poblaci\u00f3n, citando nuestra <a href=\"https:\/\/endhomelessness.org\/wp-content\/uploads\/2024\/10\/ServingSeniors_NeedsAssessmentReport_09.2021_FINAL.pdf\" target=\"_blank\" rel=\"noreferrer noopener\">Evaluaci\u00f3n de Necesidades de Servicio a Personas Mayores<\/a>. De 2017 a 2021, el n\u00famero de californianos de 55 a\u00f1os o m\u00e1s que buscaban servicios para personas sin hogar aument\u00f3 al doble de la tasa de la poblaci\u00f3n general. <\/p>\n\n\n\n<h2 class=\"wp-block-heading\">Impactos de la Legislaci\u00f3n Pendiente<\/h2>\n\n\n\n<p>La Ley de Estabilidad de Vivienda para Adultos Mayores y Adultos con Discapacidades (SB 37) har\u00eda lo siguiente:<\/p>\n\n\n\n<ul class=\"wp-block-list\">\n<li>Establecer un Fondo de Estabilizaci\u00f3n de Alquileres plurianual para proporcionar una combinaci\u00f3n de subsidios superficiales y profundos para ayudar a los adultos mayores y a las personas con discapacidades a pagar el alquiler a precio de mercado justo y hacer la transici\u00f3n a programas de asistencia de vivienda permanente, incluido el programa de Vales de Elecci\u00f3n de Vivienda (Secci\u00f3n 8).<\/li>\n\n\n\n<li>Alentar al Departamento de Vivienda y Desarrollo Comunitario de California a financiar y trabajar con una variedad de organizaciones comunitarias que proporcionan vivienda y servicios a adultos mayores y personas con discapacidades.<\/li>\n<\/ul>\n\n\n\n<p>Los subsidios de alquiler superficiales pueden apoyar los ingresos y ganar tiempo para encontrar alquileres adecuados para viviendas permanentes, ayudando a las personas a recuperar su equilibrio e independencia. Tambi\u00e9n es mucho m\u00e1s rentable y eficiente en la provisi\u00f3n de prevenci\u00f3n. A nivel pr\u00e1ctico, SB 37 deber\u00eda ser acogido por los contribuyentes que piden a sus representantes que ofrezcan soluciones al mayor n\u00famero de personas, y m\u00e1s pronto que tarde.  <\/p>\n\n\n\n<h2 class=\"wp-block-heading\">Replicando el \u00c9xito<\/h2>\n\n\n\n<p>Programas similares han demostrado ser exitosos en el <a href=\"https:\/\/kingcounty.gov\/legacy\/depts\/community-human-services\/COVID\/eviction-prevention-rent-assistance.asp\" target=\"_blank\" rel=\"noreferrer noopener\">Condado de King, Washington<\/a>; <a href=\"https:\/\/cis.salvationarmy.org\/cis\/supportive-housing\" target=\"_blank\" rel=\"noreferrer noopener\">Oakland, California<\/a>; el Departamento de Asuntos de Veteranos (VA), y el <a href=\"https:\/\/cis.salvationarmy.org\/cis\/supportive-housing\" target=\"_blank\" rel=\"noreferrer noopener\">Ej\u00e9rcito de Salvaci\u00f3n<\/a>, que ha priorizado el 20 por ciento de su financiamiento para adultos de 55 a\u00f1os o m\u00e1s.<\/p>\n\n\n\n<p>Sabemos que debemos seguir presionando fuertemente para lograr aumentos significativos en viviendas asequibles, pero las personas necesitan ayuda ahora. Tenemos una oportunidad dorada para abordar varios problemas f\u00e1cilmente prevenibles mediante el aprovechamiento dirigido de los recursos existentes. <\/p>\n\n\n\n<p>Escribir cartas al editor sobre la necesidad de m\u00e1s viviendas asequibles \u2013 y luego oponerse a proyectos en nuestro propio vecindario \u2013 simplemente no es suficiente. Los estadounidenses somos mejores que esto. <\/p>\n<\/div>\n\n\n\n<div class=\"wp-block-b3rg-column e-col e-col-07ab2b4105c7c9441fb36c05bc0c1bc8023c6e2c e-col--bi-right-side e-col--blog-inner-related-posts  col-sm-12 col-lg-3\">\n<div class=\"e-div e-div-59078f910ce4d15d28fcab7c9003952a96233d13 e-div--js-bi-sticky-left\">\n<div class=\"e-div e-div-6ff6ea2961c0f998010e1194547bb1cb17285b20 e-div--bi-social-icons\">\n<div class=\"e-div e-div-8fd4c05a3f9dd204e3dd79e614332da9f57f6b56 e-div--social-share-tooltip\"><div class=\"heateor_sss_sharing_container heateor_sss_horizontal_sharing\" data-heateor-ss-offset=\"0\" data-heateor-sss-href='https:\/\/endhomelessness.org\/es\/blog\/nuevos-enfoques-ofrecen-esperanza-para-resolver-la-falta-de-vivienda-en-adultos-mayores\/'><div class=\"heateor_sss_sharing_ul\"><a aria-label=\"Copy Link\" class=\"heateor_sss_button_copy_link\" title=\"Copy Link\" rel=\"noopener\" href=\"https:\/\/endhomelessness.org\/es\/blog\/nuevos-enfoques-ofrecen-esperanza-para-resolver-la-falta-de-vivienda-en-adultos-mayores\/\" onclick=\"event.preventDefault()\" style=\"font-size:32px!important;box-shadow:none;display:inline-block;vertical-align:middle\"><span class=\"heateor_sss_svg heateor_sss_s__default heateor_sss_s_copy_link\" style=\"background-color:#ffc112;width:35px;height:35px;border-radius:999px;display:inline-block;opacity:1;float:left;font-size:32px;box-shadow:none;display:inline-block;font-size:16px;padding:0 4px;vertical-align:middle;background-repeat:repeat;overflow:hidden;padding:0;cursor:pointer;box-sizing:content-box\"><svg style=\"display:block;border-radius:999px;\" focusable=\"false\" aria-hidden=\"true\" xmlns=\"http:\/\/www.w3.org\/2000\/svg\" width=\"100%\" height=\"100%\" viewBox=\"-4 -4 40 40\"><path fill=\"#fff\" d=\"M24.412 21.177c0-.36-.126-.665-.377-.917l-2.804-2.804a1.235 1.235 0 0 0-.913-.378c-.377 0-.7.144-.97.43.026.028.11.11.255.25.144.14.24.236.29.29s.117.14.2.256c.087.117.146.232.177.344.03.112.046.236.046.37 0 .36-.126.666-.377.918a1.25 1.25 0 0 1-.918.377 1.4 1.4 0 0 1-.373-.047 1.062 1.062 0 0 1-.345-.175 2.268 2.268 0 0 1-.256-.2 6.815 6.815 0 0 1-.29-.29c-.14-.142-.223-.23-.25-.254-.297.28-.445.607-.445.984 0 .36.126.664.377.916l2.778 2.79c.243.243.548.364.917.364.36 0 .665-.118.917-.35l1.982-1.97c.252-.25.378-.55.378-.9zm-9.477-9.504c0-.36-.126-.665-.377-.917l-2.777-2.79a1.235 1.235 0 0 0-.913-.378c-.35 0-.656.12-.917.364L7.967 9.92c-.254.252-.38.553-.38.903 0 .36.126.665.38.917l2.802 2.804c.242.243.547.364.916.364.377 0 .7-.14.97-.418-.026-.027-.11-.11-.255-.25s-.24-.235-.29-.29a2.675 2.675 0 0 1-.2-.255 1.052 1.052 0 0 1-.176-.344 1.396 1.396 0 0 1-.047-.37c0-.36.126-.662.377-.914.252-.252.557-.377.917-.377.136 0 .26.015.37.046.114.03.23.09.346.175.117.085.202.153.256.2.054.05.15.148.29.29.14.146.222.23.25.258.294-.278.442-.606.442-.983zM27 21.177c0 1.078-.382 1.99-1.146 2.736l-1.982 1.968c-.745.75-1.658 1.12-2.736 1.12-1.087 0-2.004-.38-2.75-1.143l-2.777-2.79c-.75-.747-1.12-1.66-1.12-2.737 0-1.106.392-2.046 1.183-2.818l-1.186-1.185c-.774.79-1.708 1.186-2.805 1.186-1.078 0-1.995-.376-2.75-1.13l-2.803-2.81C5.377 12.82 5 11.903 5 10.826c0-1.08.382-1.993 1.146-2.738L8.128 6.12C8.873 5.372 9.785 5 10.864 5c1.087 0 2.004.382 2.75 1.146l2.777 2.79c.75.747 1.12 1.66 1.12 2.737 0 1.105-.392 2.045-1.183 2.817l1.186 1.186c.774-.79 1.708-1.186 2.805-1.186 1.078 0 1.995.377 2.75 1.132l2.804 2.804c.754.755 1.13 1.672 1.13 2.75z\"\/><\/svg><\/span><\/a><a aria-label=\"Facebook\" class=\"heateor_sss_facebook\" href=\"https:\/\/www.facebook.com\/sharer\/sharer.php?u=https%3A%2F%2Fendhomelessness.org%2Fes%2Fblog%2Fnuevos-enfoques-ofrecen-esperanza-para-resolver-la-falta-de-vivienda-en-adultos-mayores%2F\" title=\"Facebook\" rel=\"nofollow noopener\" target=\"_blank\" style=\"font-size:32px!important;box-shadow:none;display:inline-block;vertical-align:middle\"><span class=\"heateor_sss_svg\" style=\"background-color:#0765FE;width:35px;height:35px;border-radius:999px;display:inline-block;opacity:1;float:left;font-size:32px;box-shadow:none;display:inline-block;font-size:16px;padding:0 4px;vertical-align:middle;background-repeat:repeat;overflow:hidden;padding:0;cursor:pointer;box-sizing:content-box\"><svg style=\"display:block;border-radius:999px;\" focusable=\"false\" aria-hidden=\"true\" xmlns=\"http:\/\/www.w3.org\/2000\/svg\" width=\"100%\" height=\"100%\" viewBox=\"0 0 32 32\"><path fill=\"#fff\" d=\"M28 16c0-6.627-5.373-12-12-12S4 9.373 4 16c0 5.628 3.875 10.35 9.101 11.647v-7.98h-2.474V16H13.1v-1.58c0-4.085 1.849-5.978 5.859-5.978.76 0 2.072.15 2.608.298v3.325c-.283-.03-.775-.045-1.386-.045-1.967 0-2.728.745-2.728 2.683V16h3.92l-.673 3.667h-3.247v8.245C23.395 27.195 28 22.135 28 16Z\"><\/path><\/svg><\/span><\/a><a aria-label=\"Linkedin\" class=\"heateor_sss_button_linkedin\" href=\"https:\/\/www.linkedin.com\/sharing\/share-offsite\/?url=https%3A%2F%2Fendhomelessness.org%2Fes%2Fblog%2Fnuevos-enfoques-ofrecen-esperanza-para-resolver-la-falta-de-vivienda-en-adultos-mayores%2F\" title=\"Linkedin\" rel=\"nofollow noopener\" target=\"_blank\" style=\"font-size:32px!important;box-shadow:none;display:inline-block;vertical-align:middle\"><span class=\"heateor_sss_svg heateor_sss_s__default heateor_sss_s_linkedin\" style=\"background-color:#0077b5;width:35px;height:35px;border-radius:999px;display:inline-block;opacity:1;float:left;font-size:32px;box-shadow:none;display:inline-block;font-size:16px;padding:0 4px;vertical-align:middle;background-repeat:repeat;overflow:hidden;padding:0;cursor:pointer;box-sizing:content-box\"><svg style=\"display:block;border-radius:999px;\" focusable=\"false\" aria-hidden=\"true\" xmlns=\"http:\/\/www.w3.org\/2000\/svg\" width=\"100%\" height=\"100%\" viewBox=\"0 0 32 32\"><path d=\"M6.227 12.61h4.19v13.48h-4.19V12.61zm2.095-6.7a2.43 2.43 0 0 1 0 4.86c-1.344 0-2.428-1.09-2.428-2.43s1.084-2.43 2.428-2.43m4.72 6.7h4.02v1.84h.058c.56-1.058 1.927-2.176 3.965-2.176 4.238 0 5.02 2.792 5.02 6.42v7.395h-4.183v-6.56c0-1.564-.03-3.574-2.178-3.574-2.18 0-2.514 1.7-2.514 3.46v6.668h-4.187V12.61z\" fill=\"#fff\"><\/path><\/svg><\/span><\/a><a aria-label=\"X\" class=\"heateor_sss_button_x\" href=\"https:\/\/twitter.com\/intent\/tweet?text=Nuevos%20enfoques%20ofrecen%20esperanza%20para%20resolver%20la%20falta%20de%20vivienda%20en%20adultos%20mayores&url=https%3A%2F%2Fendhomelessness.org%2Fes%2Fblog%2Fnuevos-enfoques-ofrecen-esperanza-para-resolver-la-falta-de-vivienda-en-adultos-mayores%2F\" title=\"X\" rel=\"nofollow noopener\" target=\"_blank\" style=\"font-size:32px!important;box-shadow:none;display:inline-block;vertical-align:middle\"><span class=\"heateor_sss_svg heateor_sss_s__default heateor_sss_s_x\" style=\"background-color:#2a2a2a;width:35px;height:35px;border-radius:999px;display:inline-block;opacity:1;float:left;font-size:32px;box-shadow:none;display:inline-block;font-size:16px;padding:0 4px;vertical-align:middle;background-repeat:repeat;overflow:hidden;padding:0;cursor:pointer;box-sizing:content-box\"><svg width=\"100%\" height=\"100%\" style=\"display:block;border-radius:999px;\" focusable=\"false\" aria-hidden=\"true\" xmlns=\"http:\/\/www.w3.org\/2000\/svg\" viewBox=\"0 0 32 32\"><path fill=\"#fff\" d=\"M21.751 7h3.067l-6.7 7.658L26 25.078h-6.172l-4.833-6.32-5.531 6.32h-3.07l7.167-8.19L6 7h6.328l4.37 5.777L21.75 7Zm-1.076 16.242h1.7L11.404 8.74H9.58l11.094 14.503Z\"><\/path><\/svg><\/span><\/a><\/div><div class=\"heateorSssClear\"><\/div><\/div>\n<\/div>\n<\/div>\n\n\n\n<div class=\"e-div e-div-1a5a32aa7dcbe57c6b9a8a8c9a37785edf82434d e-div--bi-topics\">\n<h2 class=\"wp-block-heading has-rich-black-color has-text-color has-link-color wp-elements-be6bdbd00a494032c0ae3c9d7a69a331\">Etiquetas<\/h2>\n\n\n<div class=\"e-mtf e-mtf--dlt e-mtf--taxonomy e-mtf--taxonomy-blog-tags\"><\/div><\/div>\n\n\n\n<div class=\"e-div e-div-275b8ff6f2bffd3e4cc054055156f9110887442d e-div--bi-related-post\"><style><\/style>\n<h2 class=\"wp-block-heading has-rich-black-color has-text-color has-link-color wp-elements-e435b81f6878ebba01997b7c42400d88\">Publicaciones relacionadas<\/h2>\n\n\n\n<div class=\"e-div e-div-0162dd5adc5b84600d5bea230d8c418559af071d\">\n<\/div>\n<\/div>\n<\/div>\n<\/div>\n<\/div>\n<\/div><\/section>\n\n<section class=\"e-stn e-stn-af33064b18769c0dcbd144d5242c41c8ff25e8a2 e-stn--related-post e-mt-60  e-mt-sm-0\"><style>@media only screen and (max-width: 9999px) {\n\t\t\t\t\t\t\t\t\t.e-stn.e-stn-af33064b18769c0dcbd144d5242c41c8ff25e8a2 { \n\t\t\t\t\t\t\t\t\t\tbackground-color: #F3F8FC; \n\t\t\t\t\t\t\t\t\t}\n\t\t\t\t\t\t\t\t}<\/style><div class=\"container\">\n<div class=\"wp-block-b3rg-row e-row row e-row--title-with-description\">\n<div class=\"wp-block-b3rg-column e-col e-col-3fd29a26ff70780ecd7ff03db8f4638045c8c9d8  col-sm-12\">\n<h2 class=\"wp-block-heading has-text-align-center\">Tambi\u00e9n le podr\u00eda interesar<\/h2>\n<\/div>\n<\/div>\n\n\n\n<div class=\"wp-block-b3rg-row e-row row\">\n<div class=\"wp-block-b3rg-column e-col e-col-3fd29a26ff70780ecd7ff03db8f4638045c8c9d8  col-sm-12\"><div class=\"e-rlp e-rlp--dlt\" > <div class=\"e-sgp taxonomy-opcional taxonomy-legisladores-y-defensores taxonomy-poblaciones-bipoc taxonomy-equidad taxonomy-vales-de-vivienda e-sgp--dlt  wrapper-link\" > <a class=\"b3rg-post__trigger\" href='https:\/\/endhomelessness.org\/es\/blog\/vivienda-justa-y-su-importancia-para-erradicar-la-situacion-de-calle\/' target='_self'><div class=\"e-sgp__inner\">\n<div class=\"e-div e-div-39c9483d5c365ef0cd3af0137228c52c9e3c2277 e-sgp__media\"><figure class=\"wp-block-post-featured-image\"><img decoding=\"async\" src=\"https:\/\/endhomelessness.org\/wp-content\/uploads\/2024\/10\/solutions-1200.jpg\" class=\"attachment-post-thumbnail size-post-thumbnail wp-post-image\" alt=\"Written by Guest Author\" style=\"object-fit:cover;\" srcset=\"https:\/\/endhomelessness.org\/wp-content\/uploads\/2024\/10\/solutions-1200.jpg 1200w, https:\/\/endhomelessness.org\/wp-content\/uploads\/2024\/10\/solutions-1200-300x158.jpg 300w, https:\/\/endhomelessness.org\/wp-content\/uploads\/2024\/10\/solutions-1200-1024x538.jpg 1024w, https:\/\/endhomelessness.org\/wp-content\/uploads\/2024\/10\/solutions-1200-768x403.jpg 768w, https:\/\/endhomelessness.org\/wp-content\/uploads\/2024\/10\/solutions-1200-575x302.jpg 575w\" sizes=\"(max-width: 1200px) 100vw, 1200px\" \/><\/figure><\/div>\n\n<div class=\"e-div e-div-9345c3010e68f662cc8801eb2da3df07e835db1c e-sgp__content\">\n<div class=\"e-div e-div-0162dd5adc5b84600d5bea230d8c418559af071d\"><div class=\"wp-block-post-date\"><time datetime=\"2024-04-29T09:00:00-04:00\">29 de abril de 2024<\/time><\/div>\n\n\n<div class=\"e-div e-div-0162dd5adc5b84600d5bea230d8c418559af071d\"><div class=\"e-mtf e-mtf--dlt  e-mtf--post-reading-time\"><div class=\"post-reading-time\"><span class=\"reading-time__time\">7<\/span> <span class=\"post-reading-time__label postfix\">min<\/span><\/div><\/div><\/div>\n<\/div>\n\n\n<div class=\"e-mtf e-mtf--dlt  e-mtf--author-details\"><div class=\"post-author\"><div class=\"post-author__avatar\"><img decoding=\"async\" src=\"https:\/\/secure.gravatar.com\/avatar\/aceb9844c35ca92624147283dcbf34f95cb4e779039f57284e9de083a45cfc8c?s=96&#038;d=mm&#038;r=g\" alt=\"\"\/><\/div>                        <div class=\"post-author__content\">\n                            <p class=\"post-author__name\">Guest Author<\/p>\n                        <\/div><\/div><\/div>\n\n<h2 class=\"wp-block-post-title\">Vivienda justa y su importancia para erradicar la situaci\u00f3n de calle<\/h2>\n\n<div class=\"wp-block-post-excerpt\"><p class=\"wp-block-post-excerpt__excerpt\">La Ley de Vivienda Justa es la principal legislaci\u00f3n de vivienda justa de nuestra naci\u00f3n. El 11 de abril de 1968, .. <\/p><\/div>\n\n<div class=\"e-mtf e-mtf--dlt e-mtf--taxonomy e-mtf--taxonomy-blog-tags\"><\/div>\n\n<div class=\"e-mtf e-mtf--dlt  e-mtf--learn-more-label\"><span class=\"btn\"><\/span><\/div><\/div>\n<\/div><\/a><\/div><\/div><\/div>\n<\/div>\n<\/div><\/section>\n\n<section class=\"e-stn e-stn-fecd9f248d71f1b43eea1791ae2aa16e613ea50d e-stn--subscription-form\"><div class=\"container\">\n<div class=\"wp-block-b3rg-row e-row row\">\n<div class=\"wp-block-b3rg-column e-col e-col-5e53f80929c6668a38540fba03c97241dc5f6888 e-col--left  col-sm-12 col-lg-6\">\n<h2 class=\"wp-block-heading has-pure-white-color has-text-color has-link-color wp-elements-cec0e497456012f6e859233bfca8aaa4\"><strong>Mant\u00e9ngase informado: Soluciones, historias y formas de generar impacto<\/strong><\/h2>\n\n\n\n<p>Reg\u00edstrese para recibir actualizaciones sobre el trabajo de la Alianza, incluyendo las \u00faltimas investigaciones, esfuerzos de promoci\u00f3n e historias reales de progreso \u2014 adem\u00e1s de formas en las que puede ayudar a impulsar un cambio duradero.<\/p>\n<\/div>\n\n\n\n<div class=\"wp-block-b3rg-column e-col e-col-117d0cb7e6b4934330c33fb3a4c7ee0ab7e9abd4 e-col--right e-col--email-cta-form-wrpr  col-sm-12 col-lg-6\">\n<div id=\"mc_embed_shell\">\n      <link href=\"\/\/cdn-images.mailchimp.com\/embedcode\/classic-061523.css\" rel=\"stylesheet\" type=\"text\/css\"\/>\n  <style type=\"text\/css\">\n        #mc_embed_signup{background:#fff; false;clear:left; font:14px Helvetica,Arial,sans-serif; width: 600px;}\n        \/* Add your own Mailchimp form style overrides in your site stylesheet or in this style block.\n           We recommend moving this block and the preceding CSS link to the HEAD of your HTML file. *\/\n<\/style>\n<div id=\"mc_embed_signup\">\n    <form action=\"https:\/\/endhomelessness.us9.list-manage.com\/subscribe\/post?u=466b34a51377a9504fb2ebd8f&#038;id=1cf64328bb&#038;f_id=00f7f2e0f0\" method=\"post\" id=\"mc-embedded-subscribe-form\" name=\"mc-embedded-subscribe-form\" class=\"validate\" target=\"_blank\">\n        <div id=\"mc_embed_signup_scroll\">\n            <div class=\"indicates-required\"><span class=\"asterisk\">*<\/span> indica campo obligatorio<\/div>\n            <div class=\"mc-field-group\"><label for=\"mce-EMAIL\">Direcci\u00f3n de correo electr\u00f3nico <span class=\"asterisk\">*<\/span><\/label><input type=\"email\" name=\"EMAIL\" class=\"required email\" id=\"mce-EMAIL\" required=\"\" value=\"\"\/><\/div><div class=\"mc-field-group input-group\"><strong>\u00bfC\u00f3mo deber\u00edamos comunicarnos con usted? <\/strong><ul><li><input type=\"checkbox\" name=\"group[17873][1]\" id=\"mce-group[17873]-17873-0\" value=\"\"\/><label for=\"mce-group[17873]-17873-0\">Deseo recibir semanalmente herramientas, recursos y noticias sobre la falta de vivienda<\/label><\/li><li><input type=\"checkbox\" name=\"group[17873][2]\" id=\"mce-group[17873]-17873-1\" value=\"\"\/><label for=\"mce-group[17873]-17873-1\">Deseo recibir noticias generales y actualizaciones sobre el trabajo de la Alianza<\/label><\/li><\/ul><\/div><div class=\"mc-field-group\"><label for=\"mce-FNAME\">Nombre <\/label><input type=\"text\" name=\"FNAME\" class=\" text\" id=\"mce-FNAME\" value=\"\"\/><\/div><div class=\"mc-field-group\"><label for=\"mce-LNAME\">Apellido <\/label><input type=\"text\" name=\"LNAME\" class=\" text\" id=\"mce-LNAME\" value=\"\"\/><\/div>\n<div hidden=\"\"><input type=\"hidden\" name=\"tags\" value=\"12777910\"\/><\/div>\n        <div id=\"mce-responses\" class=\"clear\">\n            <div class=\"response\" id=\"mce-error-response\" style=\"display: none;\"><\/div>\n            <div class=\"response\" id=\"mce-success-response\" style=\"display: none;\"><\/div>\n        <\/div><div aria-hidden=\"true\" style=\"position: absolute; left: -5000px;\"><input type=\"text\" name=\"b_466b34a51377a9504fb2ebd8f_1cf64328bb\" tabindex=\"-1\" value=\"\"\/><\/div><div class=\"clear\"><input type=\"submit\" name=\"subscribe\" id=\"mc-embedded-subscribe\" class=\"button\" value=\"Suscribirse\"\/><\/div>\n    <\/div>\n<\/form>\n<\/div>\n<script type=\"text\/javascript\" src=\"\/\/s3.amazonaws.com\/downloads.mailchimp.com\/js\/mc-validate.js\"><\/script><script type=\"text\/javascript\">(function($) {window.fnames = new Array(); window.ftypes = new Array();fnames[0]='EMAIL';ftypes[0]='email';fnames[1]='FNAME';ftypes[1]='text';fnames[2]='LNAME';ftypes[2]='text';fnames[12]='MMERGE12';ftypes[12]='zip';fnames[4]='MMERGE4';ftypes[4]='text';fnames[7]='CITY';ftypes[7]='text';fnames[8]='STATE';ftypes[8]='text';fnames[11]='MMERGE11';ftypes[11]='text';fnames[13]='MMERGE13';ftypes[13]='text';fnames[3]='MMERGE3';ftypes[3]='text';fnames[5]='MMERGE5';ftypes[5]='text';}(jQuery));var $mcj = jQuery.noConflict(true);<\/script><\/div>\n<\/div>\n<\/div>\n<\/div><\/section>\n","protected":false},"excerpt":{"rendered":"<p>Paul Downey es el Director Ejecutivo de Serving Seniors, una organizaci\u00f3n sin \u00e1nimo de lucro con sede en San Diego que ofrece servicios de apoyo a adultos mayores de bajos ingresos y sin hogar.<\/p>\n","protected":false},"author":48,"featured_media":6703,"template":"","meta":{"_acf_changed":false,"show_custom_date":false,"custom_date":"","featured":false,"featured_image":0,"learn_more_label":"","image_alt_text":"","learn_more_type":"","show_popup":false,"learn_more_link_file":0,"event_date":false,"event_start_date":"","event_end_date":"","place_holder_image_url":"","post_reading_time":"5","notification_enabled":false,"notification_text":"","notification_logo":"","notification_expiration_time":0,"is_enable_transparent_header":false,"hide_from_list_view":false,"selected_taxonomy_terms":{"blog-category":[483],"blog-audience":[458,468],"blog-best-practice":[482],"blog-key-issue":[462],"translation_priority":[]},"selected_primary_terms":[],"learn_more_link":[],"featured_page_list":[],"notification_enabled_post_list":[],"_relevanssi_hide_post":"","_relevanssi_hide_content":"","_relevanssi_pin_for_all":"","_relevanssi_pin_keywords":"","_relevanssi_unpin_keywords":"","_relevanssi_related_keywords":"","_relevanssi_related_include_ids":"","_relevanssi_related_exclude_ids":"","_relevanssi_related_no_append":"","_relevanssi_related_not_related":"","_relevanssi_related_posts":"18482,18460,18859","_relevanssi_noindex_reason":"","inline_featured_image":false,"news_publication":"","footnotes":""},"blog-category":[483],"blog-audience":[458,468],"blog-best-practice":[482],"blog-key-issue":[462],"class_list":["post-18295","blog","type-blog","status-publish","has-post-thumbnail","hentry","blog-category-adultos-mayores","blog-audience-legisladores-y-defensores","blog-audience-directores-y-gerentes-de-programas","blog-best-practice-prevencion-y-desvio","blog-key-issue-vivienda-asequible"],"acf":[],"yoast_head":"<!-- This site is optimized with the Yoast SEO Premium plugin v24.7 (Yoast SEO v27.4) - https:\/\/yoast.com\/product\/yoast-seo-premium-wordpress\/ -->\n<title>Nuevos enfoques ofrecen esperanza para resolver la falta de vivienda en adultos mayores - Alianza Nacional para Erradicar la Falta de Vivienda<\/title>\n<meta name=\"description\" content=\"The National Alliance to End Homelessness is a nonpartisan, nonprofit organization committed to preventing and ending homelessness in the United States.\" \/>\n<meta name=\"robots\" content=\"index, follow, max-snippet:-1, max-image-preview:large, max-video-preview:-1\" \/>\n<link rel=\"canonical\" href=\"https:\/\/endhomelessness.org\/es\/blog\/nuevos-enfoques-ofrecen-esperanza-para-resolver-la-falta-de-vivienda-en-adultos-mayores\/\" \/>\n<meta property=\"og:locale\" content=\"es_ES\" \/>\n<meta property=\"og:type\" content=\"article\" \/>\n<meta property=\"og:title\" content=\"Nuevos enfoques ofrecen esperanza para resolver la falta de vivienda en adultos mayores\" \/>\n<meta property=\"og:description\" content=\"The National Alliance to End Homelessness is a nonpartisan, nonprofit organization committed to preventing and ending homelessness in the United States.\" \/>\n<meta property=\"og:url\" content=\"https:\/\/endhomelessness.org\/es\/blog\/nuevos-enfoques-ofrecen-esperanza-para-resolver-la-falta-de-vivienda-en-adultos-mayores\/\" \/>\n<meta property=\"og:site_name\" content=\"Alianza Nacional para Erradicar la Falta de Vivienda\" \/>\n<meta property=\"article:publisher\" content=\"https:\/\/www.facebook.com\/naehomelessness\/\" \/>\n<meta property=\"article:modified_time\" content=\"2025-04-04T19:55:41+00:00\" \/>\n<meta property=\"og:image\" content=\"https:\/\/endhomelessness.org\/wp-content\/uploads\/2024\/10\/shutterstock_173996309-scaled-e1684252132663-2048x711-1.jpg\" \/>\n\t<meta property=\"og:image:width\" content=\"2048\" \/>\n\t<meta property=\"og:image:height\" content=\"711\" \/>\n\t<meta property=\"og:image:type\" content=\"image\/jpeg\" \/>\n<meta name=\"twitter:card\" content=\"summary_large_image\" \/>\n<meta name=\"twitter:label1\" content=\"Tiempo de lectura\" \/>\n\t<meta name=\"twitter:data1\" content=\"6 minutos\" \/>\n<script type=\"application\/ld+json\" class=\"yoast-schema-graph\">{\"@context\":\"https:\\\/\\\/schema.org\",\"@graph\":[{\"@type\":\"WebPage\",\"@id\":\"https:\\\/\\\/endhomelessness.org\\\/es\\\/blog\\\/nuevos-enfoques-ofrecen-esperanza-para-resolver-la-falta-de-vivienda-en-adultos-mayores\\\/\",\"url\":\"https:\\\/\\\/endhomelessness.org\\\/es\\\/blog\\\/nuevos-enfoques-ofrecen-esperanza-para-resolver-la-falta-de-vivienda-en-adultos-mayores\\\/\",\"name\":\"Nuevos enfoques ofrecen esperanza para resolver la falta de vivienda en adultos mayores - Alianza Nacional para Erradicar la Falta de Vivienda\",\"isPartOf\":{\"@id\":\"https:\\\/\\\/endhomelessness.org\\\/es\\\/#website\"},\"primaryImageOfPage\":{\"@id\":\"https:\\\/\\\/endhomelessness.org\\\/es\\\/blog\\\/nuevos-enfoques-ofrecen-esperanza-para-resolver-la-falta-de-vivienda-en-adultos-mayores\\\/#primaryimage\"},\"image\":{\"@id\":\"https:\\\/\\\/endhomelessness.org\\\/es\\\/blog\\\/nuevos-enfoques-ofrecen-esperanza-para-resolver-la-falta-de-vivienda-en-adultos-mayores\\\/#primaryimage\"},\"thumbnailUrl\":\"https:\\\/\\\/endhomelessness.org\\\/wp-content\\\/uploads\\\/2024\\\/10\\\/shutterstock_173996309-scaled-e1684252132663-2048x711-1.jpg\",\"datePublished\":\"2023-05-16T12:58:00+00:00\",\"dateModified\":\"2025-04-04T19:55:41+00:00\",\"description\":\"The National Alliance to End Homelessness is a nonpartisan, nonprofit organization committed to preventing and ending homelessness in the United States.\",\"breadcrumb\":{\"@id\":\"https:\\\/\\\/endhomelessness.org\\\/es\\\/blog\\\/nuevos-enfoques-ofrecen-esperanza-para-resolver-la-falta-de-vivienda-en-adultos-mayores\\\/#breadcrumb\"},\"inLanguage\":\"es\",\"potentialAction\":[{\"@type\":\"ReadAction\",\"target\":[\"https:\\\/\\\/endhomelessness.org\\\/es\\\/blog\\\/nuevos-enfoques-ofrecen-esperanza-para-resolver-la-falta-de-vivienda-en-adultos-mayores\\\/\"]}]},{\"@type\":\"ImageObject\",\"inLanguage\":\"es\",\"@id\":\"https:\\\/\\\/endhomelessness.org\\\/es\\\/blog\\\/nuevos-enfoques-ofrecen-esperanza-para-resolver-la-falta-de-vivienda-en-adultos-mayores\\\/#primaryimage\",\"url\":\"https:\\\/\\\/endhomelessness.org\\\/wp-content\\\/uploads\\\/2024\\\/10\\\/shutterstock_173996309-scaled-e1684252132663-2048x711-1.jpg\",\"contentUrl\":\"https:\\\/\\\/endhomelessness.org\\\/wp-content\\\/uploads\\\/2024\\\/10\\\/shutterstock_173996309-scaled-e1684252132663-2048x711-1.jpg\",\"width\":2048,\"height\":711,\"caption\":\"Writtn by G\"},{\"@type\":\"BreadcrumbList\",\"@id\":\"https:\\\/\\\/endhomelessness.org\\\/es\\\/blog\\\/nuevos-enfoques-ofrecen-esperanza-para-resolver-la-falta-de-vivienda-en-adultos-mayores\\\/#breadcrumb\",\"itemListElement\":[{\"@type\":\"ListItem\",\"position\":1,\"name\":\"Inicio\",\"item\":\"https:\\\/\\\/endhomelessness.org\\\/es\\\/home-page-2-2-2\\\/\"},{\"@type\":\"ListItem\",\"position\":2,\"name\":\"Nuevos enfoques ofrecen esperanza para resolver la falta de vivienda en adultos mayores\"}]},{\"@type\":\"WebSite\",\"@id\":\"https:\\\/\\\/endhomelessness.org\\\/es\\\/#website\",\"url\":\"https:\\\/\\\/endhomelessness.org\\\/es\\\/\",\"name\":\"National Alliance to End Homelessness\",\"description\":\"Organizaci\u00f3n no partidista para prevenir y erradicar la falta de vivienda en EE.UU.\",\"publisher\":{\"@id\":\"https:\\\/\\\/endhomelessness.org\\\/es\\\/#organization\"},\"potentialAction\":[{\"@type\":\"SearchAction\",\"target\":{\"@type\":\"EntryPoint\",\"urlTemplate\":\"https:\\\/\\\/endhomelessness.org\\\/es\\\/?s={search_term_string}\"},\"query-input\":{\"@type\":\"PropertyValueSpecification\",\"valueRequired\":true,\"valueName\":\"search_term_string\"}}],\"inLanguage\":\"es\"},{\"@type\":\"Organization\",\"@id\":\"https:\\\/\\\/endhomelessness.org\\\/es\\\/#organization\",\"name\":\"Alianza Nacional para Erradicar la Falta de Vivienda\",\"url\":\"https:\\\/\\\/endhomelessness.org\\\/es\\\/\",\"logo\":{\"@type\":\"ImageObject\",\"inLanguage\":\"es\",\"@id\":\"https:\\\/\\\/endhomelessness.org\\\/es\\\/#\\\/schema\\\/logo\\\/image\\\/\",\"url\":\"https:\\\/\\\/endhomelessness.org\\\/wp-content\\\/uploads\\\/2024\\\/09\\\/logo-2.webp\",\"contentUrl\":\"https:\\\/\\\/endhomelessness.org\\\/wp-content\\\/uploads\\\/2024\\\/09\\\/logo-2.webp\",\"width\":687,\"height\":361,\"caption\":\"Alianza Nacional para Erradicar la Falta de Vivienda\"},\"image\":{\"@id\":\"https:\\\/\\\/endhomelessness.org\\\/es\\\/#\\\/schema\\\/logo\\\/image\\\/\"},\"sameAs\":[\"https:\\\/\\\/www.facebook.com\\\/naehomelessness\\\/\",\"https:\\\/\\\/www.youtube.com\\\/@EndingHomelessness\",\"https:\\\/\\\/www.linkedin.com\\\/company\\\/national-alliance-to-end-homelessness\\\/\",\"https:\\\/\\\/instagram.com\\\/naeh_endhomelessness\"]}]}<\/script>\n<!-- \/ Yoast SEO Premium plugin. -->","yoast_head_json":{"title":"Nuevos enfoques ofrecen esperanza para resolver la falta de vivienda en adultos mayores - Alianza Nacional para Erradicar la Falta de Vivienda","description":"The National Alliance to End Homelessness is a nonpartisan, nonprofit organization committed to preventing and ending homelessness in the United States.","robots":{"index":"index","follow":"follow","max-snippet":"max-snippet:-1","max-image-preview":"max-image-preview:large","max-video-preview":"max-video-preview:-1"},"canonical":"https:\/\/endhomelessness.org\/es\/blog\/nuevos-enfoques-ofrecen-esperanza-para-resolver-la-falta-de-vivienda-en-adultos-mayores\/","og_locale":"es_ES","og_type":"article","og_title":"Nuevos enfoques ofrecen esperanza para resolver la falta de vivienda en adultos mayores","og_description":"The National Alliance to End Homelessness is a nonpartisan, nonprofit organization committed to preventing and ending homelessness in the United States.","og_url":"https:\/\/endhomelessness.org\/es\/blog\/nuevos-enfoques-ofrecen-esperanza-para-resolver-la-falta-de-vivienda-en-adultos-mayores\/","og_site_name":"Alianza Nacional para Erradicar la Falta de Vivienda","article_publisher":"https:\/\/www.facebook.com\/naehomelessness\/","article_modified_time":"2025-04-04T19:55:41+00:00","og_image":[{"width":2048,"height":711,"url":"https:\/\/endhomelessness.org\/wp-content\/uploads\/2024\/10\/shutterstock_173996309-scaled-e1684252132663-2048x711-1.jpg","type":"image\/jpeg"}],"twitter_card":"summary_large_image","twitter_misc":{"Tiempo de lectura":"6 minutos"},"schema":{"@context":"https:\/\/schema.org","@graph":[{"@type":"WebPage","@id":"https:\/\/endhomelessness.org\/es\/blog\/nuevos-enfoques-ofrecen-esperanza-para-resolver-la-falta-de-vivienda-en-adultos-mayores\/","url":"https:\/\/endhomelessness.org\/es\/blog\/nuevos-enfoques-ofrecen-esperanza-para-resolver-la-falta-de-vivienda-en-adultos-mayores\/","name":"Nuevos enfoques ofrecen esperanza para resolver la falta de vivienda en adultos mayores - Alianza Nacional para Erradicar la Falta de Vivienda","isPartOf":{"@id":"https:\/\/endhomelessness.org\/es\/#website"},"primaryImageOfPage":{"@id":"https:\/\/endhomelessness.org\/es\/blog\/nuevos-enfoques-ofrecen-esperanza-para-resolver-la-falta-de-vivienda-en-adultos-mayores\/#primaryimage"},"image":{"@id":"https:\/\/endhomelessness.org\/es\/blog\/nuevos-enfoques-ofrecen-esperanza-para-resolver-la-falta-de-vivienda-en-adultos-mayores\/#primaryimage"},"thumbnailUrl":"https:\/\/endhomelessness.org\/wp-content\/uploads\/2024\/10\/shutterstock_173996309-scaled-e1684252132663-2048x711-1.jpg","datePublished":"2023-05-16T12:58:00+00:00","dateModified":"2025-04-04T19:55:41+00:00","description":"The National Alliance to End Homelessness is a nonpartisan, nonprofit organization committed to preventing and ending homelessness in the United States.","breadcrumb":{"@id":"https:\/\/endhomelessness.org\/es\/blog\/nuevos-enfoques-ofrecen-esperanza-para-resolver-la-falta-de-vivienda-en-adultos-mayores\/#breadcrumb"},"inLanguage":"es","potentialAction":[{"@type":"ReadAction","target":["https:\/\/endhomelessness.org\/es\/blog\/nuevos-enfoques-ofrecen-esperanza-para-resolver-la-falta-de-vivienda-en-adultos-mayores\/"]}]},{"@type":"ImageObject","inLanguage":"es","@id":"https:\/\/endhomelessness.org\/es\/blog\/nuevos-enfoques-ofrecen-esperanza-para-resolver-la-falta-de-vivienda-en-adultos-mayores\/#primaryimage","url":"https:\/\/endhomelessness.org\/wp-content\/uploads\/2024\/10\/shutterstock_173996309-scaled-e1684252132663-2048x711-1.jpg","contentUrl":"https:\/\/endhomelessness.org\/wp-content\/uploads\/2024\/10\/shutterstock_173996309-scaled-e1684252132663-2048x711-1.jpg","width":2048,"height":711,"caption":"Writtn by G"},{"@type":"BreadcrumbList","@id":"https:\/\/endhomelessness.org\/es\/blog\/nuevos-enfoques-ofrecen-esperanza-para-resolver-la-falta-de-vivienda-en-adultos-mayores\/#breadcrumb","itemListElement":[{"@type":"ListItem","position":1,"name":"Inicio","item":"https:\/\/endhomelessness.org\/es\/home-page-2-2-2\/"},{"@type":"ListItem","position":2,"name":"Nuevos enfoques ofrecen esperanza para resolver la falta de vivienda en adultos mayores"}]},{"@type":"WebSite","@id":"https:\/\/endhomelessness.org\/es\/#website","url":"https:\/\/endhomelessness.org\/es\/","name":"National Alliance to End Homelessness","description":"Organizaci\u00f3n no partidista para prevenir y erradicar la falta de vivienda en EE.UU.","publisher":{"@id":"https:\/\/endhomelessness.org\/es\/#organization"},"potentialAction":[{"@type":"SearchAction","target":{"@type":"EntryPoint","urlTemplate":"https:\/\/endhomelessness.org\/es\/?s={search_term_string}"},"query-input":{"@type":"PropertyValueSpecification","valueRequired":true,"valueName":"search_term_string"}}],"inLanguage":"es"},{"@type":"Organization","@id":"https:\/\/endhomelessness.org\/es\/#organization","name":"Alianza Nacional para Erradicar la Falta de Vivienda","url":"https:\/\/endhomelessness.org\/es\/","logo":{"@type":"ImageObject","inLanguage":"es","@id":"https:\/\/endhomelessness.org\/es\/#\/schema\/logo\/image\/","url":"https:\/\/endhomelessness.org\/wp-content\/uploads\/2024\/09\/logo-2.webp","contentUrl":"https:\/\/endhomelessness.org\/wp-content\/uploads\/2024\/09\/logo-2.webp","width":687,"height":361,"caption":"Alianza Nacional para Erradicar la Falta de Vivienda"},"image":{"@id":"https:\/\/endhomelessness.org\/es\/#\/schema\/logo\/image\/"},"sameAs":["https:\/\/www.facebook.com\/naehomelessness\/","https:\/\/www.youtube.com\/@EndingHomelessness","https:\/\/www.linkedin.com\/company\/national-alliance-to-end-homelessness\/","https:\/\/instagram.com\/naeh_endhomelessness"]}]}},"_links":{"self":[{"href":"https:\/\/endhomelessness.org\/es\/wp-json\/wp\/v2\/blog\/18295","targetHints":{"allow":["GET"]}}],"collection":[{"href":"https:\/\/endhomelessness.org\/es\/wp-json\/wp\/v2\/blog"}],"about":[{"href":"https:\/\/endhomelessness.org\/es\/wp-json\/wp\/v2\/types\/blog"}],"author":[{"embeddable":true,"href":"https:\/\/endhomelessness.org\/es\/wp-json\/wp\/v2\/users\/48"}],"version-history":[{"count":0,"href":"https:\/\/endhomelessness.org\/es\/wp-json\/wp\/v2\/blog\/18295\/revisions"}],"wp:featuredmedia":[{"embeddable":true,"href":"https:\/\/endhomelessness.org\/es\/wp-json\/wp\/v2\/media\/6703"}],"wp:attachment":[{"href":"https:\/\/endhomelessness.org\/es\/wp-json\/wp\/v2\/media?parent=18295"}],"wp:term":[{"taxonomy":"blog-category","embeddable":true,"href":"https:\/\/endhomelessness.org\/es\/wp-json\/wp\/v2\/blog-category?post=18295"},{"taxonomy":"blog-audience","embeddable":true,"href":"https:\/\/endhomelessness.org\/es\/wp-json\/wp\/v2\/blog-audience?post=18295"},{"taxonomy":"blog-best-practice","embeddable":true,"href":"https:\/\/endhomelessness.org\/es\/wp-json\/wp\/v2\/blog-best-practice?post=18295"},{"taxonomy":"blog-key-issue","embeddable":true,"href":"https:\/\/endhomelessness.org\/es\/wp-json\/wp\/v2\/blog-key-issue?post=18295"}],"curies":[{"name":"wp","href":"https:\/\/api.w.org\/{rel}","templated":true}]}}