{"id":18544,"date":"2025-02-07T15:11:00","date_gmt":"2025-02-07T20:11:00","guid":{"rendered":"https:\/\/endhomelessness.org\/blog\/la-semana-en-resumen-lo-que-necesita-saber\/"},"modified":"2025-04-07T00:30:56","modified_gmt":"2025-04-07T04:30:56","slug":"la-semana-en-resumen-lo-que-necesita-saber","status":"publish","type":"blog","link":"https:\/\/endhomelessness.org\/es\/blog\/la-semana-en-resumen-lo-que-necesita-saber\/","title":{"rendered":"La semana en resumen: Lo que necesita saber"},"content":{"rendered":"\n<section class=\"e-stn e-stn-642edd2d478cb6d72ad11a3f94eb096b46aa8c61 e-stn--bi-banner e-stn--blog-inner-banner e-mt-0\"><div class=\"container\">\n<div class=\"wp-block-b3rg-row e-row row\">\n<div class=\"wp-block-b3rg-column e-col e-col-a1723a90dcabee317021282e0a59fa1add95d7a3 e-col--blog-inner-banner-content-wrpr  col-sm-12 col-lg-6\">\n<div class=\"e-div e-div-368784d6f024bd28fc93462eb0616dec8d069665 e-div--blog-inner-post-type-tag\"><span>BLOG<\/span>\n<\/div>\n\n\n<div class=\"e-mtf e-mtf--dlt  e-mtf--post-date\">Abr 28, 2026<\/div>\n\n<h1 class=\"wp-block-post-title\">La semana en resumen: Lo que necesita saber<\/h1>\n\n\n<div class=\"e-div e-div-976a3f7724ffcd71e737afe4e1bbffbbf3dd036f e-div--bi-read-time\"><div class=\"e-mtf e-mtf--dlt  e-mtf--author-with-link\"><a href=\"https:\/\/endhomelessness.org\/es\/author\/aoliva\/\" class=\"post-author-url\">\n    <div class=\"post-author\">            <div class=\"post-author__content\">\n                <p class=\"post-author__name\">Ann Oliva<\/p>\n            <\/div>\n        <\/div>\n    <\/a><\/div>\n\n\n<div class=\"e-div e-div-0162dd5adc5b84600d5bea230d8c418559af071d\"><div class=\"e-mtf e-mtf--dlt  e-mtf--post-reading-time\"><div class=\"post-reading-time\"><span class=\"reading-time__time\">3<\/span> <span class=\"post-reading-time__label postfix\">min<\/span><\/div><\/div><\/div>\n<\/div>\n<\/div>\n\n\n\n<div class=\"wp-block-b3rg-column e-col e-col-0c503a5984f4fbd04e91061f205fb824382fb9a6 e-col--blog-inner-banner-media-wrpr  col-sm-12 col-lg-6\"><figure class=\"wp-block-post-featured-image\"><img decoding=\"async\" src=\"https:\/\/endhomelessness.org\/wp-content\/uploads\/2025\/01\/shutterstock_1395618470-scaled-e1711119666493-2048x856-1-1.jpg\" class=\"attachment-post-thumbnail size-post-thumbnail wp-post-image\" alt=\"\" style=\"object-fit:cover;\" srcset=\"https:\/\/endhomelessness.org\/wp-content\/uploads\/2025\/01\/shutterstock_1395618470-scaled-e1711119666493-2048x856-1-1.jpg 2048w, https:\/\/endhomelessness.org\/wp-content\/uploads\/2025\/01\/shutterstock_1395618470-scaled-e1711119666493-2048x856-1-1-300x125.jpg 300w, https:\/\/endhomelessness.org\/wp-content\/uploads\/2025\/01\/shutterstock_1395618470-scaled-e1711119666493-2048x856-1-1-1024x428.jpg 1024w, https:\/\/endhomelessness.org\/wp-content\/uploads\/2025\/01\/shutterstock_1395618470-scaled-e1711119666493-2048x856-1-1-768x321.jpg 768w, https:\/\/endhomelessness.org\/wp-content\/uploads\/2025\/01\/shutterstock_1395618470-scaled-e1711119666493-2048x856-1-1-1536x642.jpg 1536w, https:\/\/endhomelessness.org\/wp-content\/uploads\/2025\/01\/shutterstock_1395618470-scaled-e1711119666493-2048x856-1-1-575x240.jpg 575w\" sizes=\"(max-width: 2048px) 100vw, 2048px\" \/><\/figure><\/div>\n<\/div>\n<\/div><\/section>\n\n<section class=\"e-stn e-stn-ad75c7bf6c94c4c74b1ce488ab717de8fdff6ca2 e-stn--bi-content-with-media-section e-mt-0 e-pt-120  e-pt-sm-50 e-pb-60\"><div class=\"container\">\n<div class=\"wp-block-b3rg-row e-row row\">\n<div class=\"wp-block-b3rg-column e-col e-col-f1092f68b065a750a7ad99323cbd3499d1ad2b1c e-col--bi-content-with-media-section-content-wrapper e-col--blog-inner-contents  col-sm-12 col-lg-9\">\n<p class=\"has-medium-font-size\">Ha sido otra semana activa en todo el gobierno federal con respecto a los programas y pol\u00edticas que afectan nuestro trabajo para erradicar la situaci\u00f3n de calle. Como prometimos, queremos tomarnos un momento para asegurarnos de que conozca las acciones que estamos siguiendo en la Alianza y lo que podr\u00eda esperar de nosotros la pr\u00f3xima semana. <\/p>\n\n\n\n<h2 class=\"wp-block-heading\">Estado de los fondos de subvenciones de asistencia para personas sin hogar del HUD<\/h2>\n\n\n\n<p>Hoy se cumplen cuatro semanas desde que el HUD anunci\u00f3 casi $3.6 mil millones en adjudicaciones del programa Continuum of Care (CoC) para casi 7,000 proyectos en todo el pa\u00eds. Sin embargo, a\u00fan no ha tomado medidas para distribuir estos fondos cr\u00edticos. Necesitamos mantener la urgencia y la presi\u00f3n a trav\u00e9s de la incidencia hasta que estos fondos sean distribuidos.  <\/p>\n\n\n\n<p>A principios de la pr\u00f3xima semana, est\u00e9 atento a una <strong>nueva acci\u00f3n de incidencia<\/strong>, dirigiendo a sus miembros del Congreso a firmar una carta bipartidista al Secretario del HUD Scott Turner para distribuir r\u00e1pidamente estos fondos cr\u00edticos. La gran mayor\u00eda de estos fondos son para proyectos ya en operaci\u00f3n, muchos de los cuales tienen subvenciones anteriores que ya han expirado. <\/p>\n\n\n\n<p>La Alianza tambi\u00e9n est\u00e1 preocupada por la noticia de que el HUD tiene la intenci\u00f3n de \u00abdespedir al 50% de su fuerza laboral\u00bb siguiendo una directiva del 11 de febrero del Presidente Donald Trump, que orden\u00f3 a las agencias federales prepararse para despidos masivos. Tales recortes tendr\u00e1n impactos significativos en <a href=\"https:\/\/nlihc.org\/news\/nlihc-statement-trump-administrations-directive-terminate-half-all-hud-staff\" target=\"_blank\" rel=\"noreferrer noopener\">la capacidad del HUD para administrar sus programas<\/a>. Lea m\u00e1s de la <a href=\"https:\/\/nlihc.quorum.us\/campaign\/109331\/\" data-type=\"link\" data-id=\"https:\/\/nlihc.quorum.us\/campaign\/109331\/\" target=\"_blank\" rel=\"noreferrer noopener\">Coalici\u00f3n Nacional de Vivienda para Personas de Bajos Ingresos, y tome acci\u00f3n aqu\u00ed.<\/a>  <\/p>\n\n\n\n<h2 class=\"wp-block-heading\">Recortes de Medicaid sobre la mesa<\/h2>\n\n\n\n<p>Esta semana, los republicanos de la C\u00e1mara compartieron una nueva propuesta de presupuesto federal que se basa en <a href=\"https:\/\/www.nbcnews.com\/politics\/congress\/house-gop-panel-approves-budget-blueprint-steep-tax-spending-cuts-rcna192002\" data-type=\"link\" data-id=\"https:\/\/www.nbcnews.com\/politics\/congress\/house-gop-panel-approves-budget-blueprint-steep-tax-spending-cuts-rcna192002\" target=\"_blank\" rel=\"noreferrer noopener\">$1.5 billones en recortes de gastos<\/a>, en parte para compensar los recortes de impuestos. Se cree que Medicaid y el Programa de Asistencia Nutricional Suplementaria (SNAP) ser\u00e1n objeto de profundos recortes, incluida la imposici\u00f3n de requisitos laborales. <\/p>\n\n\n\n<p>Cualquier cambio que limite el financiamiento o la elegibilidad de Medicaid pondr\u00eda en peligro la salud y el bienestar de los estadounidenses y reducir\u00e1 los recursos que las comunidades necesitan para mantener a las personas alojadas y saludables.<\/p>\n\n\n\n<p><a href=\"https:\/\/endhomelessness.org\/wp-content\/uploads\/2025\/02\/2.14.25_Letter-Opposing-Cuts-to-Medicaid.pdf\" data-type=\"link\" data-id=\"https:\/\/endhomelessness.org\/wp-content\/uploads\/2025\/02\/2.14.25_Letter-Opposing-Cuts-to-Medicaid.pdf\" target=\"_blank\" rel=\"noreferrer noopener\">La Alianza contin\u00faa instando a los miembros del Congreso<\/a> a oponerse a los recortes a estos programas vitales de la red de seguridad. Por favor, est\u00e9 atento la pr\u00f3xima semana a una oportunidad para abogar ante sus legisladores. <strong><a href=\"https:\/\/endhomelessness.org\/es\/suscribase-a-las-alertas-de-promocion-de-la-alianza\/\" data-type=\"page\" data-id=\"934\" target=\"_blank\" rel=\"noreferrer noopener\">Su incidencia<\/a> contin\u00faa siendo nuestro recurso m\u00e1s fuerte para rechazar propuestas da\u00f1inas como esta.<\/strong> <\/p>\n\n\n\n<h2 class=\"wp-block-heading\">Amenazas a la Regla de Acceso Igualitario<\/h2>\n\n\n\n<p>Como compart\u00ed la semana pasada, el Secretario del HUD Scott Turner declar\u00f3 su intenci\u00f3n de revocar la Regla de Acceso Igualitario, que garantiza el acceso igualitario a las personas de acuerdo con su identidad de g\u00e9nero en los programas y refugios financiados bajo los programas administrados por la Oficina de Planificaci\u00f3n y Desarrollo Comunitario. Ayer, el HUD comenz\u00f3 <a href=\"https:\/\/www.reginfo.gov\/public\/do\/eoDetails?rrid=849613\" data-type=\"link\" data-id=\"https:\/\/www.reginfo.gov\/public\/do\/eoDetails?rrid=849613\" target=\"_blank\" rel=\"noreferrer noopener\">el proceso de elaboraci\u00f3n de normas para revisar sustancialmente<\/a> o incluso derogar la Regla de Acceso Igualitario, aunque los detalles a\u00fan no son completamente p\u00fablicos. <\/p>\n\n\n\n<p><strong>Quiero reafirmar que las protecciones regulatorias actuales para las personas trans y no binarias que buscan refugio siguen vigentes.<\/strong> <a href=\"https:\/\/endhomelessness.org\/es\/blog\/cambios-en-la-regla-de-igualdad-de-acceso-de-hud-podrian-excluir-a-mas-personas-transgenero-de-los-refugios\/\" data-type=\"link\" data-id=\"https:\/\/endhomelessness.org\/blog\/changes-to-huds-equal-access-rule-could-exclude-more-transgender-people-from-shelter\/\" target=\"_blank\" rel=\"noreferrer noopener\">Los intentos anteriores<\/a> durante la primera administraci\u00f3n de Trump de revocar las disposiciones de esta regla en 2020 resultaron en m\u00e1s de 66,000 comentarios p\u00fablicos que se presentaron durante el per\u00edodo de comentarios p\u00fablicos de 60 d\u00edas como parte de la Campa\u00f1a La Vivienda Salva Vidas. El volumen y la sofisticaci\u00f3n legal de esta respuesta de oposici\u00f3n bloquearon con \u00e9xito este esfuerzo. \u00a1Necesitaremos que todos ustedes est\u00e9n preparados para hacer esto de nuevo!  <\/p>\n\n\n\n<h2 class=\"wp-block-heading\">Amenazas a las protecciones de vivienda justa<\/h2>\n\n\n\n<p>El martes, el Secretario Turner anunci\u00f3 la intenci\u00f3n de la Administraci\u00f3n de revocar la regla de Promoci\u00f3n Afirmativa de la Vivienda Justa (AFFH). Esta regla fue reinstaurada durante la Administraci\u00f3n Biden despu\u00e9s de haber sido previamente revocada en la primera Administraci\u00f3n Trump. <\/p>\n\n\n\n<p>AFFH es una herramienta cr\u00edtica para abordar la discriminaci\u00f3n en la vivienda causada por el racismo hist\u00f3rico y sist\u00e9mico en nuestras ciudades, pueblos y comunidades. Adem\u00e1s, sabemos que <a href=\"https:\/\/endhomelessness.org\/es\/blog\/por-que-es-importante-la-regla-de-promover-afirmativamente-la-vivienda-justa\/\" data-type=\"blog\" data-id=\"6710\" target=\"_blank\" rel=\"noreferrer noopener\">una vivienda m\u00e1s justa reduce la situaci\u00f3n de calle<\/a>. <\/p>\n\n\n\n<p>Al igual que con la Regla de Acceso Igualitario, el proceso de elaboraci\u00f3n de normas para derogar AFFH tambi\u00e9n se inici\u00f3 ayer. La Alianza estar\u00e1 monitoreando esto de cerca y compartir\u00e1 m\u00e1s recursos a medida que se desarrollen las acciones. <\/p>\n\n\n\n<p>Como siempre, quiero agradecerles por su trabajo para erradicar la situaci\u00f3n de calle en sus comunidades y en toda esta naci\u00f3n.<\/p>\n<\/div>\n\n\n\n<div class=\"wp-block-b3rg-column e-col e-col-07ab2b4105c7c9441fb36c05bc0c1bc8023c6e2c e-col--bi-right-side e-col--blog-inner-related-posts  col-sm-12 col-lg-3\">\n<div class=\"e-div e-div-59078f910ce4d15d28fcab7c9003952a96233d13 e-div--js-bi-sticky-left\">\n<div class=\"e-div e-div-6ff6ea2961c0f998010e1194547bb1cb17285b20 e-div--bi-social-icons\">\n<div class=\"e-div e-div-8fd4c05a3f9dd204e3dd79e614332da9f57f6b56 e-div--social-share-tooltip\"><div class=\"heateor_sss_sharing_container heateor_sss_horizontal_sharing\" data-heateor-ss-offset=\"0\" data-heateor-sss-href='https:\/\/endhomelessness.org\/es\/blog\/la-semana-en-resumen-lo-que-necesita-saber\/'><div class=\"heateor_sss_sharing_ul\"><a aria-label=\"Copy Link\" class=\"heateor_sss_button_copy_link\" title=\"Copy Link\" rel=\"noopener\" href=\"https:\/\/endhomelessness.org\/es\/blog\/la-semana-en-resumen-lo-que-necesita-saber\/\" onclick=\"event.preventDefault()\" style=\"font-size:32px!important;box-shadow:none;display:inline-block;vertical-align:middle\"><span class=\"heateor_sss_svg heateor_sss_s__default heateor_sss_s_copy_link\" style=\"background-color:#ffc112;width:35px;height:35px;border-radius:999px;display:inline-block;opacity:1;float:left;font-size:32px;box-shadow:none;display:inline-block;font-size:16px;padding:0 4px;vertical-align:middle;background-repeat:repeat;overflow:hidden;padding:0;cursor:pointer;box-sizing:content-box\"><svg style=\"display:block;border-radius:999px;\" focusable=\"false\" aria-hidden=\"true\" xmlns=\"http:\/\/www.w3.org\/2000\/svg\" width=\"100%\" height=\"100%\" viewBox=\"-4 -4 40 40\"><path fill=\"#fff\" d=\"M24.412 21.177c0-.36-.126-.665-.377-.917l-2.804-2.804a1.235 1.235 0 0 0-.913-.378c-.377 0-.7.144-.97.43.026.028.11.11.255.25.144.14.24.236.29.29s.117.14.2.256c.087.117.146.232.177.344.03.112.046.236.046.37 0 .36-.126.666-.377.918a1.25 1.25 0 0 1-.918.377 1.4 1.4 0 0 1-.373-.047 1.062 1.062 0 0 1-.345-.175 2.268 2.268 0 0 1-.256-.2 6.815 6.815 0 0 1-.29-.29c-.14-.142-.223-.23-.25-.254-.297.28-.445.607-.445.984 0 .36.126.664.377.916l2.778 2.79c.243.243.548.364.917.364.36 0 .665-.118.917-.35l1.982-1.97c.252-.25.378-.55.378-.9zm-9.477-9.504c0-.36-.126-.665-.377-.917l-2.777-2.79a1.235 1.235 0 0 0-.913-.378c-.35 0-.656.12-.917.364L7.967 9.92c-.254.252-.38.553-.38.903 0 .36.126.665.38.917l2.802 2.804c.242.243.547.364.916.364.377 0 .7-.14.97-.418-.026-.027-.11-.11-.255-.25s-.24-.235-.29-.29a2.675 2.675 0 0 1-.2-.255 1.052 1.052 0 0 1-.176-.344 1.396 1.396 0 0 1-.047-.37c0-.36.126-.662.377-.914.252-.252.557-.377.917-.377.136 0 .26.015.37.046.114.03.23.09.346.175.117.085.202.153.256.2.054.05.15.148.29.29.14.146.222.23.25.258.294-.278.442-.606.442-.983zM27 21.177c0 1.078-.382 1.99-1.146 2.736l-1.982 1.968c-.745.75-1.658 1.12-2.736 1.12-1.087 0-2.004-.38-2.75-1.143l-2.777-2.79c-.75-.747-1.12-1.66-1.12-2.737 0-1.106.392-2.046 1.183-2.818l-1.186-1.185c-.774.79-1.708 1.186-2.805 1.186-1.078 0-1.995-.376-2.75-1.13l-2.803-2.81C5.377 12.82 5 11.903 5 10.826c0-1.08.382-1.993 1.146-2.738L8.128 6.12C8.873 5.372 9.785 5 10.864 5c1.087 0 2.004.382 2.75 1.146l2.777 2.79c.75.747 1.12 1.66 1.12 2.737 0 1.105-.392 2.045-1.183 2.817l1.186 1.186c.774-.79 1.708-1.186 2.805-1.186 1.078 0 1.995.377 2.75 1.132l2.804 2.804c.754.755 1.13 1.672 1.13 2.75z\"\/><\/svg><\/span><\/a><a aria-label=\"Facebook\" class=\"heateor_sss_facebook\" href=\"https:\/\/www.facebook.com\/sharer\/sharer.php?u=https%3A%2F%2Fendhomelessness.org%2Fes%2Fblog%2Fla-semana-en-resumen-lo-que-necesita-saber%2F\" title=\"Facebook\" rel=\"nofollow noopener\" target=\"_blank\" style=\"font-size:32px!important;box-shadow:none;display:inline-block;vertical-align:middle\"><span class=\"heateor_sss_svg\" style=\"background-color:#0765FE;width:35px;height:35px;border-radius:999px;display:inline-block;opacity:1;float:left;font-size:32px;box-shadow:none;display:inline-block;font-size:16px;padding:0 4px;vertical-align:middle;background-repeat:repeat;overflow:hidden;padding:0;cursor:pointer;box-sizing:content-box\"><svg style=\"display:block;border-radius:999px;\" focusable=\"false\" aria-hidden=\"true\" xmlns=\"http:\/\/www.w3.org\/2000\/svg\" width=\"100%\" height=\"100%\" viewBox=\"0 0 32 32\"><path fill=\"#fff\" d=\"M28 16c0-6.627-5.373-12-12-12S4 9.373 4 16c0 5.628 3.875 10.35 9.101 11.647v-7.98h-2.474V16H13.1v-1.58c0-4.085 1.849-5.978 5.859-5.978.76 0 2.072.15 2.608.298v3.325c-.283-.03-.775-.045-1.386-.045-1.967 0-2.728.745-2.728 2.683V16h3.92l-.673 3.667h-3.247v8.245C23.395 27.195 28 22.135 28 16Z\"><\/path><\/svg><\/span><\/a><a aria-label=\"Linkedin\" class=\"heateor_sss_button_linkedin\" href=\"https:\/\/www.linkedin.com\/sharing\/share-offsite\/?url=https%3A%2F%2Fendhomelessness.org%2Fes%2Fblog%2Fla-semana-en-resumen-lo-que-necesita-saber%2F\" title=\"Linkedin\" rel=\"nofollow noopener\" target=\"_blank\" style=\"font-size:32px!important;box-shadow:none;display:inline-block;vertical-align:middle\"><span class=\"heateor_sss_svg heateor_sss_s__default heateor_sss_s_linkedin\" style=\"background-color:#0077b5;width:35px;height:35px;border-radius:999px;display:inline-block;opacity:1;float:left;font-size:32px;box-shadow:none;display:inline-block;font-size:16px;padding:0 4px;vertical-align:middle;background-repeat:repeat;overflow:hidden;padding:0;cursor:pointer;box-sizing:content-box\"><svg style=\"display:block;border-radius:999px;\" focusable=\"false\" aria-hidden=\"true\" xmlns=\"http:\/\/www.w3.org\/2000\/svg\" width=\"100%\" height=\"100%\" viewBox=\"0 0 32 32\"><path d=\"M6.227 12.61h4.19v13.48h-4.19V12.61zm2.095-6.7a2.43 2.43 0 0 1 0 4.86c-1.344 0-2.428-1.09-2.428-2.43s1.084-2.43 2.428-2.43m4.72 6.7h4.02v1.84h.058c.56-1.058 1.927-2.176 3.965-2.176 4.238 0 5.02 2.792 5.02 6.42v7.395h-4.183v-6.56c0-1.564-.03-3.574-2.178-3.574-2.18 0-2.514 1.7-2.514 3.46v6.668h-4.187V12.61z\" fill=\"#fff\"><\/path><\/svg><\/span><\/a><a aria-label=\"X\" class=\"heateor_sss_button_x\" href=\"https:\/\/twitter.com\/intent\/tweet?text=La%20semana%20en%20resumen%3A%20Lo%20que%20necesita%20saber&url=https%3A%2F%2Fendhomelessness.org%2Fes%2Fblog%2Fla-semana-en-resumen-lo-que-necesita-saber%2F\" title=\"X\" rel=\"nofollow noopener\" target=\"_blank\" style=\"font-size:32px!important;box-shadow:none;display:inline-block;vertical-align:middle\"><span class=\"heateor_sss_svg heateor_sss_s__default heateor_sss_s_x\" style=\"background-color:#2a2a2a;width:35px;height:35px;border-radius:999px;display:inline-block;opacity:1;float:left;font-size:32px;box-shadow:none;display:inline-block;font-size:16px;padding:0 4px;vertical-align:middle;background-repeat:repeat;overflow:hidden;padding:0;cursor:pointer;box-sizing:content-box\"><svg width=\"100%\" height=\"100%\" style=\"display:block;border-radius:999px;\" focusable=\"false\" aria-hidden=\"true\" xmlns=\"http:\/\/www.w3.org\/2000\/svg\" viewBox=\"0 0 32 32\"><path fill=\"#fff\" d=\"M21.751 7h3.067l-6.7 7.658L26 25.078h-6.172l-4.833-6.32-5.531 6.32h-3.07l7.167-8.19L6 7h6.328l4.37 5.777L21.75 7Zm-1.076 16.242h1.7L11.404 8.74H9.58l11.094 14.503Z\"><\/path><\/svg><\/span><\/a><\/div><div class=\"heateorSssClear\"><\/div><\/div>\n<\/div>\n<\/div>\n\n\n\n<div class=\"e-div e-div-1a5a32aa7dcbe57c6b9a8a8c9a37785edf82434d e-div--bi-topics\">\n<h2 class=\"wp-block-heading has-rich-black-color has-text-color has-link-color wp-elements-be6bdbd00a494032c0ae3c9d7a69a331\">Etiquetas<\/h2>\n\n\n<div class=\"e-mtf e-mtf--dlt e-mtf--taxonomy e-mtf--taxonomy-blog-tags\"><\/div><\/div>\n\n\n\n<div class=\"e-div e-div-275b8ff6f2bffd3e4cc054055156f9110887442d e-div--bi-related-post\"><style><\/style>\n<h2 class=\"wp-block-heading has-rich-black-color has-text-color has-link-color wp-elements-e435b81f6878ebba01997b7c42400d88\">Publicaciones relacionadas<\/h2>\n\n\n\n<div class=\"e-div e-div-0162dd5adc5b84600d5bea230d8c418559af071d\">\n<\/div>\n<\/div>\n<\/div>\n<\/div>\n<\/div>\n<\/div><\/section>\n\n<section class=\"e-stn e-stn-af33064b18769c0dcbd144d5242c41c8ff25e8a2 e-stn--related-post e-mt-60  e-mt-sm-0\"><style>@media only screen and (max-width: 9999px) {\n\t\t\t\t\t\t\t\t\t.e-stn.e-stn-af33064b18769c0dcbd144d5242c41c8ff25e8a2 { \n\t\t\t\t\t\t\t\t\t\tbackground-color: #F3F8FC; \n\t\t\t\t\t\t\t\t\t}\n\t\t\t\t\t\t\t\t}<\/style><div class=\"container\">\n<div class=\"wp-block-b3rg-row e-row row e-row--title-with-description\">\n<div class=\"wp-block-b3rg-column e-col e-col-3fd29a26ff70780ecd7ff03db8f4638045c8c9d8  col-sm-12\">\n<h2 class=\"wp-block-heading has-text-align-center\">Tambi\u00e9n le podr\u00eda interesar<\/h2>\n<\/div>\n<\/div>\n\n\n\n<div class=\"wp-block-b3rg-row e-row row\">\n<div class=\"wp-block-b3rg-column e-col e-col-3fd29a26ff70780ecd7ff03db8f4638045c8c9d8  col-sm-12\"><div class=\"e-rlp e-rlp--dlt\" > <div class=\"e-sgp taxonomy-opcional taxonomy-falta-de-vivienda-en-situacion-de-calle taxonomy-continuos-de-atencion e-sgp--dlt  wrapper-link\" > <a class=\"b3rg-post__trigger\" href='https:\/\/endhomelessness.org\/es\/blog\/sesion-plenaria-de-apertura-conferencia-sobre-innovaciones-y-soluciones-para-erradicar-el-sinhogarismo-no-albergado-marzo-de-2024\/' target='_self'><div class=\"e-sgp__inner\">\n<div class=\"e-div e-div-39c9483d5c365ef0cd3af0137228c52c9e3c2277 e-sgp__media\"><figure class=\"wp-block-post-featured-image\"><img decoding=\"async\" src=\"https:\/\/endhomelessness.org\/wp-content\/uploads\/2024\/10\/support-our-work-e1611776502991-3.jpg\" class=\"attachment-post-thumbnail size-post-thumbnail wp-post-image\" alt=\"Written by Marcy Thompson\" style=\"object-fit:cover;\" srcset=\"https:\/\/endhomelessness.org\/wp-content\/uploads\/2024\/10\/support-our-work-e1611776502991-3.jpg 1200w, https:\/\/endhomelessness.org\/wp-content\/uploads\/2024\/10\/support-our-work-e1611776502991-3-300x119.jpg 300w, https:\/\/endhomelessness.org\/wp-content\/uploads\/2024\/10\/support-our-work-e1611776502991-3-1024x407.jpg 1024w, https:\/\/endhomelessness.org\/wp-content\/uploads\/2024\/10\/support-our-work-e1611776502991-3-768x305.jpg 768w, https:\/\/endhomelessness.org\/wp-content\/uploads\/2024\/10\/support-our-work-e1611776502991-3-575x229.jpg 575w\" sizes=\"(max-width: 1200px) 100vw, 1200px\" \/><\/figure><\/div>\n\n<div class=\"e-div e-div-9345c3010e68f662cc8801eb2da3df07e835db1c e-sgp__content\">\n<div class=\"e-div e-div-0162dd5adc5b84600d5bea230d8c418559af071d\"><div class=\"wp-block-post-date\"><time datetime=\"2024-03-19T08:59:00-04:00\">19 de marzo de 2024<\/time><\/div>\n\n\n<div class=\"e-div e-div-0162dd5adc5b84600d5bea230d8c418559af071d\"><div class=\"e-mtf e-mtf--dlt  e-mtf--post-reading-time\"><div class=\"post-reading-time\"><span class=\"reading-time__time\">12<\/span> <span class=\"post-reading-time__label postfix\">min<\/span><\/div><\/div><\/div>\n<\/div>\n\n\n<div class=\"e-mtf e-mtf--dlt  e-mtf--author-details\"><div class=\"post-author\"><div class=\"post-author__avatar\"><img decoding=\"async\" src=\"https:\/\/secure.gravatar.com\/avatar\/ea86b2b9f946d9233bda9c93f5134672349f8d7d350c75901efd5845c144a57d?s=96&#038;d=mm&#038;r=g\" alt=\"\"\/><\/div>                        <div class=\"post-author__content\">\n                            <p class=\"post-author__name\">Ann Oliva<\/p>\n                        <\/div><\/div><\/div>\n\n<h2 class=\"wp-block-post-title\">Sesi\u00f3n plenaria de apertura: Conferencia sobre innovaciones y soluciones para erradicar el sinhogarismo no albergado, marzo de 2024<\/h2>\n\n<div class=\"wp-block-post-excerpt\"><p class=\"wp-block-post-excerpt__excerpt\">\u00a1Buenas tardes a todos! Es sumamente gratificante verlos a todos aqu\u00ed en San Francisco para la Conferencia de la Alianza del 2024 sobre innovaciones y soluciones para erradicar el sinhogarismo no albergado&#8230;. <\/p><\/div>\n\n<div class=\"e-mtf e-mtf--dlt e-mtf--taxonomy e-mtf--taxonomy-blog-tags\"><\/div>\n\n<div class=\"e-mtf e-mtf--dlt  e-mtf--learn-more-label\"><span class=\"btn\"><\/span><\/div><\/div>\n<\/div><\/a><\/div><div class=\"e-sgp taxonomy-optional taxonomy-abogacia taxonomy-poblaciones-bipoc taxonomy-lgbtqia-es taxonomy-equidad taxonomy-sobrevivientes-de-violencia-domestica e-sgp--dlt  wrapper-link\" > <a class=\"b3rg-post__trigger\" href='https:\/\/endhomelessness.org\/es\/blog\/reconociendo-a-las-mujeres-que-experimentan-la-carencia-de-hogar-un-enfoque-del-mes-de-la-historia-de-la-mujer-en-el-downtown-womens-center\/' target='_self'><div class=\"e-sgp__inner\">\n<div class=\"e-div e-div-39c9483d5c365ef0cd3af0137228c52c9e3c2277 e-sgp__media\"><figure class=\"wp-block-post-featured-image\"><img decoding=\"async\" src=\"https:\/\/endhomelessness.org\/wp-content\/uploads\/2024\/10\/shutterstock_2135544849-2048x1152-1.jpg\" class=\"attachment-post-thumbnail size-post-thumbnail wp-post-image\" alt=\"Written by NAEH\" style=\"object-fit:cover;\" srcset=\"https:\/\/endhomelessness.org\/wp-content\/uploads\/2024\/10\/shutterstock_2135544849-2048x1152-1.jpg 2048w, https:\/\/endhomelessness.org\/wp-content\/uploads\/2024\/10\/shutterstock_2135544849-2048x1152-1-300x169.jpg 300w, https:\/\/endhomelessness.org\/wp-content\/uploads\/2024\/10\/shutterstock_2135544849-2048x1152-1-1024x576.jpg 1024w, https:\/\/endhomelessness.org\/wp-content\/uploads\/2024\/10\/shutterstock_2135544849-2048x1152-1-768x432.jpg 768w, https:\/\/endhomelessness.org\/wp-content\/uploads\/2024\/10\/shutterstock_2135544849-2048x1152-1-1536x864.jpg 1536w, https:\/\/endhomelessness.org\/wp-content\/uploads\/2024\/10\/shutterstock_2135544849-2048x1152-1-575x323.jpg 575w\" sizes=\"(max-width: 2048px) 100vw, 2048px\" \/><\/figure><\/div>\n\n<div class=\"e-div e-div-9345c3010e68f662cc8801eb2da3df07e835db1c e-sgp__content\">\n<div class=\"e-div e-div-0162dd5adc5b84600d5bea230d8c418559af071d\"><div class=\"wp-block-post-date\"><time datetime=\"2022-03-28T14:06:00-04:00\">28 de marzo de 2022<\/time><\/div>\n\n\n<div class=\"e-div e-div-0162dd5adc5b84600d5bea230d8c418559af071d\"><div class=\"e-mtf e-mtf--dlt  e-mtf--post-reading-time\"><div class=\"post-reading-time\"><span class=\"reading-time__time\">6<\/span> <span class=\"post-reading-time__label postfix\">min<\/span><\/div><\/div><\/div>\n<\/div>\n\n\n<div class=\"e-mtf e-mtf--dlt  e-mtf--author-details\"><div class=\"post-author\"><div class=\"post-author__avatar\"><img decoding=\"async\" src=\"https:\/\/secure.gravatar.com\/avatar\/5ef18f6e21e90504148915095aa81d5946e14c48e74cc07d2524522579870888?s=96&#038;d=mm&#038;r=g\" alt=\"\"\/><\/div>                        <div class=\"post-author__content\">\n                            <p class=\"post-author__name\">Amy Turk<\/p>\n                        <\/div><\/div><\/div>\n\n<h2 class=\"wp-block-post-title\">Reconociendo a las mujeres que experimentan la carencia de hogar: Un enfoque del Mes de la Historia de la Mujer en el Downtown Women&#8217;s Center<\/h2>\n\n<div class=\"wp-block-post-excerpt\"><p class=\"wp-block-post-excerpt__excerpt\">La experiencia de la carencia de hogar afecta especialmente a las mujeres. La falta de hogar experimentada por las mujeres es singular debido a sus experiencias desproporcionadas de&#8230; <\/p><\/div>\n\n<div class=\"e-mtf e-mtf--dlt e-mtf--taxonomy e-mtf--taxonomy-blog-tags\"><\/div>\n\n<div class=\"e-mtf e-mtf--dlt  e-mtf--learn-more-label\"><span class=\"btn\"><\/span><\/div><\/div>\n<\/div><\/a><\/div><div class=\"e-sgp taxonomy-vivienda-asequible taxonomy-diseno-de-sistemas e-sgp--dlt  wrapper-link\" > <a class=\"b3rg-post__trigger\" href='https:\/\/endhomelessness.org\/es\/blog\/que-pueden-y-no-pueden-hacer-los-gobiernos-locales-para-abordar-la-falta-de-vivienda\/' target='_self'><div class=\"e-sgp__inner\">\n<div class=\"e-div e-div-39c9483d5c365ef0cd3af0137228c52c9e3c2277 e-sgp__media\"><figure class=\"wp-block-post-featured-image\"><img decoding=\"async\" src=\"https:\/\/endhomelessness.org\/wp-content\/uploads\/2024\/10\/shutterstock_552864952-scaled-e1661866000812-2048x786-1-1.jpg\" class=\"attachment-post-thumbnail size-post-thumbnail wp-post-image\" alt=\"Written by Alex Visotzky\" style=\"object-fit:cover;\" srcset=\"https:\/\/endhomelessness.org\/wp-content\/uploads\/2024\/10\/shutterstock_552864952-scaled-e1661866000812-2048x786-1-1.jpg 2048w, https:\/\/endhomelessness.org\/wp-content\/uploads\/2024\/10\/shutterstock_552864952-scaled-e1661866000812-2048x786-1-1-300x115.jpg 300w, https:\/\/endhomelessness.org\/wp-content\/uploads\/2024\/10\/shutterstock_552864952-scaled-e1661866000812-2048x786-1-1-1024x393.jpg 1024w, https:\/\/endhomelessness.org\/wp-content\/uploads\/2024\/10\/shutterstock_552864952-scaled-e1661866000812-2048x786-1-1-768x295.jpg 768w, https:\/\/endhomelessness.org\/wp-content\/uploads\/2024\/10\/shutterstock_552864952-scaled-e1661866000812-2048x786-1-1-1536x590.jpg 1536w, https:\/\/endhomelessness.org\/wp-content\/uploads\/2024\/10\/shutterstock_552864952-scaled-e1661866000812-2048x786-1-1-575x221.jpg 575w\" sizes=\"(max-width: 2048px) 100vw, 2048px\" \/><\/figure><\/div>\n\n<div class=\"e-div e-div-9345c3010e68f662cc8801eb2da3df07e835db1c e-sgp__content\">\n<div class=\"e-div e-div-0162dd5adc5b84600d5bea230d8c418559af071d\"><div class=\"wp-block-post-date\"><time datetime=\"2024-01-24T08:57:00-05:00\">24 de enero de 2024<\/time><\/div>\n\n\n<div class=\"e-div e-div-0162dd5adc5b84600d5bea230d8c418559af071d\"><div class=\"e-mtf e-mtf--dlt  e-mtf--post-reading-time\"><div class=\"post-reading-time\"><span class=\"reading-time__time\">5<\/span> <span class=\"post-reading-time__label postfix\">min<\/span><\/div><\/div><\/div>\n<\/div>\n\n\n<div class=\"e-mtf e-mtf--dlt  e-mtf--author-details\"><div class=\"post-author\"><div class=\"post-author__avatar\"><img decoding=\"async\" src=\"https:\/\/secure.gravatar.com\/avatar\/d984965306a537bdd0254a008db1d280cd5b99db0313f635f72745cef047a9ff?s=96&#038;d=mm&#038;r=g\" alt=\"\"\/><\/div>                        <div class=\"post-author__content\">\n                            <p class=\"post-author__name\">Alex Visotzky<\/p>\n                        <\/div><\/div><\/div>\n\n<h2 class=\"wp-block-post-title\">\u00bfQu\u00e9 pueden (y no pueden) hacer los gobiernos locales para abordar la falta de vivienda?<\/h2>\n\n<div class=\"wp-block-post-excerpt\"><p class=\"wp-block-post-excerpt__excerpt\">Cada vez m\u00e1s, los gobiernos locales como ciudades, pueblos y condados se encuentran a la vanguardia de la crisis de la falta de vivienda. \u00bfA qui\u00e9n llama usted cuando necesita arreglar un bache o informar sobre una&#8230; <\/p><\/div>\n\n<div class=\"e-mtf e-mtf--dlt e-mtf--taxonomy e-mtf--taxonomy-blog-tags\"><\/div>\n\n<div class=\"e-mtf e-mtf--dlt  e-mtf--learn-more-label\"><span class=\"btn\"><\/span><\/div><\/div>\n<\/div><\/a><\/div><\/div><\/div>\n<\/div>\n<\/div><\/section>\n\n<section class=\"e-stn e-stn-fecd9f248d71f1b43eea1791ae2aa16e613ea50d e-stn--subscription-form\"><div class=\"container\">\n<div class=\"wp-block-b3rg-row e-row row\">\n<div class=\"wp-block-b3rg-column e-col e-col-5e53f80929c6668a38540fba03c97241dc5f6888 e-col--left  col-sm-12 col-lg-6\">\n<h2 class=\"wp-block-heading has-pure-white-color has-text-color has-link-color wp-elements-cec0e497456012f6e859233bfca8aaa4\"><strong>Mant\u00e9ngase informado: Soluciones, historias y formas de generar impacto<\/strong><\/h2>\n\n\n\n<p>Reg\u00edstrese para recibir actualizaciones sobre el trabajo de la Alianza, incluyendo las \u00faltimas investigaciones, esfuerzos de promoci\u00f3n e historias reales de progreso \u2014 adem\u00e1s de formas en las que puede ayudar a impulsar un cambio duradero.<\/p>\n<\/div>\n\n\n\n<div class=\"wp-block-b3rg-column e-col e-col-117d0cb7e6b4934330c33fb3a4c7ee0ab7e9abd4 e-col--right e-col--email-cta-form-wrpr  col-sm-12 col-lg-6\">\n<div id=\"mc_embed_shell\">\n      <link href=\"\/\/cdn-images.mailchimp.com\/embedcode\/classic-061523.css\" rel=\"stylesheet\" type=\"text\/css\"\/>\n  <style type=\"text\/css\">\n        #mc_embed_signup{background:#fff; false;clear:left; font:14px Helvetica,Arial,sans-serif; width: 600px;}\n        \/* Add your own Mailchimp form style overrides in your site stylesheet or in this style block.\n           We recommend moving this block and the preceding CSS link to the HEAD of your HTML file. *\/\n<\/style>\n<div id=\"mc_embed_signup\">\n    <form action=\"https:\/\/endhomelessness.us9.list-manage.com\/subscribe\/post?u=466b34a51377a9504fb2ebd8f&#038;id=1cf64328bb&#038;f_id=00f7f2e0f0\" method=\"post\" id=\"mc-embedded-subscribe-form\" name=\"mc-embedded-subscribe-form\" class=\"validate\" target=\"_blank\">\n        <div id=\"mc_embed_signup_scroll\">\n            <div class=\"indicates-required\"><span class=\"asterisk\">*<\/span> indica campo obligatorio<\/div>\n            <div class=\"mc-field-group\"><label for=\"mce-EMAIL\">Direcci\u00f3n de correo electr\u00f3nico <span class=\"asterisk\">*<\/span><\/label><input type=\"email\" name=\"EMAIL\" class=\"required email\" id=\"mce-EMAIL\" required=\"\" value=\"\"\/><\/div><div class=\"mc-field-group input-group\"><strong>\u00bfC\u00f3mo deber\u00edamos comunicarnos con usted? <\/strong><ul><li><input type=\"checkbox\" name=\"group[17873][1]\" id=\"mce-group[17873]-17873-0\" value=\"\"\/><label for=\"mce-group[17873]-17873-0\">Deseo recibir semanalmente herramientas, recursos y noticias sobre la falta de vivienda<\/label><\/li><li><input type=\"checkbox\" name=\"group[17873][2]\" id=\"mce-group[17873]-17873-1\" value=\"\"\/><label for=\"mce-group[17873]-17873-1\">Deseo recibir noticias generales y actualizaciones sobre el trabajo de la Alianza<\/label><\/li><\/ul><\/div><div class=\"mc-field-group\"><label for=\"mce-FNAME\">Nombre <\/label><input type=\"text\" name=\"FNAME\" class=\" text\" id=\"mce-FNAME\" value=\"\"\/><\/div><div class=\"mc-field-group\"><label for=\"mce-LNAME\">Apellido <\/label><input type=\"text\" name=\"LNAME\" class=\" text\" id=\"mce-LNAME\" value=\"\"\/><\/div>\n<div hidden=\"\"><input type=\"hidden\" name=\"tags\" value=\"12777910\"\/><\/div>\n        <div id=\"mce-responses\" class=\"clear\">\n            <div class=\"response\" id=\"mce-error-response\" style=\"display: none;\"><\/div>\n            <div class=\"response\" id=\"mce-success-response\" style=\"display: none;\"><\/div>\n        <\/div><div aria-hidden=\"true\" style=\"position: absolute; left: -5000px;\"><input type=\"text\" name=\"b_466b34a51377a9504fb2ebd8f_1cf64328bb\" tabindex=\"-1\" value=\"\"\/><\/div><div class=\"clear\"><input type=\"submit\" name=\"subscribe\" id=\"mc-embedded-subscribe\" class=\"button\" value=\"Suscribirse\"\/><\/div>\n    <\/div>\n<\/form>\n<\/div>\n<script type=\"text\/javascript\" src=\"\/\/s3.amazonaws.com\/downloads.mailchimp.com\/js\/mc-validate.js\"><\/script><script type=\"text\/javascript\">(function($) {window.fnames = new Array(); window.ftypes = new Array();fnames[0]='EMAIL';ftypes[0]='email';fnames[1]='FNAME';ftypes[1]='text';fnames[2]='LNAME';ftypes[2]='text';fnames[12]='MMERGE12';ftypes[12]='zip';fnames[4]='MMERGE4';ftypes[4]='text';fnames[7]='CITY';ftypes[7]='text';fnames[8]='STATE';ftypes[8]='text';fnames[11]='MMERGE11';ftypes[11]='text';fnames[13]='MMERGE13';ftypes[13]='text';fnames[3]='MMERGE3';ftypes[3]='text';fnames[5]='MMERGE5';ftypes[5]='text';}(jQuery));var $mcj = jQuery.noConflict(true);<\/script><\/div>\n<\/div>\n<\/div>\n<\/div><\/section>\n","protected":false},"excerpt":{"rendered":"","protected":false},"author":49,"featured_media":11183,"template":"","meta":{"_acf_changed":false,"show_custom_date":false,"custom_date":"","featured":false,"featured_image":0,"learn_more_label":"","image_alt_text":"","learn_more_type":"","show_popup":false,"learn_more_link_file":0,"event_date":false,"event_start_date":"","event_end_date":"","place_holder_image_url":"","post_reading_time":"3","notification_enabled":false,"notification_text":"","notification_logo":"","notification_expiration_time":0,"is_enable_transparent_header":false,"hide_from_list_view":false,"selected_taxonomy_terms":{"blog-category":[],"blog-audience":[465,468],"blog-best-practice":[],"blog-key-issue":[477,479],"translation_priority":[]},"selected_primary_terms":[],"learn_more_link":[],"featured_page_list":[],"notification_enabled_post_list":[],"_relevanssi_hide_post":"","_relevanssi_hide_content":"","_relevanssi_pin_for_all":"","_relevanssi_pin_keywords":"","_relevanssi_unpin_keywords":"","_relevanssi_related_keywords":"","_relevanssi_related_include_ids":"","_relevanssi_related_exclude_ids":"","_relevanssi_related_no_append":"","_relevanssi_related_not_related":"","_relevanssi_related_posts":"18460,18482,18286","_relevanssi_noindex_reason":"","inline_featured_image":false,"news_publication":"","footnotes":""},"blog-category":[],"blog-audience":[465,468],"blog-best-practice":[],"blog-key-issue":[477,479],"class_list":["post-18544","blog","type-blog","status-publish","has-post-thumbnail","hentry","blog-audience-continuos-de-atencion","blog-audience-directores-y-gerentes-de-programas","blog-key-issue-equidad","blog-key-issue-mejora-del-acceso-a-la-atencion-sanitaria"],"acf":[],"yoast_head":"<!-- This site is optimized with the Yoast SEO Premium plugin v24.7 (Yoast SEO v27.4) - https:\/\/yoast.com\/product\/yoast-seo-premium-wordpress\/ -->\n<title>La semana en resumen: Lo que necesita saber - Alianza Nacional para Erradicar la Falta de Vivienda<\/title>\n<meta name=\"description\" content=\"The National Alliance to End Homelessness is a nonpartisan, nonprofit organization committed to preventing and ending homelessness in the United States.\" \/>\n<meta name=\"robots\" content=\"index, follow, max-snippet:-1, max-image-preview:large, max-video-preview:-1\" \/>\n<link rel=\"canonical\" href=\"https:\/\/endhomelessness.org\/es\/blog\/la-semana-en-resumen-lo-que-necesita-saber\/\" \/>\n<meta property=\"og:locale\" content=\"es_ES\" \/>\n<meta property=\"og:type\" content=\"article\" \/>\n<meta property=\"og:title\" content=\"La semana en resumen: Lo que necesita saber\" \/>\n<meta property=\"og:description\" content=\"The National Alliance to End Homelessness is a nonpartisan, nonprofit organization committed to preventing and ending homelessness in the United States.\" \/>\n<meta property=\"og:url\" content=\"https:\/\/endhomelessness.org\/es\/blog\/la-semana-en-resumen-lo-que-necesita-saber\/\" \/>\n<meta property=\"og:site_name\" content=\"Alianza Nacional para Erradicar la Falta de Vivienda\" \/>\n<meta property=\"article:publisher\" content=\"https:\/\/www.facebook.com\/naehomelessness\/\" \/>\n<meta property=\"article:modified_time\" content=\"2025-04-07T04:30:56+00:00\" \/>\n<meta property=\"og:image\" content=\"https:\/\/endhomelessness.org\/wp-content\/uploads\/2025\/01\/shutterstock_1395618470-scaled-e1711119666493-2048x856-1-1.jpg\" \/>\n\t<meta property=\"og:image:width\" content=\"2048\" \/>\n\t<meta property=\"og:image:height\" content=\"856\" \/>\n\t<meta property=\"og:image:type\" content=\"image\/jpeg\" \/>\n<meta name=\"twitter:card\" content=\"summary_large_image\" \/>\n<meta name=\"twitter:label1\" content=\"Tiempo de lectura\" \/>\n\t<meta name=\"twitter:data1\" content=\"4 minutos\" \/>\n<script type=\"application\/ld+json\" class=\"yoast-schema-graph\">{\"@context\":\"https:\\\/\\\/schema.org\",\"@graph\":[{\"@type\":\"WebPage\",\"@id\":\"https:\\\/\\\/endhomelessness.org\\\/es\\\/blog\\\/la-semana-en-resumen-lo-que-necesita-saber\\\/\",\"url\":\"https:\\\/\\\/endhomelessness.org\\\/es\\\/blog\\\/la-semana-en-resumen-lo-que-necesita-saber\\\/\",\"name\":\"La semana en resumen: Lo que necesita saber - Alianza Nacional para Erradicar la Falta de Vivienda\",\"isPartOf\":{\"@id\":\"https:\\\/\\\/endhomelessness.org\\\/es\\\/#website\"},\"primaryImageOfPage\":{\"@id\":\"https:\\\/\\\/endhomelessness.org\\\/es\\\/blog\\\/la-semana-en-resumen-lo-que-necesita-saber\\\/#primaryimage\"},\"image\":{\"@id\":\"https:\\\/\\\/endhomelessness.org\\\/es\\\/blog\\\/la-semana-en-resumen-lo-que-necesita-saber\\\/#primaryimage\"},\"thumbnailUrl\":\"https:\\\/\\\/endhomelessness.org\\\/wp-content\\\/uploads\\\/2025\\\/01\\\/shutterstock_1395618470-scaled-e1711119666493-2048x856-1-1.jpg\",\"datePublished\":\"2025-02-07T20:11:00+00:00\",\"dateModified\":\"2025-04-07T04:30:56+00:00\",\"description\":\"The National Alliance to End Homelessness is a nonpartisan, nonprofit organization committed to preventing and ending homelessness in the United States.\",\"breadcrumb\":{\"@id\":\"https:\\\/\\\/endhomelessness.org\\\/es\\\/blog\\\/la-semana-en-resumen-lo-que-necesita-saber\\\/#breadcrumb\"},\"inLanguage\":\"es\",\"potentialAction\":[{\"@type\":\"ReadAction\",\"target\":[\"https:\\\/\\\/endhomelessness.org\\\/es\\\/blog\\\/la-semana-en-resumen-lo-que-necesita-saber\\\/\"]}]},{\"@type\":\"ImageObject\",\"inLanguage\":\"es\",\"@id\":\"https:\\\/\\\/endhomelessness.org\\\/es\\\/blog\\\/la-semana-en-resumen-lo-que-necesita-saber\\\/#primaryimage\",\"url\":\"https:\\\/\\\/endhomelessness.org\\\/wp-content\\\/uploads\\\/2025\\\/01\\\/shutterstock_1395618470-scaled-e1711119666493-2048x856-1-1.jpg\",\"contentUrl\":\"https:\\\/\\\/endhomelessness.org\\\/wp-content\\\/uploads\\\/2025\\\/01\\\/shutterstock_1395618470-scaled-e1711119666493-2048x856-1-1.jpg\",\"width\":2048,\"height\":856},{\"@type\":\"BreadcrumbList\",\"@id\":\"https:\\\/\\\/endhomelessness.org\\\/es\\\/blog\\\/la-semana-en-resumen-lo-que-necesita-saber\\\/#breadcrumb\",\"itemListElement\":[{\"@type\":\"ListItem\",\"position\":1,\"name\":\"Inicio\",\"item\":\"https:\\\/\\\/endhomelessness.org\\\/es\\\/home-page-2-2-2\\\/\"},{\"@type\":\"ListItem\",\"position\":2,\"name\":\"La semana en resumen: Lo que necesita saber\"}]},{\"@type\":\"WebSite\",\"@id\":\"https:\\\/\\\/endhomelessness.org\\\/es\\\/#website\",\"url\":\"https:\\\/\\\/endhomelessness.org\\\/es\\\/\",\"name\":\"National Alliance to End Homelessness\",\"description\":\"Organizaci\u00f3n no partidista para prevenir y erradicar la falta de vivienda en EE.UU.\",\"publisher\":{\"@id\":\"https:\\\/\\\/endhomelessness.org\\\/es\\\/#organization\"},\"potentialAction\":[{\"@type\":\"SearchAction\",\"target\":{\"@type\":\"EntryPoint\",\"urlTemplate\":\"https:\\\/\\\/endhomelessness.org\\\/es\\\/?s={search_term_string}\"},\"query-input\":{\"@type\":\"PropertyValueSpecification\",\"valueRequired\":true,\"valueName\":\"search_term_string\"}}],\"inLanguage\":\"es\"},{\"@type\":\"Organization\",\"@id\":\"https:\\\/\\\/endhomelessness.org\\\/es\\\/#organization\",\"name\":\"Alianza Nacional para Erradicar la Falta de Vivienda\",\"url\":\"https:\\\/\\\/endhomelessness.org\\\/es\\\/\",\"logo\":{\"@type\":\"ImageObject\",\"inLanguage\":\"es\",\"@id\":\"https:\\\/\\\/endhomelessness.org\\\/es\\\/#\\\/schema\\\/logo\\\/image\\\/\",\"url\":\"https:\\\/\\\/endhomelessness.org\\\/wp-content\\\/uploads\\\/2024\\\/09\\\/logo-2.webp\",\"contentUrl\":\"https:\\\/\\\/endhomelessness.org\\\/wp-content\\\/uploads\\\/2024\\\/09\\\/logo-2.webp\",\"width\":687,\"height\":361,\"caption\":\"Alianza Nacional para Erradicar la Falta de Vivienda\"},\"image\":{\"@id\":\"https:\\\/\\\/endhomelessness.org\\\/es\\\/#\\\/schema\\\/logo\\\/image\\\/\"},\"sameAs\":[\"https:\\\/\\\/www.facebook.com\\\/naehomelessness\\\/\",\"https:\\\/\\\/www.youtube.com\\\/@EndingHomelessness\",\"https:\\\/\\\/www.linkedin.com\\\/company\\\/national-alliance-to-end-homelessness\\\/\",\"https:\\\/\\\/instagram.com\\\/naeh_endhomelessness\"]}]}<\/script>\n<!-- \/ Yoast SEO Premium plugin. -->","yoast_head_json":{"title":"La semana en resumen: Lo que necesita saber - Alianza Nacional para Erradicar la Falta de Vivienda","description":"The National Alliance to End Homelessness is a nonpartisan, nonprofit organization committed to preventing and ending homelessness in the United States.","robots":{"index":"index","follow":"follow","max-snippet":"max-snippet:-1","max-image-preview":"max-image-preview:large","max-video-preview":"max-video-preview:-1"},"canonical":"https:\/\/endhomelessness.org\/es\/blog\/la-semana-en-resumen-lo-que-necesita-saber\/","og_locale":"es_ES","og_type":"article","og_title":"La semana en resumen: Lo que necesita saber","og_description":"The National Alliance to End Homelessness is a nonpartisan, nonprofit organization committed to preventing and ending homelessness in the United States.","og_url":"https:\/\/endhomelessness.org\/es\/blog\/la-semana-en-resumen-lo-que-necesita-saber\/","og_site_name":"Alianza Nacional para Erradicar la Falta de Vivienda","article_publisher":"https:\/\/www.facebook.com\/naehomelessness\/","article_modified_time":"2025-04-07T04:30:56+00:00","og_image":[{"width":2048,"height":856,"url":"https:\/\/endhomelessness.org\/wp-content\/uploads\/2025\/01\/shutterstock_1395618470-scaled-e1711119666493-2048x856-1-1.jpg","type":"image\/jpeg"}],"twitter_card":"summary_large_image","twitter_misc":{"Tiempo de lectura":"4 minutos"},"schema":{"@context":"https:\/\/schema.org","@graph":[{"@type":"WebPage","@id":"https:\/\/endhomelessness.org\/es\/blog\/la-semana-en-resumen-lo-que-necesita-saber\/","url":"https:\/\/endhomelessness.org\/es\/blog\/la-semana-en-resumen-lo-que-necesita-saber\/","name":"La semana en resumen: Lo que necesita saber - Alianza Nacional para Erradicar la Falta de Vivienda","isPartOf":{"@id":"https:\/\/endhomelessness.org\/es\/#website"},"primaryImageOfPage":{"@id":"https:\/\/endhomelessness.org\/es\/blog\/la-semana-en-resumen-lo-que-necesita-saber\/#primaryimage"},"image":{"@id":"https:\/\/endhomelessness.org\/es\/blog\/la-semana-en-resumen-lo-que-necesita-saber\/#primaryimage"},"thumbnailUrl":"https:\/\/endhomelessness.org\/wp-content\/uploads\/2025\/01\/shutterstock_1395618470-scaled-e1711119666493-2048x856-1-1.jpg","datePublished":"2025-02-07T20:11:00+00:00","dateModified":"2025-04-07T04:30:56+00:00","description":"The National Alliance to End Homelessness is a nonpartisan, nonprofit organization committed to preventing and ending homelessness in the United States.","breadcrumb":{"@id":"https:\/\/endhomelessness.org\/es\/blog\/la-semana-en-resumen-lo-que-necesita-saber\/#breadcrumb"},"inLanguage":"es","potentialAction":[{"@type":"ReadAction","target":["https:\/\/endhomelessness.org\/es\/blog\/la-semana-en-resumen-lo-que-necesita-saber\/"]}]},{"@type":"ImageObject","inLanguage":"es","@id":"https:\/\/endhomelessness.org\/es\/blog\/la-semana-en-resumen-lo-que-necesita-saber\/#primaryimage","url":"https:\/\/endhomelessness.org\/wp-content\/uploads\/2025\/01\/shutterstock_1395618470-scaled-e1711119666493-2048x856-1-1.jpg","contentUrl":"https:\/\/endhomelessness.org\/wp-content\/uploads\/2025\/01\/shutterstock_1395618470-scaled-e1711119666493-2048x856-1-1.jpg","width":2048,"height":856},{"@type":"BreadcrumbList","@id":"https:\/\/endhomelessness.org\/es\/blog\/la-semana-en-resumen-lo-que-necesita-saber\/#breadcrumb","itemListElement":[{"@type":"ListItem","position":1,"name":"Inicio","item":"https:\/\/endhomelessness.org\/es\/home-page-2-2-2\/"},{"@type":"ListItem","position":2,"name":"La semana en resumen: Lo que necesita saber"}]},{"@type":"WebSite","@id":"https:\/\/endhomelessness.org\/es\/#website","url":"https:\/\/endhomelessness.org\/es\/","name":"National Alliance to End Homelessness","description":"Organizaci\u00f3n no partidista para prevenir y erradicar la falta de vivienda en EE.UU.","publisher":{"@id":"https:\/\/endhomelessness.org\/es\/#organization"},"potentialAction":[{"@type":"SearchAction","target":{"@type":"EntryPoint","urlTemplate":"https:\/\/endhomelessness.org\/es\/?s={search_term_string}"},"query-input":{"@type":"PropertyValueSpecification","valueRequired":true,"valueName":"search_term_string"}}],"inLanguage":"es"},{"@type":"Organization","@id":"https:\/\/endhomelessness.org\/es\/#organization","name":"Alianza Nacional para Erradicar la Falta de Vivienda","url":"https:\/\/endhomelessness.org\/es\/","logo":{"@type":"ImageObject","inLanguage":"es","@id":"https:\/\/endhomelessness.org\/es\/#\/schema\/logo\/image\/","url":"https:\/\/endhomelessness.org\/wp-content\/uploads\/2024\/09\/logo-2.webp","contentUrl":"https:\/\/endhomelessness.org\/wp-content\/uploads\/2024\/09\/logo-2.webp","width":687,"height":361,"caption":"Alianza Nacional para Erradicar la Falta de Vivienda"},"image":{"@id":"https:\/\/endhomelessness.org\/es\/#\/schema\/logo\/image\/"},"sameAs":["https:\/\/www.facebook.com\/naehomelessness\/","https:\/\/www.youtube.com\/@EndingHomelessness","https:\/\/www.linkedin.com\/company\/national-alliance-to-end-homelessness\/","https:\/\/instagram.com\/naeh_endhomelessness"]}]}},"_links":{"self":[{"href":"https:\/\/endhomelessness.org\/es\/wp-json\/wp\/v2\/blog\/18544","targetHints":{"allow":["GET"]}}],"collection":[{"href":"https:\/\/endhomelessness.org\/es\/wp-json\/wp\/v2\/blog"}],"about":[{"href":"https:\/\/endhomelessness.org\/es\/wp-json\/wp\/v2\/types\/blog"}],"author":[{"embeddable":true,"href":"https:\/\/endhomelessness.org\/es\/wp-json\/wp\/v2\/users\/49"}],"version-history":[{"count":0,"href":"https:\/\/endhomelessness.org\/es\/wp-json\/wp\/v2\/blog\/18544\/revisions"}],"wp:featuredmedia":[{"embeddable":true,"href":"https:\/\/endhomelessness.org\/es\/wp-json\/wp\/v2\/media\/11183"}],"wp:attachment":[{"href":"https:\/\/endhomelessness.org\/es\/wp-json\/wp\/v2\/media?parent=18544"}],"wp:term":[{"taxonomy":"blog-category","embeddable":true,"href":"https:\/\/endhomelessness.org\/es\/wp-json\/wp\/v2\/blog-category?post=18544"},{"taxonomy":"blog-audience","embeddable":true,"href":"https:\/\/endhomelessness.org\/es\/wp-json\/wp\/v2\/blog-audience?post=18544"},{"taxonomy":"blog-best-practice","embeddable":true,"href":"https:\/\/endhomelessness.org\/es\/wp-json\/wp\/v2\/blog-best-practice?post=18544"},{"taxonomy":"blog-key-issue","embeddable":true,"href":"https:\/\/endhomelessness.org\/es\/wp-json\/wp\/v2\/blog-key-issue?post=18544"}],"curies":[{"name":"wp","href":"https:\/\/api.w.org\/{rel}","templated":true}]}}