{"id":18621,"date":"2022-09-16T08:56:00","date_gmt":"2022-09-16T12:56:00","guid":{"rendered":"https:\/\/endhomelessness.org\/blog\/5-lecciones-relacionadas-con-la-pandemia-del-nuevo-informe-ahar\/"},"modified":"2025-04-07T00:33:32","modified_gmt":"2025-04-07T04:33:32","slug":"5-lecciones-relacionadas-con-la-pandemia-del-nuevo-informe-ahar","status":"publish","type":"blog","link":"https:\/\/endhomelessness.org\/es\/blog\/5-lecciones-relacionadas-con-la-pandemia-del-nuevo-informe-ahar\/","title":{"rendered":"5 lecciones relacionadas con la pandemia del nuevo informe AHAR"},"content":{"rendered":"\n<section class=\"e-stn e-stn-642edd2d478cb6d72ad11a3f94eb096b46aa8c61 e-stn--bi-banner e-stn--blog-inner-banner e-mt-0\"><div class=\"container\">\n<div class=\"wp-block-b3rg-row e-row row\">\n<div class=\"wp-block-b3rg-column e-col e-col-a1723a90dcabee317021282e0a59fa1add95d7a3 e-col--blog-inner-banner-content-wrpr  col-sm-12 col-lg-6\">\n<div class=\"e-div e-div-368784d6f024bd28fc93462eb0616dec8d069665 e-div--blog-inner-post-type-tag\"><span>BLOG<\/span>\n<\/div>\n\n\n<div class=\"e-mtf e-mtf--dlt  e-mtf--post-date\">Abr 30, 2026<\/div>\n\n<h1 class=\"wp-block-post-title\">5 lecciones relacionadas con la pandemia del nuevo informe AHAR<\/h1>\n\n\n<div class=\"e-div e-div-976a3f7724ffcd71e737afe4e1bbffbbf3dd036f e-div--bi-read-time\"><div class=\"e-mtf e-mtf--dlt  e-mtf--author-with-link\"><a href=\"https:\/\/endhomelessness.org\/es\/author\/joy-moses\/\" class=\"post-author-url\">\n    <div class=\"post-author\">            <div class=\"post-author__content\">\n                <p class=\"post-author__name\">Joy Moses<\/p>\n            <\/div>\n        <\/div>\n    <\/a><\/div>\n\n\n<div class=\"e-div e-div-0162dd5adc5b84600d5bea230d8c418559af071d\"><div class=\"e-mtf e-mtf--dlt  e-mtf--post-reading-time\"><div class=\"post-reading-time\"><span class=\"reading-time__time\">4<\/span> <span class=\"post-reading-time__label postfix\">min<\/span><\/div><\/div><\/div>\n<\/div>\n<\/div>\n\n\n\n<div class=\"wp-block-b3rg-column e-col e-col-0c503a5984f4fbd04e91061f205fb824382fb9a6 e-col--blog-inner-banner-media-wrpr  col-sm-12 col-lg-6\"><figure class=\"wp-block-post-featured-image\"><img decoding=\"async\" src=\"https:\/\/endhomelessness.org\/wp-content\/uploads\/2024\/10\/solutions-1200-1.jpg\" class=\"attachment-post-thumbnail size-post-thumbnail wp-post-image\" alt=\"Written by Joy Moses\" style=\"object-fit:cover;\" srcset=\"https:\/\/endhomelessness.org\/wp-content\/uploads\/2024\/10\/solutions-1200-1.jpg 1200w, https:\/\/endhomelessness.org\/wp-content\/uploads\/2024\/10\/solutions-1200-1-300x158.jpg 300w, https:\/\/endhomelessness.org\/wp-content\/uploads\/2024\/10\/solutions-1200-1-1024x538.jpg 1024w, https:\/\/endhomelessness.org\/wp-content\/uploads\/2024\/10\/solutions-1200-1-768x403.jpg 768w, https:\/\/endhomelessness.org\/wp-content\/uploads\/2024\/10\/solutions-1200-1-575x302.jpg 575w\" sizes=\"(max-width: 1200px) 100vw, 1200px\" \/><\/figure><\/div>\n<\/div>\n<\/div><\/section>\n\n<section class=\"e-stn e-stn-ad75c7bf6c94c4c74b1ce488ab717de8fdff6ca2 e-stn--bi-content-with-media-section e-mt-0 e-pt-120  e-pt-sm-50 e-pb-60\"><div class=\"container\">\n<div class=\"wp-block-b3rg-row e-row row\">\n<div class=\"wp-block-b3rg-column e-col e-col-f1092f68b065a750a7ad99323cbd3499d1ad2b1c e-col--bi-content-with-media-section-content-wrapper e-col--blog-inner-contents  col-sm-12 col-lg-9\">\n<p>El \u00faltimo d\u00eda de agosto, el Departamento de Vivienda y Desarrollo Urbano de los Estados Unidos (HUD) public\u00f3 el <a href=\"https:\/\/www.huduser.gov\/portal\/datasets\/ahar\/2020-ahar-part-2-pit-estimates-of-homelessness-in-the-us.html\" target=\"_blank\" rel=\"noreferrer noopener\"><em>AHAR 2020: Parte 2 &#8211; Estimaciones anuales de la falta de vivienda en los EE.UU.<\/em><\/a><\/p>\n\n\n\n<p>El informe de Evaluaci\u00f3n Anual de la Falta de Vivienda (AHAR) destaca los datos centrados en las personas que viven en albergues del sistema de servicios para personas sin hogar a lo largo de 2019 y 2020. Este marco temporal ofrece una imagen del statu quo inmediatamente antes y despu\u00e9s del inicio de la pandemia. Estos cinco patrones ser\u00e1n los que habr\u00e1 que vigilar a medida que surjan nuevos datos.  <\/p>\n\n\n\n<div class=\"e-div e-div-488ca5d2d8d88cbdf50f0d104e2ab2560d3630ec e-div--blog-inner-text-cta\">\n<h3 class=\"wp-block-heading\">1) Los albergues atendieron a poblaciones espec\u00edficas<\/h3>\n\n\n\n<p>En el primer a\u00f1o de la pandemia, una mayor proporci\u00f3n de las personas alojadas en refugios formaban parte de poblaciones con necesidades m\u00e1s elevadas. En comparaci\u00f3n con el a\u00f1o anterior (2019), los siguientes grupos experimentaron crecimientos poblacionales en los refugios durante 2020: <\/p>\n\n\n\n<ul class=\"wp-block-list\">\n<li>Personas con discapacidades (aumentando del 47 al 50 por ciento)<\/li>\n\n\n\n<li>Personas cr\u00f3nicamente sin hogar (aumentando del 16 al 20 por ciento)<\/li>\n\n\n\n<li>Sobrevivientes que actualmente huyen de la violencia dom\u00e9stica (aumentando del 6 al 7 por ciento)<\/li>\n<\/ul>\n\n\n\n<p><br\/>Considerando que estas cifras de refugios crecieron, los sistemas funcionaron como se esperaba: alcanzando a las personas que pueden tener las mayores necesidades y desaf\u00edos y satisfaciendo sus necesidades inmediatas de refugio.<\/p>\n\n\n\n<p>Es importante destacar que m\u00e1s personas en los refugios ten\u00edan v\u00ednculos m\u00e1s profundos con la falta de vivienda (es decir, participaci\u00f3n continua o episodios m\u00faltiples). Es posible que las personas que no recib\u00edan el tiempo y los recursos necesarios antes de la pandemia recibieran m\u00e1s de estos una vez que los recursos espec\u00edficos de la pandemia entraron en vigor. Las partes interesadas deber\u00edan preocuparse por lo que suceder\u00e1 con estas personas cuando los recursos de ayuda disminuyan y la demanda de servicios potencialmente vuelva a los niveles anteriores.  <\/p>\n<\/div>\n\n\n\n<div style=\"height:50px\" aria-hidden=\"true\" class=\"wp-block-spacer\"><\/div>\n\n\n\n<div class=\"e-div e-div-488ca5d2d8d88cbdf50f0d104e2ab2560d3630ec e-div--blog-inner-text-cta\">\n<h3 class=\"wp-block-heading\">2) Las familias afroamericanas est\u00e1n en una crisis de vivienda<\/h3>\n\n\n\n<p><br\/>Varias fuentes, incluyendo el <a href=\"https:\/\/www.huduser.gov\/portal\/datasets\/ahar.html\" target=\"_blank\" rel=\"noreferrer noopener\">Recuento Puntual anual<\/a> y la <a href=\"https:\/\/evictionlab.org\/demographics-of-eviction\/\" target=\"_blank\" rel=\"noreferrer noopener\">investigaci\u00f3n sobre desalojos<\/a>, se\u00f1alan regularmente que las familias afroamericanas est\u00e1n experimentando una crisis de vivienda \u00fanica. El reciente informe AHAR Parte 2 solo se suma a esta evidencia. <\/p>\n\n\n\n<p>En general, muchas menos familias dependieron de los refugios durante el primer a\u00f1o de la pandemia, con una disminuci\u00f3n del 17,8 por ciento en esta poblaci\u00f3n entre 2019 y 2020. Sin embargo, este cambio no ocurri\u00f3 de manera equitativa. <\/p>\n\n\n\n<p>A pesar de una disminuci\u00f3n en las familias en refugios, las disparidades raciales en cuanto a qu\u00e9 familias experimentaron la falta de vivienda aumentaron; incluso antes del COVID-19, la mayor\u00eda de las familias sin hogar (52 por ciento) eran afroamericanas. El grupo estaba enormemente sobrerrepresentado, constituyendo solo el 14 por ciento de la poblaci\u00f3n general. Estas disparidades se agravaron durante el primer a\u00f1o de la crisis, con los afroamericanos representando ahora el 54 por ciento de las familias sin hogar. Es motivo de preocupaci\u00f3n que la proporci\u00f3n de familias afroamericanas que experimentan la falta de vivienda haya aumentado mientras que el n\u00famero total de familias que experimentan la falta de vivienda disminuy\u00f3.   <\/p>\n<\/div>\n\n\n\n<div style=\"height:50px\" aria-hidden=\"true\" class=\"wp-block-spacer\"><\/div>\n\n\n\n<div class=\"e-div e-div-488ca5d2d8d88cbdf50f0d104e2ab2560d3630ec e-div--blog-inner-text-cta\">\n<h3 class=\"wp-block-heading\">3) El uso de refugios probablemente se vio afectado por la estabilidad de la vivienda<\/h3>\n\n\n\n<p><br\/>En general, el n\u00famero de personas alojadas en refugios cay\u00f3 un 14 por ciento entre 2019 y 2020. Dos factores principales pueden haber jugado un papel en esta disminuci\u00f3n: la capacidad reducida de los refugios debido a las restricciones del COVID-19 y la presencia de una moratoria nacional de desalojos. <\/p>\n\n\n\n<p>Muchos refugios ten\u00edan menos camas debido a los requisitos de distanciamiento social impuestos por la pandemia. Adem\u00e1s, temiendo la propagaci\u00f3n del COVID-19, algunos posibles usuarios pueden haber evitado espacios concurridos como los refugios colectivos. <\/p>\n\n\n\n<p>Sin embargo, el uso de refugios probablemente se vio afectado por una estabilidad de vivienda m\u00e1s amplia. Una <a href=\"https:\/\/endhomelessness.org\/wp-content\/uploads\/2024\/10\/IN11516.pdf\" target=\"_blank\" rel=\"noreferrer noopener\">moratoria de desalojos a nivel nacional<\/a> comenz\u00f3 en marzo de 2020, manteniendo a muchas personas en riesgo de desalojo en sus hogares durante los primeros d\u00edas de la pandemia. Medidas adicionales, como el programa de Asistencia de Alquiler de Emergencia (ERA), tambi\u00e9n ayudaron a los inquilinos en riesgo; sin embargo, este programa se a\u00f1adi\u00f3 despu\u00e9s del per\u00edodo de informe para el reciente AHAR Parte 2, por lo que sus efectos a\u00fan no pueden medirse.  <\/p>\n<\/div>\n\n\n\n<div style=\"height:50px\" aria-hidden=\"true\" class=\"wp-block-spacer\"><\/div>\n\n\n\n<div class=\"e-div e-div-488ca5d2d8d88cbdf50f0d104e2ab2560d3630ec e-div--blog-inner-text-cta\">\n<h3 class=\"wp-block-heading\">4) La falta de vivienda por primera vez fue prevalente<\/h3>\n\n\n\n<p><br\/>Incluso durante la pandemia, la mayor\u00eda de las personas en refugios (59 por ciento) estaban experimentando la falta de vivienda por primera vez. Estos datos coinciden con los reportados en informes AHAR anteriores. <\/p>\n\n\n\n<p>Las narrativas que enmarcan la falta de vivienda \u00fanicamente en torno a aquellos que la han experimentado durante m\u00e1s tiempo y enfrentan desaf\u00edos significativos (como el uso severo de sustancias o problemas de salud mental) desv\u00edan la conversaci\u00f3n nacional, y a veces envenenan los esfuerzos para encontrar soluciones reales. Resolver la falta de vivienda tambi\u00e9n requerir\u00e1 inversiones en personas que est\u00e1n en crisis por primera vez, y que pueden necesitar solo asistencia temporal para salir de la falta de vivienda y resolver su crisis de vivienda. <\/p>\n<\/div>\n\n\n\n<div style=\"height:50px\" aria-hidden=\"true\" class=\"wp-block-spacer\"><\/div>\n\n\n\n<div class=\"e-div e-div-488ca5d2d8d88cbdf50f0d104e2ab2560d3630ec e-div--blog-inner-text-cta\">\n<h3 class=\"wp-block-heading\">5) Se necesita mucha m\u00e1s investigaci\u00f3n<\/h3>\n\n\n\n<p><br\/>Se desconoce mucho acerca de las personas que fueron atendidas por los sistemas de servicios para personas sin hogar durante este per\u00edodo y aquellas que no lo fueron. Una cantidad considerablemente mayor de personas en refugios eran individuos con discapacidades, personas en situaci\u00f3n de falta de vivienda cr\u00f3nica y personas que hu\u00edan de la violencia dom\u00e9stica. \u00bfQu\u00e9 resultados a largo plazo obtendr\u00e1n dichos grupos a partir de la ayuda relacionada con COVID y la recepci\u00f3n de servicios durante un per\u00edodo de menor demanda (si los hubiere)? \u00bfQu\u00e9 sucede con todas aquellas personas y familias que permanecieron en sus lugares durante la pandemia? \u00bfQu\u00e9 beneficios y desventajas experimentaron?    <\/p>\n\n\n\n<p>El informe AHAR Parte 2 deber\u00eda ser un punto de partida para la investigaci\u00f3n y el trabajo de datos emprendidos para comprender lo que la pandemia puede ense\u00f1arnos sobre la reducci\u00f3n y la erradicaci\u00f3n de la falta de vivienda.<\/p>\n<\/div>\n<\/div>\n\n\n\n<div class=\"wp-block-b3rg-column e-col e-col-07ab2b4105c7c9441fb36c05bc0c1bc8023c6e2c e-col--bi-right-side e-col--blog-inner-related-posts  col-sm-12 col-lg-3\">\n<div class=\"e-div e-div-59078f910ce4d15d28fcab7c9003952a96233d13 e-div--js-bi-sticky-left\">\n<div class=\"e-div e-div-6ff6ea2961c0f998010e1194547bb1cb17285b20 e-div--bi-social-icons\">\n<div class=\"e-div e-div-8fd4c05a3f9dd204e3dd79e614332da9f57f6b56 e-div--social-share-tooltip\"><div class=\"heateor_sss_sharing_container heateor_sss_horizontal_sharing\" data-heateor-ss-offset=\"0\" data-heateor-sss-href='https:\/\/endhomelessness.org\/es\/blog\/5-lecciones-relacionadas-con-la-pandemia-del-nuevo-informe-ahar\/'><div class=\"heateor_sss_sharing_ul\"><a aria-label=\"Copy Link\" class=\"heateor_sss_button_copy_link\" title=\"Copy Link\" rel=\"noopener\" href=\"https:\/\/endhomelessness.org\/es\/blog\/5-lecciones-relacionadas-con-la-pandemia-del-nuevo-informe-ahar\/\" onclick=\"event.preventDefault()\" style=\"font-size:32px!important;box-shadow:none;display:inline-block;vertical-align:middle\"><span class=\"heateor_sss_svg heateor_sss_s__default heateor_sss_s_copy_link\" style=\"background-color:#ffc112;width:35px;height:35px;border-radius:999px;display:inline-block;opacity:1;float:left;font-size:32px;box-shadow:none;display:inline-block;font-size:16px;padding:0 4px;vertical-align:middle;background-repeat:repeat;overflow:hidden;padding:0;cursor:pointer;box-sizing:content-box\"><svg style=\"display:block;border-radius:999px;\" focusable=\"false\" aria-hidden=\"true\" xmlns=\"http:\/\/www.w3.org\/2000\/svg\" width=\"100%\" height=\"100%\" viewBox=\"-4 -4 40 40\"><path fill=\"#fff\" d=\"M24.412 21.177c0-.36-.126-.665-.377-.917l-2.804-2.804a1.235 1.235 0 0 0-.913-.378c-.377 0-.7.144-.97.43.026.028.11.11.255.25.144.14.24.236.29.29s.117.14.2.256c.087.117.146.232.177.344.03.112.046.236.046.37 0 .36-.126.666-.377.918a1.25 1.25 0 0 1-.918.377 1.4 1.4 0 0 1-.373-.047 1.062 1.062 0 0 1-.345-.175 2.268 2.268 0 0 1-.256-.2 6.815 6.815 0 0 1-.29-.29c-.14-.142-.223-.23-.25-.254-.297.28-.445.607-.445.984 0 .36.126.664.377.916l2.778 2.79c.243.243.548.364.917.364.36 0 .665-.118.917-.35l1.982-1.97c.252-.25.378-.55.378-.9zm-9.477-9.504c0-.36-.126-.665-.377-.917l-2.777-2.79a1.235 1.235 0 0 0-.913-.378c-.35 0-.656.12-.917.364L7.967 9.92c-.254.252-.38.553-.38.903 0 .36.126.665.38.917l2.802 2.804c.242.243.547.364.916.364.377 0 .7-.14.97-.418-.026-.027-.11-.11-.255-.25s-.24-.235-.29-.29a2.675 2.675 0 0 1-.2-.255 1.052 1.052 0 0 1-.176-.344 1.396 1.396 0 0 1-.047-.37c0-.36.126-.662.377-.914.252-.252.557-.377.917-.377.136 0 .26.015.37.046.114.03.23.09.346.175.117.085.202.153.256.2.054.05.15.148.29.29.14.146.222.23.25.258.294-.278.442-.606.442-.983zM27 21.177c0 1.078-.382 1.99-1.146 2.736l-1.982 1.968c-.745.75-1.658 1.12-2.736 1.12-1.087 0-2.004-.38-2.75-1.143l-2.777-2.79c-.75-.747-1.12-1.66-1.12-2.737 0-1.106.392-2.046 1.183-2.818l-1.186-1.185c-.774.79-1.708 1.186-2.805 1.186-1.078 0-1.995-.376-2.75-1.13l-2.803-2.81C5.377 12.82 5 11.903 5 10.826c0-1.08.382-1.993 1.146-2.738L8.128 6.12C8.873 5.372 9.785 5 10.864 5c1.087 0 2.004.382 2.75 1.146l2.777 2.79c.75.747 1.12 1.66 1.12 2.737 0 1.105-.392 2.045-1.183 2.817l1.186 1.186c.774-.79 1.708-1.186 2.805-1.186 1.078 0 1.995.377 2.75 1.132l2.804 2.804c.754.755 1.13 1.672 1.13 2.75z\"\/><\/svg><\/span><\/a><a aria-label=\"Facebook\" class=\"heateor_sss_facebook\" href=\"https:\/\/www.facebook.com\/sharer\/sharer.php?u=https%3A%2F%2Fendhomelessness.org%2Fes%2Fblog%2F5-lecciones-relacionadas-con-la-pandemia-del-nuevo-informe-ahar%2F\" title=\"Facebook\" rel=\"nofollow noopener\" target=\"_blank\" style=\"font-size:32px!important;box-shadow:none;display:inline-block;vertical-align:middle\"><span class=\"heateor_sss_svg\" style=\"background-color:#0765FE;width:35px;height:35px;border-radius:999px;display:inline-block;opacity:1;float:left;font-size:32px;box-shadow:none;display:inline-block;font-size:16px;padding:0 4px;vertical-align:middle;background-repeat:repeat;overflow:hidden;padding:0;cursor:pointer;box-sizing:content-box\"><svg style=\"display:block;border-radius:999px;\" focusable=\"false\" aria-hidden=\"true\" xmlns=\"http:\/\/www.w3.org\/2000\/svg\" width=\"100%\" height=\"100%\" viewBox=\"0 0 32 32\"><path fill=\"#fff\" d=\"M28 16c0-6.627-5.373-12-12-12S4 9.373 4 16c0 5.628 3.875 10.35 9.101 11.647v-7.98h-2.474V16H13.1v-1.58c0-4.085 1.849-5.978 5.859-5.978.76 0 2.072.15 2.608.298v3.325c-.283-.03-.775-.045-1.386-.045-1.967 0-2.728.745-2.728 2.683V16h3.92l-.673 3.667h-3.247v8.245C23.395 27.195 28 22.135 28 16Z\"><\/path><\/svg><\/span><\/a><a aria-label=\"Linkedin\" class=\"heateor_sss_button_linkedin\" href=\"https:\/\/www.linkedin.com\/sharing\/share-offsite\/?url=https%3A%2F%2Fendhomelessness.org%2Fes%2Fblog%2F5-lecciones-relacionadas-con-la-pandemia-del-nuevo-informe-ahar%2F\" title=\"Linkedin\" rel=\"nofollow noopener\" target=\"_blank\" style=\"font-size:32px!important;box-shadow:none;display:inline-block;vertical-align:middle\"><span class=\"heateor_sss_svg heateor_sss_s__default heateor_sss_s_linkedin\" style=\"background-color:#0077b5;width:35px;height:35px;border-radius:999px;display:inline-block;opacity:1;float:left;font-size:32px;box-shadow:none;display:inline-block;font-size:16px;padding:0 4px;vertical-align:middle;background-repeat:repeat;overflow:hidden;padding:0;cursor:pointer;box-sizing:content-box\"><svg style=\"display:block;border-radius:999px;\" focusable=\"false\" aria-hidden=\"true\" xmlns=\"http:\/\/www.w3.org\/2000\/svg\" width=\"100%\" height=\"100%\" viewBox=\"0 0 32 32\"><path d=\"M6.227 12.61h4.19v13.48h-4.19V12.61zm2.095-6.7a2.43 2.43 0 0 1 0 4.86c-1.344 0-2.428-1.09-2.428-2.43s1.084-2.43 2.428-2.43m4.72 6.7h4.02v1.84h.058c.56-1.058 1.927-2.176 3.965-2.176 4.238 0 5.02 2.792 5.02 6.42v7.395h-4.183v-6.56c0-1.564-.03-3.574-2.178-3.574-2.18 0-2.514 1.7-2.514 3.46v6.668h-4.187V12.61z\" fill=\"#fff\"><\/path><\/svg><\/span><\/a><a aria-label=\"X\" class=\"heateor_sss_button_x\" href=\"https:\/\/twitter.com\/intent\/tweet?text=5%20lecciones%20relacionadas%20con%20la%20pandemia%20del%20nuevo%20informe%20AHAR&url=https%3A%2F%2Fendhomelessness.org%2Fes%2Fblog%2F5-lecciones-relacionadas-con-la-pandemia-del-nuevo-informe-ahar%2F\" title=\"X\" rel=\"nofollow noopener\" target=\"_blank\" style=\"font-size:32px!important;box-shadow:none;display:inline-block;vertical-align:middle\"><span class=\"heateor_sss_svg heateor_sss_s__default heateor_sss_s_x\" style=\"background-color:#2a2a2a;width:35px;height:35px;border-radius:999px;display:inline-block;opacity:1;float:left;font-size:32px;box-shadow:none;display:inline-block;font-size:16px;padding:0 4px;vertical-align:middle;background-repeat:repeat;overflow:hidden;padding:0;cursor:pointer;box-sizing:content-box\"><svg width=\"100%\" height=\"100%\" style=\"display:block;border-radius:999px;\" focusable=\"false\" aria-hidden=\"true\" xmlns=\"http:\/\/www.w3.org\/2000\/svg\" viewBox=\"0 0 32 32\"><path fill=\"#fff\" d=\"M21.751 7h3.067l-6.7 7.658L26 25.078h-6.172l-4.833-6.32-5.531 6.32h-3.07l7.167-8.19L6 7h6.328l4.37 5.777L21.75 7Zm-1.076 16.242h1.7L11.404 8.74H9.58l11.094 14.503Z\"><\/path><\/svg><\/span><\/a><\/div><div class=\"heateorSssClear\"><\/div><\/div>\n<\/div>\n<\/div>\n\n\n\n<div class=\"e-div e-div-1a5a32aa7dcbe57c6b9a8a8c9a37785edf82434d e-div--bi-topics\">\n<h2 class=\"wp-block-heading has-rich-black-color has-text-color has-link-color wp-elements-be6bdbd00a494032c0ae3c9d7a69a331\">Etiquetas<\/h2>\n\n\n<div class=\"e-mtf e-mtf--dlt e-mtf--taxonomy e-mtf--taxonomy-blog-tags\"><\/div><\/div>\n\n\n\n<div class=\"e-div e-div-275b8ff6f2bffd3e4cc054055156f9110887442d e-div--bi-related-post\"><style><\/style>\n<h2 class=\"wp-block-heading has-rich-black-color has-text-color has-link-color wp-elements-e435b81f6878ebba01997b7c42400d88\">Publicaciones relacionadas<\/h2>\n\n\n\n<div class=\"e-div e-div-0162dd5adc5b84600d5bea230d8c418559af071d\">\n<\/div>\n<\/div>\n<\/div>\n<\/div>\n<\/div>\n<\/div><\/section>\n\n<section class=\"e-stn e-stn-af33064b18769c0dcbd144d5242c41c8ff25e8a2 e-stn--related-post e-mt-60  e-mt-sm-0\"><style>@media only screen and (max-width: 9999px) {\n\t\t\t\t\t\t\t\t\t.e-stn.e-stn-af33064b18769c0dcbd144d5242c41c8ff25e8a2 { \n\t\t\t\t\t\t\t\t\t\tbackground-color: #F3F8FC; \n\t\t\t\t\t\t\t\t\t}\n\t\t\t\t\t\t\t\t}<\/style><div class=\"container\">\n<div class=\"wp-block-b3rg-row e-row row e-row--title-with-description\">\n<div class=\"wp-block-b3rg-column e-col e-col-3fd29a26ff70780ecd7ff03db8f4638045c8c9d8  col-sm-12\">\n<h2 class=\"wp-block-heading has-text-align-center\">Tambi\u00e9n le podr\u00eda interesar<\/h2>\n<\/div>\n<\/div>\n\n\n\n<div class=\"wp-block-b3rg-row e-row row\">\n<div class=\"wp-block-b3rg-column e-col e-col-3fd29a26ff70780ecd7ff03db8f4638045c8c9d8  col-sm-12\"><div class=\"e-rlp e-rlp--dlt\" > <div class=\"e-sgp taxonomy-opcional taxonomy-divulgacion-en-la-calle taxonomy-falta-de-vivienda-en-situacion-de-calle e-sgp--dlt  wrapper-link\" > <a class=\"b3rg-post__trigger\" href='https:\/\/endhomelessness.org\/es\/blog\/aliados-capaces-asociandose-con-las-fuerzas-del-orden-publico-en-respuesta-a-la-falta-de-vivienda\/' target='_self'><div class=\"e-sgp__inner\">\n<div class=\"e-div e-div-39c9483d5c365ef0cd3af0137228c52c9e3c2277 e-sgp__media\"><figure class=\"wp-block-post-featured-image\"><img loading=\"lazy\" decoding=\"async\" width=\"1068\" height=\"684\" src=\"https:\/\/endhomelessness.org\/wp-content\/uploads\/2014\/01\/Frame-222.png\" class=\"attachment-post-thumbnail size-post-thumbnail wp-post-image default-featured-img\" alt=\"National Alliance to End Homelessness logo\" style=\"object-fit:cover;\" srcset=\"https:\/\/endhomelessness.org\/wp-content\/uploads\/2014\/01\/Frame-222.png 1068w, https:\/\/endhomelessness.org\/wp-content\/uploads\/2014\/01\/Frame-222-300x192.png 300w, https:\/\/endhomelessness.org\/wp-content\/uploads\/2014\/01\/Frame-222-1024x656.png 1024w, https:\/\/endhomelessness.org\/wp-content\/uploads\/2014\/01\/Frame-222-768x492.png 768w, https:\/\/endhomelessness.org\/wp-content\/uploads\/2014\/01\/Frame-222-575x368.png 575w\" sizes=\"auto, (max-width: 1068px) 100vw, 1068px\" \/><\/figure><\/div>\n\n<div class=\"e-div e-div-9345c3010e68f662cc8801eb2da3df07e835db1c e-sgp__content\">\n<div class=\"e-div e-div-0162dd5adc5b84600d5bea230d8c418559af071d\"><div class=\"wp-block-post-date\"><time datetime=\"2025-06-24T14:33:41-04:00\">24 de junio de 2025<\/time><\/div>\n\n\n<div class=\"e-div e-div-0162dd5adc5b84600d5bea230d8c418559af071d\"><div class=\"e-mtf e-mtf--dlt  e-mtf--post-reading-time\"><div class=\"post-reading-time\"><span class=\"reading-time__time\">6<\/span> <span class=\"post-reading-time__label postfix\">min<\/span><\/div><\/div><\/div>\n<\/div>\n\n\n<div class=\"e-mtf e-mtf--dlt  e-mtf--author-details\"><div class=\"post-author\"><div class=\"post-author__avatar\"><img decoding=\"async\" src=\"https:\/\/secure.gravatar.com\/avatar\/a645db3a69286c3e689bd8c3bb6b7bb02a7cb66567f2caeabca92a48825d0187?s=96&#038;d=mm&#038;r=g\" alt=\"\"\/><\/div>                        <div class=\"post-author__content\">\n                            <p class=\"post-author__name\">NAEH<\/p>\n                        <\/div><\/div><\/div>\n\n<h2 class=\"wp-block-post-title\">Aliados capaces: asoci\u00e1ndose con las fuerzas del orden p\u00fablico en respuesta a la falta de vivienda<\/h2>\n\n<div class=\"wp-block-post-excerpt\"><p class=\"wp-block-post-excerpt__excerpt\"> <\/p><\/div>\n\n<div class=\"e-mtf e-mtf--dlt e-mtf--taxonomy e-mtf--taxonomy-blog-tags\"><\/div>\n\n<div class=\"e-mtf e-mtf--dlt  e-mtf--learn-more-label\"><span class=\"btn\"><\/span><\/div><\/div>\n<\/div><\/a><\/div><div class=\"e-sgp taxonomy-opcional taxonomy-falta-de-vivienda-en-situacion-de-calle taxonomy-continuos-de-atencion e-sgp--dlt  wrapper-link\" > <a class=\"b3rg-post__trigger\" href='https:\/\/endhomelessness.org\/es\/blog\/sesion-plenaria-de-apertura-conferencia-sobre-innovaciones-y-soluciones-para-erradicar-el-sinhogarismo-no-albergado-marzo-de-2024\/' target='_self'><div class=\"e-sgp__inner\">\n<div class=\"e-div e-div-39c9483d5c365ef0cd3af0137228c52c9e3c2277 e-sgp__media\"><figure class=\"wp-block-post-featured-image\"><img decoding=\"async\" src=\"https:\/\/endhomelessness.org\/wp-content\/uploads\/2024\/10\/support-our-work-e1611776502991-3.jpg\" class=\"attachment-post-thumbnail size-post-thumbnail wp-post-image\" alt=\"Written by Marcy Thompson\" style=\"object-fit:cover;\" srcset=\"https:\/\/endhomelessness.org\/wp-content\/uploads\/2024\/10\/support-our-work-e1611776502991-3.jpg 1200w, https:\/\/endhomelessness.org\/wp-content\/uploads\/2024\/10\/support-our-work-e1611776502991-3-300x119.jpg 300w, https:\/\/endhomelessness.org\/wp-content\/uploads\/2024\/10\/support-our-work-e1611776502991-3-1024x407.jpg 1024w, https:\/\/endhomelessness.org\/wp-content\/uploads\/2024\/10\/support-our-work-e1611776502991-3-768x305.jpg 768w, https:\/\/endhomelessness.org\/wp-content\/uploads\/2024\/10\/support-our-work-e1611776502991-3-575x229.jpg 575w\" sizes=\"(max-width: 1200px) 100vw, 1200px\" \/><\/figure><\/div>\n\n<div class=\"e-div e-div-9345c3010e68f662cc8801eb2da3df07e835db1c e-sgp__content\">\n<div class=\"e-div e-div-0162dd5adc5b84600d5bea230d8c418559af071d\"><div class=\"wp-block-post-date\"><time datetime=\"2024-03-19T08:59:00-04:00\">19 de marzo de 2024<\/time><\/div>\n\n\n<div class=\"e-div e-div-0162dd5adc5b84600d5bea230d8c418559af071d\"><div class=\"e-mtf e-mtf--dlt  e-mtf--post-reading-time\"><div class=\"post-reading-time\"><span class=\"reading-time__time\">12<\/span> <span class=\"post-reading-time__label postfix\">min<\/span><\/div><\/div><\/div>\n<\/div>\n\n\n<div class=\"e-mtf e-mtf--dlt  e-mtf--author-details\"><div class=\"post-author\"><div class=\"post-author__avatar\"><img decoding=\"async\" src=\"https:\/\/secure.gravatar.com\/avatar\/ea86b2b9f946d9233bda9c93f5134672349f8d7d350c75901efd5845c144a57d?s=96&#038;d=mm&#038;r=g\" alt=\"\"\/><\/div>                        <div class=\"post-author__content\">\n                            <p class=\"post-author__name\">Ann Oliva<\/p>\n                        <\/div><\/div><\/div>\n\n<h2 class=\"wp-block-post-title\">Sesi\u00f3n plenaria de apertura: Conferencia sobre innovaciones y soluciones para erradicar el sinhogarismo no albergado, marzo de 2024<\/h2>\n\n<div class=\"wp-block-post-excerpt\"><p class=\"wp-block-post-excerpt__excerpt\">\u00a1Buenas tardes a todos! Es sumamente gratificante verlos a todos aqu\u00ed en San Francisco para la Conferencia de la Alianza del 2024 sobre innovaciones y soluciones para erradicar el sinhogarismo no albergado&#8230;. <\/p><\/div>\n\n<div class=\"e-mtf e-mtf--dlt e-mtf--taxonomy e-mtf--taxonomy-blog-tags\"><\/div>\n\n<div class=\"e-mtf e-mtf--dlt  e-mtf--learn-more-label\"><span class=\"btn\"><\/span><\/div><\/div>\n<\/div><\/a><\/div><div class=\"e-sgp taxonomy-optional taxonomy-abogacia taxonomy-poblaciones-bipoc taxonomy-lgbtqia-es taxonomy-equidad taxonomy-sobrevivientes-de-violencia-domestica e-sgp--dlt  wrapper-link\" > <a class=\"b3rg-post__trigger\" href='https:\/\/endhomelessness.org\/es\/blog\/reconociendo-a-las-mujeres-que-experimentan-la-carencia-de-hogar-un-enfoque-del-mes-de-la-historia-de-la-mujer-en-el-downtown-womens-center\/' target='_self'><div class=\"e-sgp__inner\">\n<div class=\"e-div e-div-39c9483d5c365ef0cd3af0137228c52c9e3c2277 e-sgp__media\"><figure class=\"wp-block-post-featured-image\"><img decoding=\"async\" src=\"https:\/\/endhomelessness.org\/wp-content\/uploads\/2024\/10\/shutterstock_2135544849-2048x1152-1.jpg\" class=\"attachment-post-thumbnail size-post-thumbnail wp-post-image\" alt=\"Written by NAEH\" style=\"object-fit:cover;\" srcset=\"https:\/\/endhomelessness.org\/wp-content\/uploads\/2024\/10\/shutterstock_2135544849-2048x1152-1.jpg 2048w, https:\/\/endhomelessness.org\/wp-content\/uploads\/2024\/10\/shutterstock_2135544849-2048x1152-1-300x169.jpg 300w, https:\/\/endhomelessness.org\/wp-content\/uploads\/2024\/10\/shutterstock_2135544849-2048x1152-1-1024x576.jpg 1024w, https:\/\/endhomelessness.org\/wp-content\/uploads\/2024\/10\/shutterstock_2135544849-2048x1152-1-768x432.jpg 768w, https:\/\/endhomelessness.org\/wp-content\/uploads\/2024\/10\/shutterstock_2135544849-2048x1152-1-1536x864.jpg 1536w, https:\/\/endhomelessness.org\/wp-content\/uploads\/2024\/10\/shutterstock_2135544849-2048x1152-1-575x323.jpg 575w\" sizes=\"(max-width: 2048px) 100vw, 2048px\" \/><\/figure><\/div>\n\n<div class=\"e-div e-div-9345c3010e68f662cc8801eb2da3df07e835db1c e-sgp__content\">\n<div class=\"e-div e-div-0162dd5adc5b84600d5bea230d8c418559af071d\"><div class=\"wp-block-post-date\"><time datetime=\"2022-03-28T14:06:00-04:00\">28 de marzo de 2022<\/time><\/div>\n\n\n<div class=\"e-div e-div-0162dd5adc5b84600d5bea230d8c418559af071d\"><div class=\"e-mtf e-mtf--dlt  e-mtf--post-reading-time\"><div class=\"post-reading-time\"><span class=\"reading-time__time\">6<\/span> <span class=\"post-reading-time__label postfix\">min<\/span><\/div><\/div><\/div>\n<\/div>\n\n\n<div class=\"e-mtf e-mtf--dlt  e-mtf--author-details\"><div class=\"post-author\"><div class=\"post-author__avatar\"><img decoding=\"async\" src=\"https:\/\/secure.gravatar.com\/avatar\/5ef18f6e21e90504148915095aa81d5946e14c48e74cc07d2524522579870888?s=96&#038;d=mm&#038;r=g\" alt=\"\"\/><\/div>                        <div class=\"post-author__content\">\n                            <p class=\"post-author__name\">Amy Turk<\/p>\n                        <\/div><\/div><\/div>\n\n<h2 class=\"wp-block-post-title\">Reconociendo a las mujeres que experimentan la carencia de hogar: Un enfoque del Mes de la Historia de la Mujer en el Downtown Women&#8217;s Center<\/h2>\n\n<div class=\"wp-block-post-excerpt\"><p class=\"wp-block-post-excerpt__excerpt\">La experiencia de la carencia de hogar afecta especialmente a las mujeres. La falta de hogar experimentada por las mujeres es singular debido a sus experiencias desproporcionadas de&#8230; <\/p><\/div>\n\n<div class=\"e-mtf e-mtf--dlt e-mtf--taxonomy e-mtf--taxonomy-blog-tags\"><\/div>\n\n<div class=\"e-mtf e-mtf--dlt  e-mtf--learn-more-label\"><span class=\"btn\"><\/span><\/div><\/div>\n<\/div><\/a><\/div><\/div><\/div>\n<\/div>\n<\/div><\/section>\n\n<section class=\"e-stn e-stn-fecd9f248d71f1b43eea1791ae2aa16e613ea50d e-stn--subscription-form\"><div class=\"container\">\n<div class=\"wp-block-b3rg-row e-row row\">\n<div class=\"wp-block-b3rg-column e-col e-col-5e53f80929c6668a38540fba03c97241dc5f6888 e-col--left  col-sm-12 col-lg-6\">\n<h2 class=\"wp-block-heading has-pure-white-color has-text-color has-link-color wp-elements-cec0e497456012f6e859233bfca8aaa4\"><strong>Mant\u00e9ngase informado: Soluciones, historias y formas de generar impacto<\/strong><\/h2>\n\n\n\n<p>Reg\u00edstrese para recibir actualizaciones sobre el trabajo de la Alianza, incluyendo las \u00faltimas investigaciones, esfuerzos de promoci\u00f3n e historias reales de progreso \u2014 adem\u00e1s de formas en las que puede ayudar a impulsar un cambio duradero.<\/p>\n<\/div>\n\n\n\n<div class=\"wp-block-b3rg-column e-col e-col-117d0cb7e6b4934330c33fb3a4c7ee0ab7e9abd4 e-col--right e-col--email-cta-form-wrpr  col-sm-12 col-lg-6\">\n<div id=\"mc_embed_shell\">\n      <link href=\"\/\/cdn-images.mailchimp.com\/embedcode\/classic-061523.css\" rel=\"stylesheet\" type=\"text\/css\"\/>\n  <style type=\"text\/css\">\n        #mc_embed_signup{background:#fff; false;clear:left; font:14px Helvetica,Arial,sans-serif; width: 600px;}\n        \/* Add your own Mailchimp form style overrides in your site stylesheet or in this style block.\n           We recommend moving this block and the preceding CSS link to the HEAD of your HTML file. *\/\n<\/style>\n<div id=\"mc_embed_signup\">\n    <form action=\"https:\/\/endhomelessness.us9.list-manage.com\/subscribe\/post?u=466b34a51377a9504fb2ebd8f&#038;id=1cf64328bb&#038;f_id=00f7f2e0f0\" method=\"post\" id=\"mc-embedded-subscribe-form\" name=\"mc-embedded-subscribe-form\" class=\"validate\" target=\"_blank\">\n        <div id=\"mc_embed_signup_scroll\">\n            <div class=\"indicates-required\"><span class=\"asterisk\">*<\/span> indica campo obligatorio<\/div>\n            <div class=\"mc-field-group\"><label for=\"mce-EMAIL\">Direcci\u00f3n de correo electr\u00f3nico <span class=\"asterisk\">*<\/span><\/label><input type=\"email\" name=\"EMAIL\" class=\"required email\" id=\"mce-EMAIL\" required=\"\" value=\"\"\/><\/div><div class=\"mc-field-group input-group\"><strong>\u00bfC\u00f3mo deber\u00edamos comunicarnos con usted? <\/strong><ul><li><input type=\"checkbox\" name=\"group[17873][1]\" id=\"mce-group[17873]-17873-0\" value=\"\"\/><label for=\"mce-group[17873]-17873-0\">Deseo recibir semanalmente herramientas, recursos y noticias sobre la falta de vivienda<\/label><\/li><li><input type=\"checkbox\" name=\"group[17873][2]\" id=\"mce-group[17873]-17873-1\" value=\"\"\/><label for=\"mce-group[17873]-17873-1\">Deseo recibir noticias generales y actualizaciones sobre el trabajo de la Alianza<\/label><\/li><\/ul><\/div><div class=\"mc-field-group\"><label for=\"mce-FNAME\">Nombre <\/label><input type=\"text\" name=\"FNAME\" class=\" text\" id=\"mce-FNAME\" value=\"\"\/><\/div><div class=\"mc-field-group\"><label for=\"mce-LNAME\">Apellido <\/label><input type=\"text\" name=\"LNAME\" class=\" text\" id=\"mce-LNAME\" value=\"\"\/><\/div>\n<div hidden=\"\"><input type=\"hidden\" name=\"tags\" value=\"12777910\"\/><\/div>\n        <div id=\"mce-responses\" class=\"clear\">\n            <div class=\"response\" id=\"mce-error-response\" style=\"display: none;\"><\/div>\n            <div class=\"response\" id=\"mce-success-response\" style=\"display: none;\"><\/div>\n        <\/div><div aria-hidden=\"true\" style=\"position: absolute; left: -5000px;\"><input type=\"text\" name=\"b_466b34a51377a9504fb2ebd8f_1cf64328bb\" tabindex=\"-1\" value=\"\"\/><\/div><div class=\"clear\"><input type=\"submit\" name=\"subscribe\" id=\"mc-embedded-subscribe\" class=\"button\" value=\"Suscribirse\"\/><\/div>\n    <\/div>\n<\/form>\n<\/div>\n<script type=\"text\/javascript\" src=\"\/\/s3.amazonaws.com\/downloads.mailchimp.com\/js\/mc-validate.js\"><\/script><script type=\"text\/javascript\">(function($) {window.fnames = new Array(); window.ftypes = new Array();fnames[0]='EMAIL';ftypes[0]='email';fnames[1]='FNAME';ftypes[1]='text';fnames[2]='LNAME';ftypes[2]='text';fnames[12]='MMERGE12';ftypes[12]='zip';fnames[4]='MMERGE4';ftypes[4]='text';fnames[7]='CITY';ftypes[7]='text';fnames[8]='STATE';ftypes[8]='text';fnames[11]='MMERGE11';ftypes[11]='text';fnames[13]='MMERGE13';ftypes[13]='text';fnames[3]='MMERGE3';ftypes[3]='text';fnames[5]='MMERGE5';ftypes[5]='text';}(jQuery));var $mcj = jQuery.noConflict(true);<\/script><\/div>\n<\/div>\n<\/div>\n<\/div><\/section>\n","protected":false},"excerpt":{"rendered":"<p>La votaci\u00f3n anticipada y el d\u00eda de las elecciones se aproximan r\u00e1pidamente. Garantizar que las voces de las personas que experimentan la falta de vivienda sean escuchadas en las urnas es m\u00e1s importante que nunca. He aqu\u00ed&#8230;  <\/p>\n","protected":false},"author":53,"featured_media":5154,"template":"","meta":{"_acf_changed":false,"show_custom_date":false,"custom_date":"","featured":false,"featured_image":0,"learn_more_label":"","image_alt_text":"","learn_more_type":"","show_popup":false,"learn_more_link_file":0,"event_date":false,"event_start_date":"","event_end_date":"","place_holder_image_url":"","post_reading_time":"4","notification_enabled":false,"notification_text":"","notification_logo":"","notification_expiration_time":0,"is_enable_transparent_header":false,"hide_from_list_view":false,"selected_taxonomy_terms":{"blog-category":[473,488],"blog-audience":[461],"blog-best-practice":[490],"blog-key-issue":[477],"translation_priority":[]},"selected_primary_terms":[],"learn_more_link":[],"featured_page_list":[],"notification_enabled_post_list":[],"_relevanssi_hide_post":"","_relevanssi_hide_content":"","_relevanssi_pin_for_all":"","_relevanssi_pin_keywords":"","_relevanssi_unpin_keywords":"","_relevanssi_related_keywords":"","_relevanssi_related_include_ids":"","_relevanssi_related_exclude_ids":"","_relevanssi_related_no_append":"","_relevanssi_related_not_related":"","_relevanssi_related_posts":"20829,18460,18482","_relevanssi_noindex_reason":"","inline_featured_image":false,"news_publication":"","footnotes":""},"blog-category":[473,488],"blog-audience":[461],"blog-best-practice":[490],"blog-key-issue":[477],"class_list":["post-18621","blog","type-blog","status-publish","has-post-thumbnail","hentry","blog-category-poblaciones-bipoc","blog-category-cronicamente-sin-hogar","blog-audience-academicos-e-investigadores","blog-best-practice-refugios-de-emergencia-y-vivienda-provisional","blog-key-issue-equidad"],"acf":[],"yoast_head":"<!-- This site is optimized with the Yoast SEO Premium plugin v24.7 (Yoast SEO v27.4) - https:\/\/yoast.com\/product\/yoast-seo-premium-wordpress\/ -->\n<title>5 lecciones relacionadas con la pandemia del nuevo informe AHAR - Alianza Nacional para Erradicar la Falta de Vivienda<\/title>\n<meta name=\"description\" content=\"The National Alliance to End Homelessness is a nonpartisan, nonprofit organization committed to preventing and ending homelessness in the United States.\" \/>\n<meta name=\"robots\" content=\"index, follow, max-snippet:-1, max-image-preview:large, max-video-preview:-1\" \/>\n<link rel=\"canonical\" href=\"https:\/\/endhomelessness.org\/es\/blog\/5-lecciones-relacionadas-con-la-pandemia-del-nuevo-informe-ahar\/\" \/>\n<meta property=\"og:locale\" content=\"es_ES\" \/>\n<meta property=\"og:type\" content=\"article\" \/>\n<meta property=\"og:title\" content=\"5 lecciones relacionadas con la pandemia del nuevo informe AHAR\" \/>\n<meta property=\"og:description\" content=\"The National Alliance to End Homelessness is a nonpartisan, nonprofit organization committed to preventing and ending homelessness in the United States.\" \/>\n<meta property=\"og:url\" content=\"https:\/\/endhomelessness.org\/es\/blog\/5-lecciones-relacionadas-con-la-pandemia-del-nuevo-informe-ahar\/\" \/>\n<meta property=\"og:site_name\" content=\"Alianza Nacional para Erradicar la Falta de Vivienda\" \/>\n<meta property=\"article:publisher\" content=\"https:\/\/www.facebook.com\/naehomelessness\/\" \/>\n<meta property=\"article:modified_time\" content=\"2025-04-07T04:33:32+00:00\" \/>\n<meta property=\"og:image\" content=\"https:\/\/endhomelessness.org\/wp-content\/uploads\/2024\/10\/solutions-1200-1.jpg\" \/>\n\t<meta property=\"og:image:width\" content=\"1200\" \/>\n\t<meta property=\"og:image:height\" content=\"630\" \/>\n\t<meta property=\"og:image:type\" content=\"image\/jpeg\" \/>\n<meta name=\"twitter:card\" content=\"summary_large_image\" \/>\n<meta name=\"twitter:label1\" content=\"Tiempo de lectura\" \/>\n\t<meta name=\"twitter:data1\" content=\"5 minutos\" \/>\n<script type=\"application\/ld+json\" class=\"yoast-schema-graph\">{\"@context\":\"https:\\\/\\\/schema.org\",\"@graph\":[{\"@type\":\"WebPage\",\"@id\":\"https:\\\/\\\/endhomelessness.org\\\/es\\\/blog\\\/5-lecciones-relacionadas-con-la-pandemia-del-nuevo-informe-ahar\\\/\",\"url\":\"https:\\\/\\\/endhomelessness.org\\\/es\\\/blog\\\/5-lecciones-relacionadas-con-la-pandemia-del-nuevo-informe-ahar\\\/\",\"name\":\"5 lecciones relacionadas con la pandemia del nuevo informe AHAR - Alianza Nacional para Erradicar la Falta de Vivienda\",\"isPartOf\":{\"@id\":\"https:\\\/\\\/endhomelessness.org\\\/es\\\/#website\"},\"primaryImageOfPage\":{\"@id\":\"https:\\\/\\\/endhomelessness.org\\\/es\\\/blog\\\/5-lecciones-relacionadas-con-la-pandemia-del-nuevo-informe-ahar\\\/#primaryimage\"},\"image\":{\"@id\":\"https:\\\/\\\/endhomelessness.org\\\/es\\\/blog\\\/5-lecciones-relacionadas-con-la-pandemia-del-nuevo-informe-ahar\\\/#primaryimage\"},\"thumbnailUrl\":\"https:\\\/\\\/endhomelessness.org\\\/wp-content\\\/uploads\\\/2024\\\/10\\\/solutions-1200-1.jpg\",\"datePublished\":\"2022-09-16T12:56:00+00:00\",\"dateModified\":\"2025-04-07T04:33:32+00:00\",\"description\":\"The National Alliance to End Homelessness is a nonpartisan, nonprofit organization committed to preventing and ending homelessness in the United States.\",\"breadcrumb\":{\"@id\":\"https:\\\/\\\/endhomelessness.org\\\/es\\\/blog\\\/5-lecciones-relacionadas-con-la-pandemia-del-nuevo-informe-ahar\\\/#breadcrumb\"},\"inLanguage\":\"es\",\"potentialAction\":[{\"@type\":\"ReadAction\",\"target\":[\"https:\\\/\\\/endhomelessness.org\\\/es\\\/blog\\\/5-lecciones-relacionadas-con-la-pandemia-del-nuevo-informe-ahar\\\/\"]}]},{\"@type\":\"ImageObject\",\"inLanguage\":\"es\",\"@id\":\"https:\\\/\\\/endhomelessness.org\\\/es\\\/blog\\\/5-lecciones-relacionadas-con-la-pandemia-del-nuevo-informe-ahar\\\/#primaryimage\",\"url\":\"https:\\\/\\\/endhomelessness.org\\\/wp-content\\\/uploads\\\/2024\\\/10\\\/solutions-1200-1.jpg\",\"contentUrl\":\"https:\\\/\\\/endhomelessness.org\\\/wp-content\\\/uploads\\\/2024\\\/10\\\/solutions-1200-1.jpg\",\"width\":1200,\"height\":630,\"caption\":\"Written by Joy Moses\"},{\"@type\":\"BreadcrumbList\",\"@id\":\"https:\\\/\\\/endhomelessness.org\\\/es\\\/blog\\\/5-lecciones-relacionadas-con-la-pandemia-del-nuevo-informe-ahar\\\/#breadcrumb\",\"itemListElement\":[{\"@type\":\"ListItem\",\"position\":1,\"name\":\"Inicio\",\"item\":\"https:\\\/\\\/endhomelessness.org\\\/es\\\/home-page-2-2-2\\\/\"},{\"@type\":\"ListItem\",\"position\":2,\"name\":\"5 lecciones relacionadas con la pandemia del nuevo informe AHAR\"}]},{\"@type\":\"WebSite\",\"@id\":\"https:\\\/\\\/endhomelessness.org\\\/es\\\/#website\",\"url\":\"https:\\\/\\\/endhomelessness.org\\\/es\\\/\",\"name\":\"National Alliance to End Homelessness\",\"description\":\"Organizaci\u00f3n no partidista para prevenir y erradicar la falta de vivienda en EE.UU.\",\"publisher\":{\"@id\":\"https:\\\/\\\/endhomelessness.org\\\/es\\\/#organization\"},\"potentialAction\":[{\"@type\":\"SearchAction\",\"target\":{\"@type\":\"EntryPoint\",\"urlTemplate\":\"https:\\\/\\\/endhomelessness.org\\\/es\\\/?s={search_term_string}\"},\"query-input\":{\"@type\":\"PropertyValueSpecification\",\"valueRequired\":true,\"valueName\":\"search_term_string\"}}],\"inLanguage\":\"es\"},{\"@type\":\"Organization\",\"@id\":\"https:\\\/\\\/endhomelessness.org\\\/es\\\/#organization\",\"name\":\"Alianza Nacional para Erradicar la Falta de Vivienda\",\"url\":\"https:\\\/\\\/endhomelessness.org\\\/es\\\/\",\"logo\":{\"@type\":\"ImageObject\",\"inLanguage\":\"es\",\"@id\":\"https:\\\/\\\/endhomelessness.org\\\/es\\\/#\\\/schema\\\/logo\\\/image\\\/\",\"url\":\"https:\\\/\\\/endhomelessness.org\\\/wp-content\\\/uploads\\\/2024\\\/09\\\/logo-2.webp\",\"contentUrl\":\"https:\\\/\\\/endhomelessness.org\\\/wp-content\\\/uploads\\\/2024\\\/09\\\/logo-2.webp\",\"width\":687,\"height\":361,\"caption\":\"Alianza Nacional para Erradicar la Falta de Vivienda\"},\"image\":{\"@id\":\"https:\\\/\\\/endhomelessness.org\\\/es\\\/#\\\/schema\\\/logo\\\/image\\\/\"},\"sameAs\":[\"https:\\\/\\\/www.facebook.com\\\/naehomelessness\\\/\",\"https:\\\/\\\/www.youtube.com\\\/@EndingHomelessness\",\"https:\\\/\\\/www.linkedin.com\\\/company\\\/national-alliance-to-end-homelessness\\\/\",\"https:\\\/\\\/instagram.com\\\/naeh_endhomelessness\"]}]}<\/script>\n<!-- \/ Yoast SEO Premium plugin. -->","yoast_head_json":{"title":"5 lecciones relacionadas con la pandemia del nuevo informe AHAR - Alianza Nacional para Erradicar la Falta de Vivienda","description":"The National Alliance to End Homelessness is a nonpartisan, nonprofit organization committed to preventing and ending homelessness in the United States.","robots":{"index":"index","follow":"follow","max-snippet":"max-snippet:-1","max-image-preview":"max-image-preview:large","max-video-preview":"max-video-preview:-1"},"canonical":"https:\/\/endhomelessness.org\/es\/blog\/5-lecciones-relacionadas-con-la-pandemia-del-nuevo-informe-ahar\/","og_locale":"es_ES","og_type":"article","og_title":"5 lecciones relacionadas con la pandemia del nuevo informe AHAR","og_description":"The National Alliance to End Homelessness is a nonpartisan, nonprofit organization committed to preventing and ending homelessness in the United States.","og_url":"https:\/\/endhomelessness.org\/es\/blog\/5-lecciones-relacionadas-con-la-pandemia-del-nuevo-informe-ahar\/","og_site_name":"Alianza Nacional para Erradicar la Falta de Vivienda","article_publisher":"https:\/\/www.facebook.com\/naehomelessness\/","article_modified_time":"2025-04-07T04:33:32+00:00","og_image":[{"width":1200,"height":630,"url":"https:\/\/endhomelessness.org\/wp-content\/uploads\/2024\/10\/solutions-1200-1.jpg","type":"image\/jpeg"}],"twitter_card":"summary_large_image","twitter_misc":{"Tiempo de lectura":"5 minutos"},"schema":{"@context":"https:\/\/schema.org","@graph":[{"@type":"WebPage","@id":"https:\/\/endhomelessness.org\/es\/blog\/5-lecciones-relacionadas-con-la-pandemia-del-nuevo-informe-ahar\/","url":"https:\/\/endhomelessness.org\/es\/blog\/5-lecciones-relacionadas-con-la-pandemia-del-nuevo-informe-ahar\/","name":"5 lecciones relacionadas con la pandemia del nuevo informe AHAR - Alianza Nacional para Erradicar la Falta de Vivienda","isPartOf":{"@id":"https:\/\/endhomelessness.org\/es\/#website"},"primaryImageOfPage":{"@id":"https:\/\/endhomelessness.org\/es\/blog\/5-lecciones-relacionadas-con-la-pandemia-del-nuevo-informe-ahar\/#primaryimage"},"image":{"@id":"https:\/\/endhomelessness.org\/es\/blog\/5-lecciones-relacionadas-con-la-pandemia-del-nuevo-informe-ahar\/#primaryimage"},"thumbnailUrl":"https:\/\/endhomelessness.org\/wp-content\/uploads\/2024\/10\/solutions-1200-1.jpg","datePublished":"2022-09-16T12:56:00+00:00","dateModified":"2025-04-07T04:33:32+00:00","description":"The National Alliance to End Homelessness is a nonpartisan, nonprofit organization committed to preventing and ending homelessness in the United States.","breadcrumb":{"@id":"https:\/\/endhomelessness.org\/es\/blog\/5-lecciones-relacionadas-con-la-pandemia-del-nuevo-informe-ahar\/#breadcrumb"},"inLanguage":"es","potentialAction":[{"@type":"ReadAction","target":["https:\/\/endhomelessness.org\/es\/blog\/5-lecciones-relacionadas-con-la-pandemia-del-nuevo-informe-ahar\/"]}]},{"@type":"ImageObject","inLanguage":"es","@id":"https:\/\/endhomelessness.org\/es\/blog\/5-lecciones-relacionadas-con-la-pandemia-del-nuevo-informe-ahar\/#primaryimage","url":"https:\/\/endhomelessness.org\/wp-content\/uploads\/2024\/10\/solutions-1200-1.jpg","contentUrl":"https:\/\/endhomelessness.org\/wp-content\/uploads\/2024\/10\/solutions-1200-1.jpg","width":1200,"height":630,"caption":"Written by Joy Moses"},{"@type":"BreadcrumbList","@id":"https:\/\/endhomelessness.org\/es\/blog\/5-lecciones-relacionadas-con-la-pandemia-del-nuevo-informe-ahar\/#breadcrumb","itemListElement":[{"@type":"ListItem","position":1,"name":"Inicio","item":"https:\/\/endhomelessness.org\/es\/home-page-2-2-2\/"},{"@type":"ListItem","position":2,"name":"5 lecciones relacionadas con la pandemia del nuevo informe AHAR"}]},{"@type":"WebSite","@id":"https:\/\/endhomelessness.org\/es\/#website","url":"https:\/\/endhomelessness.org\/es\/","name":"National Alliance to End Homelessness","description":"Organizaci\u00f3n no partidista para prevenir y erradicar la falta de vivienda en EE.UU.","publisher":{"@id":"https:\/\/endhomelessness.org\/es\/#organization"},"potentialAction":[{"@type":"SearchAction","target":{"@type":"EntryPoint","urlTemplate":"https:\/\/endhomelessness.org\/es\/?s={search_term_string}"},"query-input":{"@type":"PropertyValueSpecification","valueRequired":true,"valueName":"search_term_string"}}],"inLanguage":"es"},{"@type":"Organization","@id":"https:\/\/endhomelessness.org\/es\/#organization","name":"Alianza Nacional para Erradicar la Falta de Vivienda","url":"https:\/\/endhomelessness.org\/es\/","logo":{"@type":"ImageObject","inLanguage":"es","@id":"https:\/\/endhomelessness.org\/es\/#\/schema\/logo\/image\/","url":"https:\/\/endhomelessness.org\/wp-content\/uploads\/2024\/09\/logo-2.webp","contentUrl":"https:\/\/endhomelessness.org\/wp-content\/uploads\/2024\/09\/logo-2.webp","width":687,"height":361,"caption":"Alianza Nacional para Erradicar la Falta de Vivienda"},"image":{"@id":"https:\/\/endhomelessness.org\/es\/#\/schema\/logo\/image\/"},"sameAs":["https:\/\/www.facebook.com\/naehomelessness\/","https:\/\/www.youtube.com\/@EndingHomelessness","https:\/\/www.linkedin.com\/company\/national-alliance-to-end-homelessness\/","https:\/\/instagram.com\/naeh_endhomelessness"]}]}},"_links":{"self":[{"href":"https:\/\/endhomelessness.org\/es\/wp-json\/wp\/v2\/blog\/18621","targetHints":{"allow":["GET"]}}],"collection":[{"href":"https:\/\/endhomelessness.org\/es\/wp-json\/wp\/v2\/blog"}],"about":[{"href":"https:\/\/endhomelessness.org\/es\/wp-json\/wp\/v2\/types\/blog"}],"author":[{"embeddable":true,"href":"https:\/\/endhomelessness.org\/es\/wp-json\/wp\/v2\/users\/53"}],"version-history":[{"count":0,"href":"https:\/\/endhomelessness.org\/es\/wp-json\/wp\/v2\/blog\/18621\/revisions"}],"wp:featuredmedia":[{"embeddable":true,"href":"https:\/\/endhomelessness.org\/es\/wp-json\/wp\/v2\/media\/5154"}],"wp:attachment":[{"href":"https:\/\/endhomelessness.org\/es\/wp-json\/wp\/v2\/media?parent=18621"}],"wp:term":[{"taxonomy":"blog-category","embeddable":true,"href":"https:\/\/endhomelessness.org\/es\/wp-json\/wp\/v2\/blog-category?post=18621"},{"taxonomy":"blog-audience","embeddable":true,"href":"https:\/\/endhomelessness.org\/es\/wp-json\/wp\/v2\/blog-audience?post=18621"},{"taxonomy":"blog-best-practice","embeddable":true,"href":"https:\/\/endhomelessness.org\/es\/wp-json\/wp\/v2\/blog-best-practice?post=18621"},{"taxonomy":"blog-key-issue","embeddable":true,"href":"https:\/\/endhomelessness.org\/es\/wp-json\/wp\/v2\/blog-key-issue?post=18621"}],"curies":[{"name":"wp","href":"https:\/\/api.w.org\/{rel}","templated":true}]}}