{"id":18770,"date":"2019-08-27T13:42:00","date_gmt":"2019-08-27T17:42:00","guid":{"rendered":"https:\/\/endhomelessness.org\/blog\/examinando-datos-explorando-la-falta-de-vivienda-familiar-sin-refugio\/"},"modified":"2025-04-07T00:40:54","modified_gmt":"2025-04-07T04:40:54","slug":"examinando-datos-explorando-la-falta-de-vivienda-familiar-sin-refugio","status":"publish","type":"blog","link":"https:\/\/endhomelessness.org\/es\/blog\/examinando-datos-explorando-la-falta-de-vivienda-familiar-sin-refugio\/","title":{"rendered":"Examinando datos: Explorando la falta de vivienda familiar sin refugio"},"content":{"rendered":"\n<section class=\"e-stn e-stn-642edd2d478cb6d72ad11a3f94eb096b46aa8c61 e-stn--bi-banner e-stn--blog-inner-banner e-mt-0\"><div class=\"container\">\n<div class=\"wp-block-b3rg-row e-row row\">\n<div class=\"wp-block-b3rg-column e-col e-col-a1723a90dcabee317021282e0a59fa1add95d7a3 e-col--blog-inner-banner-content-wrpr  col-sm-12 col-lg-6\">\n<div class=\"e-div e-div-368784d6f024bd28fc93462eb0616dec8d069665 e-div--blog-inner-post-type-tag\"><span>BLOG<\/span>\n<\/div>\n\n\n<div class=\"e-mtf e-mtf--dlt  e-mtf--post-date\">Abr 28, 2026<\/div>\n\n<h1 class=\"wp-block-post-title\">Examinando datos: Explorando la falta de vivienda familiar sin refugio<\/h1>\n\n\n<div class=\"e-div e-div-976a3f7724ffcd71e737afe4e1bbffbbf3dd036f e-div--bi-read-time\"><div class=\"e-mtf e-mtf--dlt  e-mtf--author-with-link\"><a href=\"https:\/\/endhomelessness.org\/es\/author\/sharon\/\" class=\"post-author-url\">\n    <div class=\"post-author\">            <div class=\"post-author__content\">\n                <p class=\"post-author__name\">Sharon McDonald<\/p>\n            <\/div>\n        <\/div>\n    <\/a><\/div>\n\n\n<div class=\"e-div e-div-0162dd5adc5b84600d5bea230d8c418559af071d\"><div class=\"e-mtf e-mtf--dlt  e-mtf--post-reading-time\"><div class=\"post-reading-time\"><span class=\"reading-time__time\">5<\/span> <span class=\"post-reading-time__label postfix\">min<\/span><\/div><\/div><\/div>\n<\/div>\n<\/div>\n\n\n\n<div class=\"wp-block-b3rg-column e-col e-col-0c503a5984f4fbd04e91061f205fb824382fb9a6 e-col--blog-inner-banner-media-wrpr  col-sm-12 col-lg-6\"><figure class=\"wp-block-post-featured-image\"><img decoding=\"async\" src=\"https:\/\/endhomelessness.org\/wp-content\/uploads\/2024\/10\/faq-top-1.png\" class=\"attachment-post-thumbnail size-post-thumbnail wp-post-image\" alt=\"Written by Sharon McDonald\" style=\"object-fit:cover;\" srcset=\"https:\/\/endhomelessness.org\/wp-content\/uploads\/2024\/10\/faq-top-1.png 1000w, https:\/\/endhomelessness.org\/wp-content\/uploads\/2024\/10\/faq-top-1-300x105.png 300w, https:\/\/endhomelessness.org\/wp-content\/uploads\/2024\/10\/faq-top-1-768x269.png 768w, https:\/\/endhomelessness.org\/wp-content\/uploads\/2024\/10\/faq-top-1-575x201.png 575w\" sizes=\"(max-width: 1000px) 100vw, 1000px\" \/><\/figure><\/div>\n<\/div>\n<\/div><\/section>\n\n<section class=\"e-stn e-stn-ad75c7bf6c94c4c74b1ce488ab717de8fdff6ca2 e-stn--bi-content-with-media-section e-mt-0 e-pt-120  e-pt-sm-50 e-pb-60\"><div class=\"container\">\n<div class=\"wp-block-b3rg-row e-row row\">\n<div class=\"wp-block-b3rg-column e-col e-col-f1092f68b065a750a7ad99323cbd3499d1ad2b1c e-col--bi-content-with-media-section-content-wrapper e-col--blog-inner-contents  col-sm-12 col-lg-9\">\n<p>Los datos son un activo clave para los Continuos de Atenci\u00f3n (CoCs) de alto rendimiento. Cuando se gestionan adecuadamente, pueden ser un indicador del progreso y las necesidades de una comunidad. Tambi\u00e9n sirven como un bar\u00f3metro eficaz de si se dispone del suministro adecuado, o la combinaci\u00f3n correcta, de intervenciones de servicios para personas sin hogar.  <\/p>\n\n\n\n<p>La Alianza ha publicado una <a href=\"\/resources\/sharable-graphics\/family-homelessness-measuring-progress\/\">nueva herramienta de datos<\/a> que puede utilizarse para generar un debate local sobre la asignaci\u00f3n de recursos para la falta de vivienda familiar. Para cada CoC, la herramienta proporciona datos puntuales sobre: <\/p>\n\n\n\n<ul class=\"wp-block-list\">\n<li>n\u00famero de familias que experimentan la falta de vivienda;<\/li>\n\n\n\n<li>n\u00famero de unidades de vivienda temporal para familias (refugio de emergencia y vivienda de transici\u00f3n);<\/li>\n\n\n\n<li>n\u00famero de unidades de realojamiento r\u00e1pido para familias (t\u00edpicamente en uso por familias que ya han salido de la vivienda temporal);<\/li>\n\n\n\n<li>porcentaje de familias sin hogar que experimentan la falta de vivienda sin refugio; y<\/li>\n\n\n\n<li>unidades de vivienda temporal y de realojamiento r\u00e1pido para familias en relaci\u00f3n con el n\u00famero de familias que experimentan la falta de vivienda.<\/li>\n<\/ul>\n\n\n\n<p>La herramienta, que se basa en datos del Recuento Puntual (PIT) y del Recuento de Inventario de Viviendas (HIC) de 2018, proporciona una instant\u00e1nea visual de las necesidades y los recursos en una sola noche. Puede ayudar a cada comunidad a encontrar algunas respuestas. Pero igual de importante, plantea preguntas clave sobre su sistema actual para poner fin a la falta de vivienda familiar y si los recursos se est\u00e1n utilizando adecuadamente.  <\/p>\n\n\n\n<p>Una de las preguntas m\u00e1s importantes a explorar es por qu\u00e9 las familias viven sin refugio.<\/p>\n\n\n\n<h2 class=\"wp-block-heading\"><em>Una cuesti\u00f3n de capacidad<\/em><\/h2>\n\n\n\n<p>A nivel nacional, hay aproximadamente 5.000 familias que experimentan la falta de vivienda sin refugio en un momento dado (alrededor de 1 de cada 10 familias sin hogar). <a href=\"\/resources\/sharable-graphics\/family-homelessness-measuring-progress\/\">La falta de vivienda familiar sin refugio var\u00eda ampliamente entre estados y dentro de ellos<\/a>: algunos no reportan familias sin refugio la noche del recuento puntual, mientras que otros identifican hasta el 20 por ciento de todas las familias que experimentan la falta de vivienda como sin refugio, el doble de la tasa nacional.<\/p>\n\n\n\n<p>Muchos concluir\u00edan que los estados y localidades con altas tasas de falta de vivienda familiar sin refugio simplemente carecen de la capacidad necesaria de vivienda temporal. Por lo tanto, la suposici\u00f3n podr\u00eda ser que se necesita construir m\u00e1s capacidad de refugio. Pero este no es siempre el caso. De hecho, muchas familias sin refugio residen en comunidades con un <u>excedente<\/u> de capacidad de vivienda temporal.   <\/p>\n\n\n\n<h2 class=\"wp-block-heading\"><em>Si hay suficiente capacidad de vivienda temporal disponible, \u00bfpor qu\u00e9 las familias siguen sin refugio?<\/em><\/h2>\n\n\n\n<p>Si su CoC tiene familias sin refugio, mientras a\u00fan tiene capacidad adecuada de vivienda temporal para ellas, haga una prioridad entender por qu\u00e9 est\u00e1 ocurriendo esto. Puede ser un <a href=\"\/resources\/sharable-graphics\/family-homelessness-measuring-progress\/\">error de datos<\/a>, pero podr\u00eda haber otras explicaciones. <\/p>\n\n\n\n<p>Puede haber problemas de solicitud de programas o retrasos en las derivaciones. Puede haber barreras de programas o problemas de pol\u00edticas que contribuyan a la subutilizaci\u00f3n de recursos de vivienda temporal altamente valiosos. Las unidades disponibles pueden estar ubicadas lejos de donde las familias est\u00e1n experimentando la falta de vivienda, lo cual es particularmente cierto en los CoCs de Balance de Estado.  <\/p>\n\n\n\n<p>Las familias pueden tener sus propias razones para renunciar a los recursos de vivienda temporal disponibles. Las unidades disponibles o el programa pueden parecer inadecuados o inseguros para la familia. Quiz\u00e1s la familia prefiera permanecer con su veh\u00edculo o sus queridas mascotas.  <\/p>\n\n\n\n<p>Independientemente, las familias con ni\u00f1os nunca deber\u00edan quedarse sin un lugar seguro para pasar la noche. Ciertamente no deber\u00eda ocurrir en comunidades que tienen recursos para albergarlas. <\/p>\n\n\n\n<p>Es esencial que su CoC entienda y aborde lo que contribuye a esta desconexi\u00f3n.<\/p>\n\n\n\n<h2 class=\"wp-block-heading\"><em>Si no hay suficiente capacidad de vivienda temporal, \u00bfno deber\u00edamos crear m\u00e1s?<\/em><\/h2>\n\n\n\n<p>En muchas comunidades hay muchas m\u00e1s familias experimentando la falta de vivienda en un momento dado que unidades de vivienda temporal disponibles para ellas. (Sorprendentemente, sin embargo, incluso en estas localidades, las unidades de vivienda temporal siguen sin utilizarse). <\/p>\n\n\n\n<p>Si su localidad enfrenta una escasez de capacidad de vivienda temporal, los l\u00edderes locales pueden concluir razonablemente que existe una necesidad urgente de expandir la capacidad de refugio.<\/p>\n\n\n\n<p>Esto puede ser necesario. Sin embargo, construir capacidad de refugio f\u00edsico permanente puede ser el mecanismo m\u00e1s ineficiente y costoso para abordar <a href=\"\/resources\/sharable-graphics\/family-homelessness-measuring-progress\/\">la falta de vivienda familiar sin refugio<\/a>. La financiaci\u00f3n y ubicaci\u00f3n de nuevos programas de vivienda temporal para cualquier poblaci\u00f3n que experimenta la falta de vivienda puede llevar a\u00f1os. Mientras tanto, las familias siguen sin tener un lugar seguro para quedarse. Los vales de motel y los refugios de desbordamiento pueden proporcionar alivio inmediato, pero es poco probable que sean la mejor respuesta a largo plazo.    <\/p>\n\n\n\n<p>Al considerar estas opciones, tambi\u00e9n podr\u00eda contemplar si las inversiones en otras partes del sistema de atenci\u00f3n a personas sin hogar podr\u00edan generar resultados m\u00e1s r\u00e1pidos y menos costosos para erradicar la falta de vivienda familiar no refugiada.<\/p>\n\n\n\n<p>Por ejemplo, la ampliaci\u00f3n de la capacidad de realojamiento puede reducir significativamente la presi\u00f3n sobre los sistemas de servicios para personas sin hogar. El realojamiento r\u00e1pido \u2014utilizado seg\u00fan lo previsto para reducir el tiempo que las familias experimentan la falta de vivienda\u2014 puede liberar la capacidad de los albergues existentes para que est\u00e9n disponibles para asistir a otras familias en crisis, incluyendo a familias sin refugio y aquellas en listas de espera. <\/p>\n\n\n\n<p>De manera similar, incrementar la capacidad de desv\u00edo puede ayudar a algunas familias a evitar estancias en albergues, liberando as\u00ed capacidad de albergue para aquellos sin otra opci\u00f3n. Las localidades tambi\u00e9n est\u00e1n utilizando las mismas t\u00e9cnicas exitosas de desv\u00edo que ayudan a las familias a evitar un episodio de falta de vivienda para ayudar a las familias que ya est\u00e1n sin hogar (incluidas las familias sin refugio) a reconectarse con una vivienda. De esta manera, est\u00e1n poniendo fin r\u00e1pidamente a la falta de vivienda de las familias sin refugio.  <\/p>\n\n\n\n<h2 class=\"wp-block-heading\">Explorando datos y mirando hacia el futuro<\/h2>\n\n\n\n<p>El Departamento de Vivienda y Desarrollo Urbano (HUD) requiere que las localidades recopilen y reporten una gran cantidad de datos sobre c\u00f3mo est\u00e1n atendiendo a las personas que experimentan la falta de vivienda. En demasiadas ocasiones, los datos se env\u00edan al HUD, y eso es todo lo que se hace con ellos. <\/p>\n\n\n\n<p>Sin embargo, estos <a href=\"\/resources\/sharable-graphics\/family-homelessness-measuring-progress\/\">datos proporcionan informaci\u00f3n valiosa<\/a> que puede ser una herramienta cr\u00edtica para ayudar a los l\u00edderes del sistema de servicios para personas sin hogar a mejorar la forma en que est\u00e1n utilizando sus recursos. Tambi\u00e9n puede ser una herramienta para abogar por nuevos recursos, permitiendo a las localidades demostrar a los formuladores de pol\u00edticas las brechas de recursos y los \u00e9xitos locales. <\/p>\n\n\n\n<p>Las futuras publicaciones en el blog explorar\u00e1n otras cuestiones planteadas por la nueva herramienta de datos de la Alianza y c\u00f3mo se puede utilizar para informar la toma de decisiones y la abogac\u00eda a nivel local. Agradecemos sus <a href=\"mailto:smcdonald@naeh.org\">comentarios<\/a> y perspectivas. <\/p>\n<\/div>\n\n\n\n<div class=\"wp-block-b3rg-column e-col e-col-07ab2b4105c7c9441fb36c05bc0c1bc8023c6e2c e-col--bi-right-side e-col--blog-inner-related-posts  col-sm-12 col-lg-3\">\n<div class=\"e-div e-div-59078f910ce4d15d28fcab7c9003952a96233d13 e-div--js-bi-sticky-left\">\n<div class=\"e-div e-div-6ff6ea2961c0f998010e1194547bb1cb17285b20 e-div--bi-social-icons\">\n<div class=\"e-div e-div-8fd4c05a3f9dd204e3dd79e614332da9f57f6b56 e-div--social-share-tooltip\"><div class=\"heateor_sss_sharing_container heateor_sss_horizontal_sharing\" data-heateor-ss-offset=\"0\" data-heateor-sss-href='https:\/\/endhomelessness.org\/es\/blog\/examinando-datos-explorando-la-falta-de-vivienda-familiar-sin-refugio\/'><div class=\"heateor_sss_sharing_ul\"><a aria-label=\"Copy Link\" class=\"heateor_sss_button_copy_link\" title=\"Copy Link\" rel=\"noopener\" href=\"https:\/\/endhomelessness.org\/es\/blog\/examinando-datos-explorando-la-falta-de-vivienda-familiar-sin-refugio\/\" onclick=\"event.preventDefault()\" style=\"font-size:32px!important;box-shadow:none;display:inline-block;vertical-align:middle\"><span class=\"heateor_sss_svg heateor_sss_s__default heateor_sss_s_copy_link\" style=\"background-color:#ffc112;width:35px;height:35px;border-radius:999px;display:inline-block;opacity:1;float:left;font-size:32px;box-shadow:none;display:inline-block;font-size:16px;padding:0 4px;vertical-align:middle;background-repeat:repeat;overflow:hidden;padding:0;cursor:pointer;box-sizing:content-box\"><svg style=\"display:block;border-radius:999px;\" focusable=\"false\" aria-hidden=\"true\" xmlns=\"http:\/\/www.w3.org\/2000\/svg\" width=\"100%\" height=\"100%\" viewBox=\"-4 -4 40 40\"><path fill=\"#fff\" d=\"M24.412 21.177c0-.36-.126-.665-.377-.917l-2.804-2.804a1.235 1.235 0 0 0-.913-.378c-.377 0-.7.144-.97.43.026.028.11.11.255.25.144.14.24.236.29.29s.117.14.2.256c.087.117.146.232.177.344.03.112.046.236.046.37 0 .36-.126.666-.377.918a1.25 1.25 0 0 1-.918.377 1.4 1.4 0 0 1-.373-.047 1.062 1.062 0 0 1-.345-.175 2.268 2.268 0 0 1-.256-.2 6.815 6.815 0 0 1-.29-.29c-.14-.142-.223-.23-.25-.254-.297.28-.445.607-.445.984 0 .36.126.664.377.916l2.778 2.79c.243.243.548.364.917.364.36 0 .665-.118.917-.35l1.982-1.97c.252-.25.378-.55.378-.9zm-9.477-9.504c0-.36-.126-.665-.377-.917l-2.777-2.79a1.235 1.235 0 0 0-.913-.378c-.35 0-.656.12-.917.364L7.967 9.92c-.254.252-.38.553-.38.903 0 .36.126.665.38.917l2.802 2.804c.242.243.547.364.916.364.377 0 .7-.14.97-.418-.026-.027-.11-.11-.255-.25s-.24-.235-.29-.29a2.675 2.675 0 0 1-.2-.255 1.052 1.052 0 0 1-.176-.344 1.396 1.396 0 0 1-.047-.37c0-.36.126-.662.377-.914.252-.252.557-.377.917-.377.136 0 .26.015.37.046.114.03.23.09.346.175.117.085.202.153.256.2.054.05.15.148.29.29.14.146.222.23.25.258.294-.278.442-.606.442-.983zM27 21.177c0 1.078-.382 1.99-1.146 2.736l-1.982 1.968c-.745.75-1.658 1.12-2.736 1.12-1.087 0-2.004-.38-2.75-1.143l-2.777-2.79c-.75-.747-1.12-1.66-1.12-2.737 0-1.106.392-2.046 1.183-2.818l-1.186-1.185c-.774.79-1.708 1.186-2.805 1.186-1.078 0-1.995-.376-2.75-1.13l-2.803-2.81C5.377 12.82 5 11.903 5 10.826c0-1.08.382-1.993 1.146-2.738L8.128 6.12C8.873 5.372 9.785 5 10.864 5c1.087 0 2.004.382 2.75 1.146l2.777 2.79c.75.747 1.12 1.66 1.12 2.737 0 1.105-.392 2.045-1.183 2.817l1.186 1.186c.774-.79 1.708-1.186 2.805-1.186 1.078 0 1.995.377 2.75 1.132l2.804 2.804c.754.755 1.13 1.672 1.13 2.75z\"\/><\/svg><\/span><\/a><a aria-label=\"Facebook\" class=\"heateor_sss_facebook\" href=\"https:\/\/www.facebook.com\/sharer\/sharer.php?u=https%3A%2F%2Fendhomelessness.org%2Fes%2Fblog%2Fexaminando-datos-explorando-la-falta-de-vivienda-familiar-sin-refugio%2F\" title=\"Facebook\" rel=\"nofollow noopener\" target=\"_blank\" style=\"font-size:32px!important;box-shadow:none;display:inline-block;vertical-align:middle\"><span class=\"heateor_sss_svg\" style=\"background-color:#0765FE;width:35px;height:35px;border-radius:999px;display:inline-block;opacity:1;float:left;font-size:32px;box-shadow:none;display:inline-block;font-size:16px;padding:0 4px;vertical-align:middle;background-repeat:repeat;overflow:hidden;padding:0;cursor:pointer;box-sizing:content-box\"><svg style=\"display:block;border-radius:999px;\" focusable=\"false\" aria-hidden=\"true\" xmlns=\"http:\/\/www.w3.org\/2000\/svg\" width=\"100%\" height=\"100%\" viewBox=\"0 0 32 32\"><path fill=\"#fff\" d=\"M28 16c0-6.627-5.373-12-12-12S4 9.373 4 16c0 5.628 3.875 10.35 9.101 11.647v-7.98h-2.474V16H13.1v-1.58c0-4.085 1.849-5.978 5.859-5.978.76 0 2.072.15 2.608.298v3.325c-.283-.03-.775-.045-1.386-.045-1.967 0-2.728.745-2.728 2.683V16h3.92l-.673 3.667h-3.247v8.245C23.395 27.195 28 22.135 28 16Z\"><\/path><\/svg><\/span><\/a><a aria-label=\"Linkedin\" class=\"heateor_sss_button_linkedin\" href=\"https:\/\/www.linkedin.com\/sharing\/share-offsite\/?url=https%3A%2F%2Fendhomelessness.org%2Fes%2Fblog%2Fexaminando-datos-explorando-la-falta-de-vivienda-familiar-sin-refugio%2F\" title=\"Linkedin\" rel=\"nofollow noopener\" target=\"_blank\" style=\"font-size:32px!important;box-shadow:none;display:inline-block;vertical-align:middle\"><span class=\"heateor_sss_svg heateor_sss_s__default heateor_sss_s_linkedin\" style=\"background-color:#0077b5;width:35px;height:35px;border-radius:999px;display:inline-block;opacity:1;float:left;font-size:32px;box-shadow:none;display:inline-block;font-size:16px;padding:0 4px;vertical-align:middle;background-repeat:repeat;overflow:hidden;padding:0;cursor:pointer;box-sizing:content-box\"><svg style=\"display:block;border-radius:999px;\" focusable=\"false\" aria-hidden=\"true\" xmlns=\"http:\/\/www.w3.org\/2000\/svg\" width=\"100%\" height=\"100%\" viewBox=\"0 0 32 32\"><path d=\"M6.227 12.61h4.19v13.48h-4.19V12.61zm2.095-6.7a2.43 2.43 0 0 1 0 4.86c-1.344 0-2.428-1.09-2.428-2.43s1.084-2.43 2.428-2.43m4.72 6.7h4.02v1.84h.058c.56-1.058 1.927-2.176 3.965-2.176 4.238 0 5.02 2.792 5.02 6.42v7.395h-4.183v-6.56c0-1.564-.03-3.574-2.178-3.574-2.18 0-2.514 1.7-2.514 3.46v6.668h-4.187V12.61z\" fill=\"#fff\"><\/path><\/svg><\/span><\/a><a aria-label=\"X\" class=\"heateor_sss_button_x\" href=\"https:\/\/twitter.com\/intent\/tweet?text=Examinando%20datos%3A%20Explorando%20la%20falta%20de%20vivienda%20familiar%20sin%20refugio&url=https%3A%2F%2Fendhomelessness.org%2Fes%2Fblog%2Fexaminando-datos-explorando-la-falta-de-vivienda-familiar-sin-refugio%2F\" title=\"X\" rel=\"nofollow noopener\" target=\"_blank\" style=\"font-size:32px!important;box-shadow:none;display:inline-block;vertical-align:middle\"><span class=\"heateor_sss_svg heateor_sss_s__default heateor_sss_s_x\" style=\"background-color:#2a2a2a;width:35px;height:35px;border-radius:999px;display:inline-block;opacity:1;float:left;font-size:32px;box-shadow:none;display:inline-block;font-size:16px;padding:0 4px;vertical-align:middle;background-repeat:repeat;overflow:hidden;padding:0;cursor:pointer;box-sizing:content-box\"><svg width=\"100%\" height=\"100%\" style=\"display:block;border-radius:999px;\" focusable=\"false\" aria-hidden=\"true\" xmlns=\"http:\/\/www.w3.org\/2000\/svg\" viewBox=\"0 0 32 32\"><path fill=\"#fff\" d=\"M21.751 7h3.067l-6.7 7.658L26 25.078h-6.172l-4.833-6.32-5.531 6.32h-3.07l7.167-8.19L6 7h6.328l4.37 5.777L21.75 7Zm-1.076 16.242h1.7L11.404 8.74H9.58l11.094 14.503Z\"><\/path><\/svg><\/span><\/a><\/div><div class=\"heateorSssClear\"><\/div><\/div>\n<\/div>\n<\/div>\n\n\n\n<div class=\"e-div e-div-1a5a32aa7dcbe57c6b9a8a8c9a37785edf82434d e-div--bi-topics\">\n<h2 class=\"wp-block-heading has-rich-black-color has-text-color has-link-color wp-elements-be6bdbd00a494032c0ae3c9d7a69a331\">Etiquetas<\/h2>\n\n\n<div class=\"e-mtf e-mtf--dlt e-mtf--taxonomy e-mtf--taxonomy-blog-tags\"><\/div><\/div>\n\n\n\n<div class=\"e-div e-div-275b8ff6f2bffd3e4cc054055156f9110887442d e-div--bi-related-post\"><style><\/style>\n<h2 class=\"wp-block-heading has-rich-black-color has-text-color has-link-color wp-elements-e435b81f6878ebba01997b7c42400d88\">Publicaciones relacionadas<\/h2>\n\n\n\n<div class=\"e-div e-div-0162dd5adc5b84600d5bea230d8c418559af071d\">\n<\/div>\n<\/div>\n<\/div>\n<\/div>\n<\/div>\n<\/div><\/section>\n\n<section class=\"e-stn e-stn-af33064b18769c0dcbd144d5242c41c8ff25e8a2 e-stn--related-post e-mt-60  e-mt-sm-0\"><style>@media only screen and (max-width: 9999px) {\n\t\t\t\t\t\t\t\t\t.e-stn.e-stn-af33064b18769c0dcbd144d5242c41c8ff25e8a2 { \n\t\t\t\t\t\t\t\t\t\tbackground-color: #F3F8FC; \n\t\t\t\t\t\t\t\t\t}\n\t\t\t\t\t\t\t\t}<\/style><div class=\"container\">\n<div class=\"wp-block-b3rg-row e-row row e-row--title-with-description\">\n<div class=\"wp-block-b3rg-column e-col e-col-3fd29a26ff70780ecd7ff03db8f4638045c8c9d8  col-sm-12\">\n<h2 class=\"wp-block-heading has-text-align-center\">Tambi\u00e9n le podr\u00eda interesar<\/h2>\n<\/div>\n<\/div>\n\n\n\n<div class=\"wp-block-b3rg-row e-row row\">\n<div class=\"wp-block-b3rg-column e-col e-col-3fd29a26ff70780ecd7ff03db8f4638045c8c9d8  col-sm-12\"><div class=\"e-rlp e-rlp--dlt\" > <div class=\"e-sgp taxonomy-legisladores-y-defensores taxonomy-vivienda-asequible taxonomy-falta-de-vivienda-en-situacion-de-calle taxonomy-gobierno-estatal-y-local e-sgp--dlt  wrapper-link\" > <a class=\"b3rg-post__trigger\" href='https:\/\/endhomelessness.org\/es\/blog\/lo-que-se-necesita-para-erradicar-la-falta-de-vivienda-mas-alla-de-la-decision-de-la-corte-suprema\/' target='_self'><div class=\"e-sgp__inner\">\n<div class=\"e-div e-div-39c9483d5c365ef0cd3af0137228c52c9e3c2277 e-sgp__media\"><figure class=\"wp-block-post-featured-image\"><img decoding=\"async\" src=\"https:\/\/endhomelessness.org\/wp-content\/uploads\/2024\/10\/7432022562_8d4289be3b_o-2048x1360-2.jpg\" class=\"attachment-post-thumbnail size-post-thumbnail wp-post-image\" alt=\"Written by Marcy Thompson\" style=\"object-fit:cover;\" srcset=\"https:\/\/endhomelessness.org\/wp-content\/uploads\/2024\/10\/7432022562_8d4289be3b_o-2048x1360-2.jpg 2048w, https:\/\/endhomelessness.org\/wp-content\/uploads\/2024\/10\/7432022562_8d4289be3b_o-2048x1360-2-300x199.jpg 300w, https:\/\/endhomelessness.org\/wp-content\/uploads\/2024\/10\/7432022562_8d4289be3b_o-2048x1360-2-1024x680.jpg 1024w, https:\/\/endhomelessness.org\/wp-content\/uploads\/2024\/10\/7432022562_8d4289be3b_o-2048x1360-2-768x510.jpg 768w, https:\/\/endhomelessness.org\/wp-content\/uploads\/2024\/10\/7432022562_8d4289be3b_o-2048x1360-2-1536x1020.jpg 1536w, https:\/\/endhomelessness.org\/wp-content\/uploads\/2024\/10\/7432022562_8d4289be3b_o-2048x1360-2-575x382.jpg 575w\" sizes=\"(max-width: 2048px) 100vw, 2048px\" \/><\/figure><\/div>\n\n<div class=\"e-div e-div-9345c3010e68f662cc8801eb2da3df07e835db1c e-sgp__content\">\n<div class=\"e-div e-div-0162dd5adc5b84600d5bea230d8c418559af071d\"><div class=\"wp-block-post-date\"><time datetime=\"2024-06-21T09:00:00-04:00\">21 de junio de 2024<\/time><\/div>\n\n\n<div class=\"e-div e-div-0162dd5adc5b84600d5bea230d8c418559af071d\"><div class=\"e-mtf e-mtf--dlt  e-mtf--post-reading-time\"><div class=\"post-reading-time\"><span class=\"reading-time__time\">6<\/span> <span class=\"post-reading-time__label postfix\">min<\/span><\/div><\/div><\/div>\n<\/div>\n\n\n<div class=\"e-mtf e-mtf--dlt  e-mtf--author-details\"><div class=\"post-author\"><div class=\"post-author__avatar\"><img decoding=\"async\" src=\"https:\/\/secure.gravatar.com\/avatar\/b15d1d242f4e013b2de0f21a94a1d848dfbeadfb7dde110341ae926f9abdedad?s=96&#038;d=mm&#038;r=g\" alt=\"\"\/><\/div>                        <div class=\"post-author__content\">\n                            <p class=\"post-author__name\">Marcy Thompson<\/p>\n                        <\/div><\/div><\/div>\n\n<h2 class=\"wp-block-post-title\">Lo que se necesita para erradicar la falta de vivienda: m\u00e1s all\u00e1 de la decisi\u00f3n de la Corte Suprema<\/h2>\n\n<div class=\"wp-block-post-excerpt\"><p class=\"wp-block-post-excerpt__excerpt\">La Corte Suprema est\u00e1 a punto de emitir un fallo en el caso de la Ciudad de Grants Pass, Oreg\u00f3n contra Johnson, el primer caso importante sobre la falta de vivienda que se presenta ante la Corte Suprema desde la d\u00e9cada de 1980. El caso determinar\u00e1&#8230; <\/p><\/div>\n\n<div class=\"e-mtf e-mtf--dlt e-mtf--taxonomy e-mtf--taxonomy-blog-tags\"><\/div>\n\n<div class=\"e-mtf e-mtf--dlt  e-mtf--learn-more-label\"><span class=\"btn\"><\/span><\/div><\/div>\n<\/div><\/a><\/div><div class=\"e-sgp taxonomy-opcional taxonomy-legisladores-y-defensores taxonomy-poblaciones-bipoc taxonomy-equidad taxonomy-vales-de-vivienda e-sgp--dlt  wrapper-link\" > <a class=\"b3rg-post__trigger\" href='https:\/\/endhomelessness.org\/es\/blog\/vivienda-justa-y-su-importancia-para-erradicar-la-situacion-de-calle\/' target='_self'><div class=\"e-sgp__inner\"><div class=\"e-div e-div-9ff5f303c0cf5a766604aaba4bb51f9b9904ee2a e-sgp__media\"><figure class=\"wp-block-post-featured-image\"><img decoding=\"async\" src=\"https:\/\/endhomelessness.org\/wp-content\/uploads\/2024\/10\/solutions-1200.jpg\" class=\"attachment-post-thumbnail size-post-thumbnail wp-post-image\" alt=\"Written by Guest Author\" style=\"object-fit:cover;\" srcset=\"https:\/\/endhomelessness.org\/wp-content\/uploads\/2024\/10\/solutions-1200.jpg 1200w, https:\/\/endhomelessness.org\/wp-content\/uploads\/2024\/10\/solutions-1200-300x158.jpg 300w, https:\/\/endhomelessness.org\/wp-content\/uploads\/2024\/10\/solutions-1200-1024x538.jpg 1024w, https:\/\/endhomelessness.org\/wp-content\/uploads\/2024\/10\/solutions-1200-768x403.jpg 768w, https:\/\/endhomelessness.org\/wp-content\/uploads\/2024\/10\/solutions-1200-575x302.jpg 575w\" sizes=\"(max-width: 1200px) 100vw, 1200px\" \/><\/figure><\/div><div class=\"e-div e-div-c1d2257c54346cc3ed19b0d76fc305ee7ae27df9 e-sgp__content\"><h2 class=\"wp-block-post-title\">Vivienda justa y su importancia para erradicar la situaci\u00f3n de calle<\/h2><div class=\"wp-block-post-date\"><time datetime=\"2024-04-29T09:00:00-04:00\">29 de abril de 2024<\/time><\/div><div class=\"e-mtf e-mtf--dlt  e-mtf--learn-more-label\"><span class=\"btn\"><\/span><\/div><\/div><\/div><\/a><\/div><div class=\"e-sgp taxonomy-opcional taxonomy-abogacia taxonomy-poblaciones-bipoc taxonomy-lgbtqia-es taxonomy-equidad taxonomy-sobrevivientes-de-violencia-domestica e-sgp--dlt  wrapper-link\" > <a class=\"b3rg-post__trigger\" href='https:\/\/endhomelessness.org\/es\/blog\/reconociendo-a-las-mujeres-que-experimentan-la-carencia-de-hogar-un-enfoque-del-mes-de-la-historia-de-la-mujer-en-el-downtown-womens-center\/' target='_self'><div class=\"e-sgp__inner\"><div class=\"e-div e-div-9ff5f303c0cf5a766604aaba4bb51f9b9904ee2a e-sgp__media\"><figure class=\"wp-block-post-featured-image\"><img decoding=\"async\" src=\"https:\/\/endhomelessness.org\/wp-content\/uploads\/2024\/10\/shutterstock_2135544849-2048x1152-1.jpg\" class=\"attachment-post-thumbnail size-post-thumbnail wp-post-image\" alt=\"Written by NAEH\" style=\"object-fit:cover;\" srcset=\"https:\/\/endhomelessness.org\/wp-content\/uploads\/2024\/10\/shutterstock_2135544849-2048x1152-1.jpg 2048w, https:\/\/endhomelessness.org\/wp-content\/uploads\/2024\/10\/shutterstock_2135544849-2048x1152-1-300x169.jpg 300w, https:\/\/endhomelessness.org\/wp-content\/uploads\/2024\/10\/shutterstock_2135544849-2048x1152-1-1024x576.jpg 1024w, https:\/\/endhomelessness.org\/wp-content\/uploads\/2024\/10\/shutterstock_2135544849-2048x1152-1-768x432.jpg 768w, https:\/\/endhomelessness.org\/wp-content\/uploads\/2024\/10\/shutterstock_2135544849-2048x1152-1-1536x864.jpg 1536w, https:\/\/endhomelessness.org\/wp-content\/uploads\/2024\/10\/shutterstock_2135544849-2048x1152-1-575x323.jpg 575w\" sizes=\"(max-width: 2048px) 100vw, 2048px\" \/><\/figure><\/div><div class=\"e-div e-div-c1d2257c54346cc3ed19b0d76fc305ee7ae27df9 e-sgp__content\"><h2 class=\"wp-block-post-title\">Reconociendo a las mujeres que experimentan la carencia de hogar: Un enfoque del Mes de la Historia de la Mujer en el Downtown Women&#8217;s Center<\/h2><div class=\"wp-block-post-date\"><time datetime=\"2022-03-28T14:06:00-04:00\">28 de marzo de 2022<\/time><\/div><div class=\"e-mtf e-mtf--dlt  e-mtf--learn-more-label\"><span class=\"btn\"><\/span><\/div><\/div><\/div><\/a><\/div><\/div><\/div>\n<\/div>\n<\/div><\/section>\n\n<section class=\"e-stn e-stn-fecd9f248d71f1b43eea1791ae2aa16e613ea50d e-stn--subscription-form\"><div class=\"container\">\n<div class=\"wp-block-b3rg-row e-row row\">\n<div class=\"wp-block-b3rg-column e-col e-col-5e53f80929c6668a38540fba03c97241dc5f6888 e-col--left  col-sm-12 col-lg-6\">\n<h2 class=\"wp-block-heading has-pure-white-color has-text-color has-link-color wp-elements-cec0e497456012f6e859233bfca8aaa4\"><strong>Mant\u00e9ngase informado: Soluciones, historias y formas de generar impacto<\/strong><\/h2>\n\n\n\n<p>Reg\u00edstrese para recibir actualizaciones sobre el trabajo de la Alianza, incluyendo las \u00faltimas investigaciones, esfuerzos de promoci\u00f3n e historias reales de progreso \u2014 adem\u00e1s de formas en las que puede ayudar a impulsar un cambio duradero.<\/p>\n<\/div>\n\n\n\n<div class=\"wp-block-b3rg-column e-col e-col-117d0cb7e6b4934330c33fb3a4c7ee0ab7e9abd4 e-col--right e-col--email-cta-form-wrpr  col-sm-12 col-lg-6\">\n<div id=\"mc_embed_shell\">\n      <link href=\"\/\/cdn-images.mailchimp.com\/embedcode\/classic-061523.css\" rel=\"stylesheet\" type=\"text\/css\"\/>\n  <style type=\"text\/css\">\n        #mc_embed_signup{background:#fff; false;clear:left; font:14px Helvetica,Arial,sans-serif; width: 600px;}\n        \/* Add your own Mailchimp form style overrides in your site stylesheet or in this style block.\n           We recommend moving this block and the preceding CSS link to the HEAD of your HTML file. *\/\n<\/style>\n<div id=\"mc_embed_signup\">\n    <form action=\"https:\/\/endhomelessness.us9.list-manage.com\/subscribe\/post?u=466b34a51377a9504fb2ebd8f&#038;id=1cf64328bb&#038;f_id=00f7f2e0f0\" method=\"post\" id=\"mc-embedded-subscribe-form\" name=\"mc-embedded-subscribe-form\" class=\"validate\" target=\"_blank\">\n        <div id=\"mc_embed_signup_scroll\">\n            <div class=\"indicates-required\"><span class=\"asterisk\">*<\/span> indica campo obligatorio<\/div>\n            <div class=\"mc-field-group\"><label for=\"mce-EMAIL\">Direcci\u00f3n de correo electr\u00f3nico <span class=\"asterisk\">*<\/span><\/label><input type=\"email\" name=\"EMAIL\" class=\"required email\" id=\"mce-EMAIL\" required=\"\" value=\"\"\/><\/div><div class=\"mc-field-group input-group\"><strong>\u00bfC\u00f3mo deber\u00edamos comunicarnos con usted? <\/strong><ul><li><input type=\"checkbox\" name=\"group[17873][1]\" id=\"mce-group[17873]-17873-0\" value=\"\"\/><label for=\"mce-group[17873]-17873-0\">Deseo recibir semanalmente herramientas, recursos y noticias sobre la falta de vivienda<\/label><\/li><li><input type=\"checkbox\" name=\"group[17873][2]\" id=\"mce-group[17873]-17873-1\" value=\"\"\/><label for=\"mce-group[17873]-17873-1\">Deseo recibir noticias generales y actualizaciones sobre el trabajo de la Alianza<\/label><\/li><\/ul><\/div><div class=\"mc-field-group\"><label for=\"mce-FNAME\">Nombre <\/label><input type=\"text\" name=\"FNAME\" class=\" text\" id=\"mce-FNAME\" value=\"\"\/><\/div><div class=\"mc-field-group\"><label for=\"mce-LNAME\">Apellido <\/label><input type=\"text\" name=\"LNAME\" class=\" text\" id=\"mce-LNAME\" value=\"\"\/><\/div>\n<div hidden=\"\"><input type=\"hidden\" name=\"tags\" value=\"12777910\"\/><\/div>\n        <div id=\"mce-responses\" class=\"clear\">\n            <div class=\"response\" id=\"mce-error-response\" style=\"display: none;\"><\/div>\n            <div class=\"response\" id=\"mce-success-response\" style=\"display: none;\"><\/div>\n        <\/div><div aria-hidden=\"true\" style=\"position: absolute; left: -5000px;\"><input type=\"text\" name=\"b_466b34a51377a9504fb2ebd8f_1cf64328bb\" tabindex=\"-1\" value=\"\"\/><\/div><div class=\"clear\"><input type=\"submit\" name=\"subscribe\" id=\"mc-embedded-subscribe\" class=\"button\" value=\"Suscribirse\"\/><\/div>\n    <\/div>\n<\/form>\n<\/div>\n<script type=\"text\/javascript\" src=\"\/\/s3.amazonaws.com\/downloads.mailchimp.com\/js\/mc-validate.js\"><\/script><script type=\"text\/javascript\">(function($) {window.fnames = new Array(); window.ftypes = new Array();fnames[0]='EMAIL';ftypes[0]='email';fnames[1]='FNAME';ftypes[1]='text';fnames[2]='LNAME';ftypes[2]='text';fnames[12]='MMERGE12';ftypes[12]='zip';fnames[4]='MMERGE4';ftypes[4]='text';fnames[7]='CITY';ftypes[7]='text';fnames[8]='STATE';ftypes[8]='text';fnames[11]='MMERGE11';ftypes[11]='text';fnames[13]='MMERGE13';ftypes[13]='text';fnames[3]='MMERGE3';ftypes[3]='text';fnames[5]='MMERGE5';ftypes[5]='text';}(jQuery));var $mcj = jQuery.noConflict(true);<\/script><\/div>\n<\/div>\n<\/div>\n<\/div><\/section>\n","protected":false},"excerpt":{"rendered":"<p>Los datos son un activo clave para los Continuos de Atenci\u00f3n (CoCs) de alto rendimiento. Cuando se gestionan adecuadamente, pueden ser un indicador del progreso y las necesidades de una comunidad. Tambi\u00e9n sirven como un bar\u00f3metro eficaz de&#8230;  <\/p>\n","protected":false},"author":27,"featured_media":6067,"template":"","meta":{"_acf_changed":false,"show_custom_date":false,"custom_date":"","featured":false,"featured_image":0,"learn_more_label":"","image_alt_text":"","learn_more_type":"","show_popup":false,"learn_more_link_file":0,"event_date":false,"event_start_date":"","event_end_date":"","place_holder_image_url":"","post_reading_time":"5","notification_enabled":false,"notification_text":"","notification_logo":"","notification_expiration_time":0,"is_enable_transparent_header":false,"hide_from_list_view":false,"selected_taxonomy_terms":{"blog-category":[464,498],"blog-audience":[461,465,468],"blog-best-practice":[467,500],"blog-key-issue":[],"translation_priority":[]},"selected_primary_terms":[],"learn_more_link":[],"featured_page_list":[],"notification_enabled_post_list":[],"_relevanssi_hide_post":"","_relevanssi_hide_content":"","_relevanssi_pin_for_all":"","_relevanssi_pin_keywords":"","_relevanssi_unpin_keywords":"","_relevanssi_related_keywords":"","_relevanssi_related_include_ids":"","_relevanssi_related_exclude_ids":"","_relevanssi_related_no_append":"","_relevanssi_related_not_related":"","_relevanssi_related_posts":"18710,18859,18482","_relevanssi_noindex_reason":"","inline_featured_image":false,"news_publication":"","footnotes":""},"blog-category":[464,498],"blog-audience":[461,465,468],"blog-best-practice":[467,500],"blog-key-issue":[],"class_list":["post-18770","blog","type-blog","status-publish","has-post-thumbnail","hentry","blog-category-falta-de-vivienda-en-situacion-de-calle","blog-category-ninos-y-familias","blog-audience-academicos-e-investigadores","blog-audience-continuos-de-atencion","blog-audience-directores-y-gerentes-de-programas","blog-best-practice-diseno-de-sistemas","blog-best-practice-recopilacion-y-evaluacion-de-datos"],"acf":[],"yoast_head":"<!-- This site is optimized with the Yoast SEO Premium plugin v24.7 (Yoast SEO v27.4) - https:\/\/yoast.com\/product\/yoast-seo-premium-wordpress\/ -->\n<title>Examinando datos: Explorando la falta de vivienda familiar sin refugio - Alianza Nacional para Erradicar la Falta de Vivienda<\/title>\n<meta name=\"description\" content=\"The National Alliance to End Homelessness is a nonpartisan, nonprofit organization committed to preventing and ending homelessness in the United States.\" \/>\n<meta name=\"robots\" content=\"index, follow, max-snippet:-1, max-image-preview:large, max-video-preview:-1\" \/>\n<link rel=\"canonical\" href=\"https:\/\/endhomelessness.org\/es\/blog\/examinando-datos-explorando-la-falta-de-vivienda-familiar-sin-refugio\/\" \/>\n<meta property=\"og:locale\" content=\"es_ES\" \/>\n<meta property=\"og:type\" content=\"article\" \/>\n<meta property=\"og:title\" content=\"Examinando datos: Explorando la falta de vivienda familiar sin refugio\" \/>\n<meta property=\"og:description\" content=\"The National Alliance to End Homelessness is a nonpartisan, nonprofit organization committed to preventing and ending homelessness in the United States.\" \/>\n<meta property=\"og:url\" content=\"https:\/\/endhomelessness.org\/es\/blog\/examinando-datos-explorando-la-falta-de-vivienda-familiar-sin-refugio\/\" \/>\n<meta property=\"og:site_name\" content=\"Alianza Nacional para Erradicar la Falta de Vivienda\" \/>\n<meta property=\"article:publisher\" content=\"https:\/\/www.facebook.com\/naehomelessness\/\" \/>\n<meta property=\"article:modified_time\" content=\"2025-04-07T04:40:54+00:00\" \/>\n<meta property=\"og:image\" content=\"https:\/\/endhomelessness.org\/wp-content\/uploads\/2024\/10\/faq-top-1.png\" \/>\n\t<meta property=\"og:image:width\" content=\"1000\" \/>\n\t<meta property=\"og:image:height\" content=\"350\" \/>\n\t<meta property=\"og:image:type\" content=\"image\/png\" \/>\n<meta name=\"twitter:card\" content=\"summary_large_image\" \/>\n<meta name=\"twitter:label1\" content=\"Tiempo de lectura\" \/>\n\t<meta name=\"twitter:data1\" content=\"6 minutos\" \/>\n<script type=\"application\/ld+json\" class=\"yoast-schema-graph\">{\"@context\":\"https:\\\/\\\/schema.org\",\"@graph\":[{\"@type\":\"WebPage\",\"@id\":\"https:\\\/\\\/endhomelessness.org\\\/es\\\/blog\\\/examinando-datos-explorando-la-falta-de-vivienda-familiar-sin-refugio\\\/\",\"url\":\"https:\\\/\\\/endhomelessness.org\\\/es\\\/blog\\\/examinando-datos-explorando-la-falta-de-vivienda-familiar-sin-refugio\\\/\",\"name\":\"Examinando datos: Explorando la falta de vivienda familiar sin refugio - Alianza Nacional para Erradicar la Falta de Vivienda\",\"isPartOf\":{\"@id\":\"https:\\\/\\\/endhomelessness.org\\\/es\\\/#website\"},\"primaryImageOfPage\":{\"@id\":\"https:\\\/\\\/endhomelessness.org\\\/es\\\/blog\\\/examinando-datos-explorando-la-falta-de-vivienda-familiar-sin-refugio\\\/#primaryimage\"},\"image\":{\"@id\":\"https:\\\/\\\/endhomelessness.org\\\/es\\\/blog\\\/examinando-datos-explorando-la-falta-de-vivienda-familiar-sin-refugio\\\/#primaryimage\"},\"thumbnailUrl\":\"https:\\\/\\\/endhomelessness.org\\\/wp-content\\\/uploads\\\/2024\\\/10\\\/faq-top-1.png\",\"datePublished\":\"2019-08-27T17:42:00+00:00\",\"dateModified\":\"2025-04-07T04:40:54+00:00\",\"description\":\"The National Alliance to End Homelessness is a nonpartisan, nonprofit organization committed to preventing and ending homelessness in the United States.\",\"breadcrumb\":{\"@id\":\"https:\\\/\\\/endhomelessness.org\\\/es\\\/blog\\\/examinando-datos-explorando-la-falta-de-vivienda-familiar-sin-refugio\\\/#breadcrumb\"},\"inLanguage\":\"es\",\"potentialAction\":[{\"@type\":\"ReadAction\",\"target\":[\"https:\\\/\\\/endhomelessness.org\\\/es\\\/blog\\\/examinando-datos-explorando-la-falta-de-vivienda-familiar-sin-refugio\\\/\"]}]},{\"@type\":\"ImageObject\",\"inLanguage\":\"es\",\"@id\":\"https:\\\/\\\/endhomelessness.org\\\/es\\\/blog\\\/examinando-datos-explorando-la-falta-de-vivienda-familiar-sin-refugio\\\/#primaryimage\",\"url\":\"https:\\\/\\\/endhomelessness.org\\\/wp-content\\\/uploads\\\/2024\\\/10\\\/faq-top-1.png\",\"contentUrl\":\"https:\\\/\\\/endhomelessness.org\\\/wp-content\\\/uploads\\\/2024\\\/10\\\/faq-top-1.png\",\"width\":1000,\"height\":350,\"caption\":\"Written by Sharon McDonald\"},{\"@type\":\"BreadcrumbList\",\"@id\":\"https:\\\/\\\/endhomelessness.org\\\/es\\\/blog\\\/examinando-datos-explorando-la-falta-de-vivienda-familiar-sin-refugio\\\/#breadcrumb\",\"itemListElement\":[{\"@type\":\"ListItem\",\"position\":1,\"name\":\"Inicio\",\"item\":\"https:\\\/\\\/endhomelessness.org\\\/es\\\/home-page-2-2-2\\\/\"},{\"@type\":\"ListItem\",\"position\":2,\"name\":\"Examinando datos: Explorando la falta de vivienda familiar sin refugio\"}]},{\"@type\":\"WebSite\",\"@id\":\"https:\\\/\\\/endhomelessness.org\\\/es\\\/#website\",\"url\":\"https:\\\/\\\/endhomelessness.org\\\/es\\\/\",\"name\":\"National Alliance to End Homelessness\",\"description\":\"Organizaci\u00f3n no partidista para prevenir y erradicar la falta de vivienda en EE.UU.\",\"publisher\":{\"@id\":\"https:\\\/\\\/endhomelessness.org\\\/es\\\/#organization\"},\"potentialAction\":[{\"@type\":\"SearchAction\",\"target\":{\"@type\":\"EntryPoint\",\"urlTemplate\":\"https:\\\/\\\/endhomelessness.org\\\/es\\\/?s={search_term_string}\"},\"query-input\":{\"@type\":\"PropertyValueSpecification\",\"valueRequired\":true,\"valueName\":\"search_term_string\"}}],\"inLanguage\":\"es\"},{\"@type\":\"Organization\",\"@id\":\"https:\\\/\\\/endhomelessness.org\\\/es\\\/#organization\",\"name\":\"Alianza Nacional para Erradicar la Falta de Vivienda\",\"url\":\"https:\\\/\\\/endhomelessness.org\\\/es\\\/\",\"logo\":{\"@type\":\"ImageObject\",\"inLanguage\":\"es\",\"@id\":\"https:\\\/\\\/endhomelessness.org\\\/es\\\/#\\\/schema\\\/logo\\\/image\\\/\",\"url\":\"https:\\\/\\\/endhomelessness.org\\\/wp-content\\\/uploads\\\/2024\\\/09\\\/logo-2.webp\",\"contentUrl\":\"https:\\\/\\\/endhomelessness.org\\\/wp-content\\\/uploads\\\/2024\\\/09\\\/logo-2.webp\",\"width\":687,\"height\":361,\"caption\":\"Alianza Nacional para Erradicar la Falta de Vivienda\"},\"image\":{\"@id\":\"https:\\\/\\\/endhomelessness.org\\\/es\\\/#\\\/schema\\\/logo\\\/image\\\/\"},\"sameAs\":[\"https:\\\/\\\/www.facebook.com\\\/naehomelessness\\\/\",\"https:\\\/\\\/www.youtube.com\\\/@EndingHomelessness\",\"https:\\\/\\\/www.linkedin.com\\\/company\\\/national-alliance-to-end-homelessness\\\/\",\"https:\\\/\\\/instagram.com\\\/naeh_endhomelessness\"]}]}<\/script>\n<!-- \/ Yoast SEO Premium plugin. -->","yoast_head_json":{"title":"Examinando datos: Explorando la falta de vivienda familiar sin refugio - Alianza Nacional para Erradicar la Falta de Vivienda","description":"The National Alliance to End Homelessness is a nonpartisan, nonprofit organization committed to preventing and ending homelessness in the United States.","robots":{"index":"index","follow":"follow","max-snippet":"max-snippet:-1","max-image-preview":"max-image-preview:large","max-video-preview":"max-video-preview:-1"},"canonical":"https:\/\/endhomelessness.org\/es\/blog\/examinando-datos-explorando-la-falta-de-vivienda-familiar-sin-refugio\/","og_locale":"es_ES","og_type":"article","og_title":"Examinando datos: Explorando la falta de vivienda familiar sin refugio","og_description":"The National Alliance to End Homelessness is a nonpartisan, nonprofit organization committed to preventing and ending homelessness in the United States.","og_url":"https:\/\/endhomelessness.org\/es\/blog\/examinando-datos-explorando-la-falta-de-vivienda-familiar-sin-refugio\/","og_site_name":"Alianza Nacional para Erradicar la Falta de Vivienda","article_publisher":"https:\/\/www.facebook.com\/naehomelessness\/","article_modified_time":"2025-04-07T04:40:54+00:00","og_image":[{"width":1000,"height":350,"url":"https:\/\/endhomelessness.org\/wp-content\/uploads\/2024\/10\/faq-top-1.png","type":"image\/png"}],"twitter_card":"summary_large_image","twitter_misc":{"Tiempo de lectura":"6 minutos"},"schema":{"@context":"https:\/\/schema.org","@graph":[{"@type":"WebPage","@id":"https:\/\/endhomelessness.org\/es\/blog\/examinando-datos-explorando-la-falta-de-vivienda-familiar-sin-refugio\/","url":"https:\/\/endhomelessness.org\/es\/blog\/examinando-datos-explorando-la-falta-de-vivienda-familiar-sin-refugio\/","name":"Examinando datos: Explorando la falta de vivienda familiar sin refugio - Alianza Nacional para Erradicar la Falta de Vivienda","isPartOf":{"@id":"https:\/\/endhomelessness.org\/es\/#website"},"primaryImageOfPage":{"@id":"https:\/\/endhomelessness.org\/es\/blog\/examinando-datos-explorando-la-falta-de-vivienda-familiar-sin-refugio\/#primaryimage"},"image":{"@id":"https:\/\/endhomelessness.org\/es\/blog\/examinando-datos-explorando-la-falta-de-vivienda-familiar-sin-refugio\/#primaryimage"},"thumbnailUrl":"https:\/\/endhomelessness.org\/wp-content\/uploads\/2024\/10\/faq-top-1.png","datePublished":"2019-08-27T17:42:00+00:00","dateModified":"2025-04-07T04:40:54+00:00","description":"The National Alliance to End Homelessness is a nonpartisan, nonprofit organization committed to preventing and ending homelessness in the United States.","breadcrumb":{"@id":"https:\/\/endhomelessness.org\/es\/blog\/examinando-datos-explorando-la-falta-de-vivienda-familiar-sin-refugio\/#breadcrumb"},"inLanguage":"es","potentialAction":[{"@type":"ReadAction","target":["https:\/\/endhomelessness.org\/es\/blog\/examinando-datos-explorando-la-falta-de-vivienda-familiar-sin-refugio\/"]}]},{"@type":"ImageObject","inLanguage":"es","@id":"https:\/\/endhomelessness.org\/es\/blog\/examinando-datos-explorando-la-falta-de-vivienda-familiar-sin-refugio\/#primaryimage","url":"https:\/\/endhomelessness.org\/wp-content\/uploads\/2024\/10\/faq-top-1.png","contentUrl":"https:\/\/endhomelessness.org\/wp-content\/uploads\/2024\/10\/faq-top-1.png","width":1000,"height":350,"caption":"Written by Sharon McDonald"},{"@type":"BreadcrumbList","@id":"https:\/\/endhomelessness.org\/es\/blog\/examinando-datos-explorando-la-falta-de-vivienda-familiar-sin-refugio\/#breadcrumb","itemListElement":[{"@type":"ListItem","position":1,"name":"Inicio","item":"https:\/\/endhomelessness.org\/es\/home-page-2-2-2\/"},{"@type":"ListItem","position":2,"name":"Examinando datos: Explorando la falta de vivienda familiar sin refugio"}]},{"@type":"WebSite","@id":"https:\/\/endhomelessness.org\/es\/#website","url":"https:\/\/endhomelessness.org\/es\/","name":"National Alliance to End Homelessness","description":"Organizaci\u00f3n no partidista para prevenir y erradicar la falta de vivienda en EE.UU.","publisher":{"@id":"https:\/\/endhomelessness.org\/es\/#organization"},"potentialAction":[{"@type":"SearchAction","target":{"@type":"EntryPoint","urlTemplate":"https:\/\/endhomelessness.org\/es\/?s={search_term_string}"},"query-input":{"@type":"PropertyValueSpecification","valueRequired":true,"valueName":"search_term_string"}}],"inLanguage":"es"},{"@type":"Organization","@id":"https:\/\/endhomelessness.org\/es\/#organization","name":"Alianza Nacional para Erradicar la Falta de Vivienda","url":"https:\/\/endhomelessness.org\/es\/","logo":{"@type":"ImageObject","inLanguage":"es","@id":"https:\/\/endhomelessness.org\/es\/#\/schema\/logo\/image\/","url":"https:\/\/endhomelessness.org\/wp-content\/uploads\/2024\/09\/logo-2.webp","contentUrl":"https:\/\/endhomelessness.org\/wp-content\/uploads\/2024\/09\/logo-2.webp","width":687,"height":361,"caption":"Alianza Nacional para Erradicar la Falta de Vivienda"},"image":{"@id":"https:\/\/endhomelessness.org\/es\/#\/schema\/logo\/image\/"},"sameAs":["https:\/\/www.facebook.com\/naehomelessness\/","https:\/\/www.youtube.com\/@EndingHomelessness","https:\/\/www.linkedin.com\/company\/national-alliance-to-end-homelessness\/","https:\/\/instagram.com\/naeh_endhomelessness"]}]}},"_links":{"self":[{"href":"https:\/\/endhomelessness.org\/es\/wp-json\/wp\/v2\/blog\/18770","targetHints":{"allow":["GET"]}}],"collection":[{"href":"https:\/\/endhomelessness.org\/es\/wp-json\/wp\/v2\/blog"}],"about":[{"href":"https:\/\/endhomelessness.org\/es\/wp-json\/wp\/v2\/types\/blog"}],"author":[{"embeddable":true,"href":"https:\/\/endhomelessness.org\/es\/wp-json\/wp\/v2\/users\/27"}],"version-history":[{"count":0,"href":"https:\/\/endhomelessness.org\/es\/wp-json\/wp\/v2\/blog\/18770\/revisions"}],"wp:featuredmedia":[{"embeddable":true,"href":"https:\/\/endhomelessness.org\/es\/wp-json\/wp\/v2\/media\/6067"}],"wp:attachment":[{"href":"https:\/\/endhomelessness.org\/es\/wp-json\/wp\/v2\/media?parent=18770"}],"wp:term":[{"taxonomy":"blog-category","embeddable":true,"href":"https:\/\/endhomelessness.org\/es\/wp-json\/wp\/v2\/blog-category?post=18770"},{"taxonomy":"blog-audience","embeddable":true,"href":"https:\/\/endhomelessness.org\/es\/wp-json\/wp\/v2\/blog-audience?post=18770"},{"taxonomy":"blog-best-practice","embeddable":true,"href":"https:\/\/endhomelessness.org\/es\/wp-json\/wp\/v2\/blog-best-practice?post=18770"},{"taxonomy":"blog-key-issue","embeddable":true,"href":"https:\/\/endhomelessness.org\/es\/wp-json\/wp\/v2\/blog-key-issue?post=18770"}],"curies":[{"name":"wp","href":"https:\/\/api.w.org\/{rel}","templated":true}]}}