{"id":18859,"date":"2024-04-29T09:00:00","date_gmt":"2024-04-29T13:00:00","guid":{"rendered":"https:\/\/endhomelessness.org\/blog\/vivienda-justa-y-su-importancia-para-erradicar-la-situacion-de-calle\/"},"modified":"2025-04-07T00:45:02","modified_gmt":"2025-04-07T04:45:02","slug":"vivienda-justa-y-su-importancia-para-erradicar-la-situacion-de-calle","status":"publish","type":"blog","link":"https:\/\/endhomelessness.org\/es\/blog\/vivienda-justa-y-su-importancia-para-erradicar-la-situacion-de-calle\/","title":{"rendered":"Vivienda justa y su importancia para erradicar la situaci\u00f3n de calle"},"content":{"rendered":"\n<section class=\"e-stn e-stn-642edd2d478cb6d72ad11a3f94eb096b46aa8c61 e-stn--bi-banner e-stn--blog-inner-banner e-mt-0\"><div class=\"container\">\n<div class=\"wp-block-b3rg-row e-row row\">\n<div class=\"wp-block-b3rg-column e-col e-col-a1723a90dcabee317021282e0a59fa1add95d7a3 e-col--blog-inner-banner-content-wrpr  col-sm-12 col-lg-6\">\n<div class=\"e-div e-div-368784d6f024bd28fc93462eb0616dec8d069665 e-div--blog-inner-post-type-tag\"><span>BLOG<\/span>\n<\/div>\n\n\n<div class=\"e-mtf e-mtf--dlt  e-mtf--post-date\">Abr 27, 2026<\/div>\n\n<h1 class=\"wp-block-post-title\">Vivienda justa y su importancia para erradicar la situaci\u00f3n de calle<\/h1>\n\n\n<div class=\"e-div e-div-976a3f7724ffcd71e737afe4e1bbffbbf3dd036f e-div--bi-read-time\"><div class=\"e-mtf e-mtf--dlt  e-mtf--author-with-link\"><a href=\"https:\/\/endhomelessness.org\/es\/author\/guest-author\/\" class=\"post-author-url\">\n    <div class=\"post-author\">            <div class=\"post-author__content\">\n                <p class=\"post-author__name\">Guest Author<\/p>\n            <\/div>\n        <\/div>\n    <\/a><\/div>\n\n\n<div class=\"e-div e-div-0162dd5adc5b84600d5bea230d8c418559af071d\"><div class=\"e-mtf e-mtf--dlt  e-mtf--post-reading-time\"><div class=\"post-reading-time\"><span class=\"reading-time__time\">7<\/span> <span class=\"post-reading-time__label postfix\">min<\/span><\/div><\/div><\/div>\n<\/div>\n<\/div>\n\n\n\n<div class=\"wp-block-b3rg-column e-col e-col-0c503a5984f4fbd04e91061f205fb824382fb9a6 e-col--blog-inner-banner-media-wrpr  col-sm-12 col-lg-6\"><figure class=\"wp-block-post-featured-image\"><img decoding=\"async\" src=\"https:\/\/endhomelessness.org\/wp-content\/uploads\/2024\/10\/solutions-1200.jpg\" class=\"attachment-post-thumbnail size-post-thumbnail wp-post-image\" alt=\"Written by Guest Author\" style=\"object-fit:cover;\" srcset=\"https:\/\/endhomelessness.org\/wp-content\/uploads\/2024\/10\/solutions-1200.jpg 1200w, https:\/\/endhomelessness.org\/wp-content\/uploads\/2024\/10\/solutions-1200-300x158.jpg 300w, https:\/\/endhomelessness.org\/wp-content\/uploads\/2024\/10\/solutions-1200-1024x538.jpg 1024w, https:\/\/endhomelessness.org\/wp-content\/uploads\/2024\/10\/solutions-1200-768x403.jpg 768w, https:\/\/endhomelessness.org\/wp-content\/uploads\/2024\/10\/solutions-1200-575x302.jpg 575w\" sizes=\"(max-width: 1200px) 100vw, 1200px\" \/><\/figure><\/div>\n<\/div>\n<\/div><\/section>\n\n<section class=\"e-stn e-stn-ad75c7bf6c94c4c74b1ce488ab717de8fdff6ca2 e-stn--bi-content-with-media-section e-mt-0 e-pt-120  e-pt-sm-50 e-pb-60\"><div class=\"container\">\n<div class=\"wp-block-b3rg-row e-row row\">\n<div class=\"wp-block-b3rg-column e-col e-col-f1092f68b065a750a7ad99323cbd3499d1ad2b1c e-col--bi-content-with-media-section-content-wrapper e-col--blog-inner-contents  col-sm-12 col-lg-9\">\n<div class=\"e-div e-div-9ce29f63ba27703dc1c62e7641a10a0714efe0cc e-div--blog-inner-highlight-content\">\n<h5 class=\"wp-block-heading\" id=\"h-written-by-scott-chang-senior-counsel-national-fair-housing-alliance-and-saba-mwine-chang-managing-director-homelessness-policy-research-institute\">Redactado por Scott Chang, Asesor Jur\u00eddico Principal, Alianza Nacional de Vivienda Justa y Saba Mwine-Chang, Directora Ejecutiva, Instituto de Investigaci\u00f3n de Pol\u00edticas sobre la Situaci\u00f3n de Calle<\/h5>\n<\/div>\n\n\n\n<p>La Ley de Vivienda Justa es la principal legislaci\u00f3n de vivienda justa de nuestra naci\u00f3n. El 11 de abril de 1968, el presidente Lyndon Johnson promulg\u00f3 el T\u00edtulo VIII de la Ley de Derechos Civiles de 1968, conocida como la Ley Federal de Vivienda Justa. La ley fue aprobada siete d\u00edas despu\u00e9s del asesinato del Dr. Martin Luther King, Jr. para honrar el trabajo del Dr. King en la creaci\u00f3n de viviendas justas o &#8216;abiertas&#8217; en los Estados Unidos.  <\/p>\n\n\n\n<p>Los objetivos gemelos de la Ley de Vivienda Justa son prohibir la discriminaci\u00f3n en la vivienda y reemplazar los patrones existentes de segregaci\u00f3n residencial racial con &#8216;patrones de vida verdaderamente integrados y equilibrados&#8217;.<\/p>\n\n\n\n<p>No obstante, la discriminaci\u00f3n racial en la vivienda a precio de mercado influye en la representaci\u00f3n desproporcionada de personas de color que experimentan la situaci\u00f3n de calle. He aqu\u00ed una mirada retrospectiva a c\u00f3mo esta historia de racismo estructural ha creado estas disparidades en la situaci\u00f3n de calle, y c\u00f3mo la adhesi\u00f3n a la Ley de Vivienda Justa es crucial para abordar la actual crisis de vivienda de nuestra naci\u00f3n. <\/p>\n\n\n\n<h2 class=\"wp-block-heading\" id=\"h-a-brief-history-of-federal-housing-discrimination\">Breve historia de la discriminaci\u00f3n federal en materia de vivienda<\/h2>\n\n\n\n<p>Durante gran parte de la historia de Am\u00e9rica, las comunidades de color fueron sistem\u00e1ticamente excluidas de las oportunidades econ\u00f3micas a trav\u00e9s de decisiones pol\u00edticas expl\u00edcitas. De hecho, muchas leyes \u2014Leyes de Remoci\u00f3n de Indios, C\u00f3digos de Esclavos, Leyes de Esclavos Fugitivos, Leyes de Repatriaci\u00f3n, Ley de Remoci\u00f3n de Chinos, C\u00f3digos Negros, Ordenanzas de Ocaso, Ley de Internamiento Japon\u00e9s, Convenios de Restricci\u00f3n Racial, y muchas m\u00e1s\u2014 fueron dise\u00f1adas deliberadamente para proporcionar oportunidades a los blancos y simult\u00e1neamente negar oportunidades a las personas de color. Los propietarios blancos y los desarrolladores de subdivisiones incluyeron disposiciones en las escrituras de propiedad que prohib\u00edan la reventa y a veces el alquiler de dichas propiedades a personas que no fueran blancas. Los convenios de restricci\u00f3n racial fueron respaldados por el gobierno federal y la industria inmobiliaria al menos hasta la d\u00e9cada de 1940. En algunos casos, los bancos y otras instituciones de cr\u00e9dito exig\u00edan estos convenios.    <\/p>\n\n\n\n<p>Adem\u00e1s de los convenios de restricci\u00f3n racial, la zonificaci\u00f3n expl\u00edcita impidi\u00f3 que las personas de color se integraran en los vecindarios blancos. Aunque la Corte Suprema declar\u00f3 ilegal la zonificaci\u00f3n expl\u00edcitamente racial en 1917, la pr\u00e1ctica continu\u00f3 de formas menos evidentes durante d\u00e9cadas. Durante el New Deal, se estableci\u00f3 la Corporaci\u00f3n de Pr\u00e9stamos para Propietarios de Viviendas o &#8216;HOLC&#8217;. La HOLC utiliz\u00f3 la retroalimentaci\u00f3n de profesionales inmobiliarios para desarrollar categor\u00edas de riesgo y mapas que se basaban expl\u00edcitamente en la asociaci\u00f3n infundada entre raza y riesgo. Los mapas codificados por colores dise\u00f1ados por la HOLC indicaban que las comunidades negras y otras comunidades de color eran indeseables y no merec\u00edan inversi\u00f3n, de ah\u00ed el t\u00e9rmino &#8216;Redlining&#8217;.    <\/p>\n\n\n\n<h2 class=\"wp-block-heading\" id=\"h-how-the-federal-government-perpetuated-housing-segregation\">C\u00f3mo el gobierno federal perpetu\u00f3 la segregaci\u00f3n en la vivienda<\/h2>\n\n\n\n<p>La Administraci\u00f3n Federal de Vivienda contribuy\u00f3 a la segregaci\u00f3n de nuestros vecindarios. El Manual de Suscripci\u00f3n de la Administraci\u00f3n de Vivienda Justa de 1938 establec\u00eda: <\/p>\n\n\n\n<div class=\"e-div e-div-e7410f6d8d571ce7e68c9513ecc7c9d72bbbd08f e-div--blog-inner-quote-testimonial\"><style>@media only screen and (max-width: 9999px) {\n\t\t\t\t\t\t\t\t\t.e-div.e-div-e7410f6d8d571ce7e68c9513ecc7c9d72bbbd08f { \n\t\t\t\t\t\t\t\t\t\tbackground-color: #095F6C; \n\t\t\t\t\t\t\t\t\t}\n\t\t\t\t\t\t\t\t}<\/style>\n<blockquote class=\"wp-block-quote is-layout-flow wp-block-quote-is-layout-flow\">\n<p>Se investigan las \u00e1reas que rodean una ubicaci\u00f3n para determinar si hay grupos raciales y sociales incompatibles presentes, con el prop\u00f3sito de hacer una predicci\u00f3n sobre la probabilidad de que la ubicaci\u00f3n sea invadida por tales grupos.<\/p>\n<\/blockquote>\n<\/div>\n\n\n\n<p>Adem\u00e1s, la Administraci\u00f3n Federal de Vivienda exig\u00eda convenios de restricci\u00f3n racial a cambio de apoyar nuevos desarrollos de vivienda en los suburbios. Incluso despu\u00e9s de que la Corte Suprema declarara en 1948 que los convenios de restricci\u00f3n racial no eran ejecutables, la Administraci\u00f3n Federal de Vivienda dio un trato preferencial a los desarrolladores que adoptaron convenios de restricci\u00f3n racial. <\/p>\n\n\n\n<p>La enorme inversi\u00f3n en la propiedad de vivienda para blancos a trav\u00e9s de la <a href=\"https:\/\/www.npr.org\/2022\/10\/18\/1129735948\/black-vets-were-excluded-from-gi-bill-benefits-a-bill-in-congress-aims-to-fix-th\" target=\"_blank\" rel=\"noreferrer noopener\">Ley GI<\/a>, reforzada por siglos de pol\u00edticas discriminatorias por parte de actores gubernamentales y privados, ha llevado la brecha de propiedad de vivienda entre individuos negros y blancos a proporciones <em><strong>mayores<\/strong><\/em><strong> <\/strong>que antes de la aprobaci\u00f3n de la Ley de Vivienda Justa (v\u00e9ase el gr\u00e1fico a continuaci\u00f3n). Los latinos y otras comunidades de color tambi\u00e9n se quedan atr\u00e1s en la tasa de propiedad de vivienda de los blancos. Dado que la propiedad de vivienda es la piedra angular de la construcci\u00f3n de riqueza en los Estados Unidos, no es sorprendente que la brecha de riqueza entre blancos y comunidades de color siga siendo grande y persistente.  <\/p>\n\n\n\n<div class=\"e-div e-div-488ca5d2d8d88cbdf50f0d104e2ab2560d3630ec e-div--blog-inner-text-cta\"><div class=\"e-img \">\n<figure class=\"wp-block-image size-full\"><img loading=\"lazy\" decoding=\"async\" width=\"916\" height=\"795\" src=\"https:\/\/endhomelessness.org\/wp-content\/uploads\/2024\/10\/wapo-white-wealth-surges-black-wealth-stagnates.webp\" alt=\"\" class=\"wp-image-5703\" srcset=\"https:\/\/endhomelessness.org\/wp-content\/uploads\/2024\/10\/wapo-white-wealth-surges-black-wealth-stagnates.webp 916w, https:\/\/endhomelessness.org\/wp-content\/uploads\/2024\/10\/wapo-white-wealth-surges-black-wealth-stagnates-300x260.webp 300w, https:\/\/endhomelessness.org\/wp-content\/uploads\/2024\/10\/wapo-white-wealth-surges-black-wealth-stagnates-768x667.webp 768w, https:\/\/endhomelessness.org\/wp-content\/uploads\/2024\/10\/wapo-white-wealth-surges-black-wealth-stagnates-575x499.webp 575w\" sizes=\"auto, (max-width: 916px) 100vw, 916px\" \/><\/figure>\n<\/div>\n\n\n<p>Fuente: <a href=\"https:\/\/www.washingtonpost.com\/business\/2020\/06\/04\/economic-divide-black-households\/\" target=\"_blank\" rel=\"noreferrer noopener\">The Washington Post<\/a><\/p>\n<\/div>\n\n\n\n<div style=\"height:50px\" aria-hidden=\"true\" class=\"wp-block-spacer\"><\/div>\n\n\n\n<h2 class=\"wp-block-heading\" id=\"h-how-we-can-use-the-fair-housing-act-to-end-homelessness\">C\u00f3mo podemos utilizar la Ley de Vivienda Justa para erradicar la situaci\u00f3n de calle<\/h2>\n\n\n\n<p>En todos los estados, los estadounidenses negros tienen m\u00e1s probabilidades que los blancos de experimentar la situaci\u00f3n de calle (NAEH 2018). Apropiadamente, en los \u00faltimos a\u00f1os, los proveedores de servicios para personas en situaci\u00f3n de calle, investigadores y agencias gubernamentales locales y nacionales han reconocido que el racismo sist\u00e9mico es un impulsor importante de la situaci\u00f3n de calle. A medida que continuamos entendiendo la situaci\u00f3n de calle como un problema de justicia en la vivienda, le invitamos a considerar c\u00f3mo la Ley de Vivienda Justa puede ayudar en los esfuerzos para erradicar la situaci\u00f3n de calle.  <\/p>\n\n\n\n<p>La Ley de Vivienda Justa es una de nuestras leyes de derechos civiles m\u00e1s comprehensivas. Proh\u00edbe una amplia gama de pr\u00e1cticas discriminatorias en materia de vivienda y proporciona s\u00f3lidas medidas de reparaci\u00f3n, incluyendo medidas cautelares e indemnizaciones. Las clases protegidas bajo la Ley de Vivienda Justa incluyen Raza, Color, Religi\u00f3n, Origen Nacional, Sexo (incluyendo orientaci\u00f3n sexual e identidad de g\u00e9nero), Discapacidad y Estatus Familiar.  <\/p>\n\n\n\n<p>Algunas leyes estatales y locales tambi\u00e9n proh\u00edben la discriminaci\u00f3n por fuente de ingresos: discriminar contra cualquier forma legal en la que una persona se mantiene a s\u00ed misma o a sus dependientes. Varios subsidios federales de vivienda se encuentran bajo la categor\u00eda de fuente de ingresos, incluyendo los Vales de Elecci\u00f3n de Vivienda, Vivienda de Apoyo para Asuntos de Veteranos y Vales de Vivienda de Emergencia. <\/p>\n\n\n\n<h2 class=\"wp-block-heading\" id=\"h-assisting-people-experiencing-homelessness-through-fair-housing\">Asistencia a Personas que Experimentan la Falta de Vivienda a trav\u00e9s de la Vivienda Justa<\/h2>\n\n\n\n<p>La Ley de Vivienda Justa y las leyes estatales de vivienda justa pueden ser herramientas cr\u00edticas y efectivas para ayudar a las personas que experimentan la falta de vivienda a localizar y mantener una vivienda.<\/p>\n\n\n\n<div class=\"e-div e-div-9ce29f63ba27703dc1c62e7641a10a0714efe0cc e-div--blog-inner-highlight-content\">\n<h3 class=\"wp-block-heading\" id=\"h-first-it-can-prevent-discrimination-in-land-use-and-zoning-and-remove-barriers-to-building-affordable-housing-for-people-experiencing-homelessness\">En primer lugar, puede prevenir la discriminaci\u00f3n en el uso del suelo y la zonificaci\u00f3n, y eliminar las barreras para la construcci\u00f3n de viviendas asequibles para personas que experimentan la falta de vivienda.<\/h3>\n\n\n\n<p><br\/>En Estados Unidos contra la Ciudad de Nueva Orleans, un desarrollador de viviendas asequibles sin fines de lucro intent\u00f3 reconvertir un hogar de ancianos en viviendas de apoyo permanente para personas con discapacidades que anteriormente hab\u00edan experimentado la falta de vivienda. La ciudad intent\u00f3 retrasar y bloquear el proyecto neg\u00e1ndose a conceder los cambios de zonificaci\u00f3n necesarios. Los comentarios hechos por los vecinos en las audiencias sobre los cambios de zonificaci\u00f3n inclu\u00edan: \u00abEstas son personas que realmente necesitan un cuidado m\u00e1s intensivo. En realidad, deber\u00edan estar en un entorno institucional\u00bb. El Departamento de Justicia de los Estados Unidos present\u00f3 una demanda alegando que la ciudad viol\u00f3 la Ley de Vivienda Justa y el caso finalmente se resolvi\u00f3. El acuerdo requiere que la ciudad acepte proporcionar todos los permisos apropiados, enmendar su ordenanza de zonificaci\u00f3n para permitir viviendas de apoyo permanente, y preparar e implementar una pol\u00edtica de acomodaci\u00f3n razonable aprobada por los Estados Unidos.    <\/p>\n<\/div>\n\n\n\n<div class=\"e-div e-div-9ce29f63ba27703dc1c62e7641a10a0714efe0cc e-div--blog-inner-highlight-content\">\n<h3 class=\"wp-block-heading\" id=\"h-second-state-and-local-fair-housing-laws-can-assist-people-experiencing-homelessness-to-be-able-to-use-their-vouchers\">En segundo lugar, las leyes estatales y locales de vivienda justa pueden ayudar a las personas que experimentan la falta de vivienda a poder utilizar sus vales.<\/h3>\n\n\n\n<p><br\/>En Equal Rights Center contra Belmont Crossings Apartments, una agencia de asesoramiento intent\u00f3 ubicar a un veterano que estaba experimentando la falta de vivienda en una vivienda, utilizando un subsidio de vivienda de emergencia para veteranos. El complejo de apartamentos se neg\u00f3 a aceptar el vale. Dado que la discriminaci\u00f3n contra los titulares de vales es ilegal seg\u00fan la ley de D.C., la agencia se quej\u00f3 a una organizaci\u00f3n de vivienda justa con sede en D.C. La organizaci\u00f3n de vivienda justa llev\u00f3 a cabo pruebas de vivienda justa en las que los evaluadores se hicieron pasar por posibles inquilinos o compradores. En una prueba t\u00edpica, ambos evaluadores tienen calificaciones similares, pero uno de ellos es miembro de una clase protegida y el otro no. Documentan c\u00f3mo son tratados por los proveedores de vivienda. Haci\u00e9ndose pasar por un posible inquilino, un evaluador llam\u00f3 al complejo de apartamentos y dijo que deseaba usar el vale para ayudar a pagar una parte del alquiler de un apartamento de un dormitorio. El representante del apartamento le dijo al evaluador que aunque hab\u00eda un apartamento de un dormitorio disponible para alquilar, la propiedad no aceptaba vales ni ning\u00fan subsidio a corto plazo. Se present\u00f3 una demanda. El acuerdo en el caso requer\u00eda que el complejo de apartamentos aceptara subsidios a corto plazo y proporcionara un pago monetario sustancial.         <\/p>\n<\/div>\n\n\n\n<p>Otras disposiciones de las leyes de vivienda justa que pueden ayudar a las personas que experimentan la falta de vivienda incluyen la obtenci\u00f3n de acomodaciones razonables y ayudar a las personas con antecedentes penales a obtener vivienda. Una persona con una discapacidad puede hacer una solicitud de \u00abacomodaci\u00f3n razonable\u00bb para alterar una regla, pol\u00edtica, pr\u00e1ctica o servicio si tal cambio es necesario para proporcionar a la persona una oportunidad igual de usar y disfrutar de la vivienda. Una acomodaci\u00f3n razonable podr\u00eda ayudar, por ejemplo, a una persona que experimenta la falta de vivienda y que tiene dificultades para subir escaleras debido a una discapacidad a obtener un apartamento en el primer piso. Negarse a alquilar a personas con antecedentes penales puede violar las leyes de vivienda justa si los proveedores de vivienda tienen una pol\u00edtica general de negarse a aceptar personas con antecedentes penales sin considerar las circunstancias individuales.   <\/p>\n\n\n\n<h2 class=\"wp-block-heading\" id=\"h-conclusion\">Conclusi\u00f3n<\/h2>\n\n\n\n<p>La Ley de Vivienda Justa es una herramienta cr\u00edtica para asegurar que las personas que experimentan la falta de vivienda puedan volver a tener una vivienda y mantenerla de manera segura y equitativa. Con medidas antidiscriminatorias establecidas para el uso del suelo y el uso de vales, las comunidades deben aprovechar las protecciones de la Ley de Vivienda Justa para servir mejor a las personas que experimentan la falta de vivienda en sus comunidades durante el Mes de la Vivienda Justa y m\u00e1s all\u00e1. <\/p>\n<\/div>\n\n\n\n<div class=\"wp-block-b3rg-column e-col e-col-07ab2b4105c7c9441fb36c05bc0c1bc8023c6e2c e-col--bi-right-side e-col--blog-inner-related-posts  col-sm-12 col-lg-3\">\n<div class=\"e-div e-div-59078f910ce4d15d28fcab7c9003952a96233d13 e-div--js-bi-sticky-left\">\n<div class=\"e-div e-div-6ff6ea2961c0f998010e1194547bb1cb17285b20 e-div--bi-social-icons\">\n<div class=\"e-div e-div-8fd4c05a3f9dd204e3dd79e614332da9f57f6b56 e-div--social-share-tooltip\"><div class=\"heateor_sss_sharing_container heateor_sss_horizontal_sharing\" data-heateor-ss-offset=\"0\" data-heateor-sss-href='https:\/\/endhomelessness.org\/es\/blog\/vivienda-justa-y-su-importancia-para-erradicar-la-situacion-de-calle\/'><div class=\"heateor_sss_sharing_ul\"><a aria-label=\"Copy Link\" class=\"heateor_sss_button_copy_link\" title=\"Copy Link\" rel=\"noopener\" href=\"https:\/\/endhomelessness.org\/es\/blog\/vivienda-justa-y-su-importancia-para-erradicar-la-situacion-de-calle\/\" onclick=\"event.preventDefault()\" style=\"font-size:32px!important;box-shadow:none;display:inline-block;vertical-align:middle\"><span class=\"heateor_sss_svg heateor_sss_s__default heateor_sss_s_copy_link\" style=\"background-color:#ffc112;width:35px;height:35px;border-radius:999px;display:inline-block;opacity:1;float:left;font-size:32px;box-shadow:none;display:inline-block;font-size:16px;padding:0 4px;vertical-align:middle;background-repeat:repeat;overflow:hidden;padding:0;cursor:pointer;box-sizing:content-box\"><svg style=\"display:block;border-radius:999px;\" focusable=\"false\" aria-hidden=\"true\" xmlns=\"http:\/\/www.w3.org\/2000\/svg\" width=\"100%\" height=\"100%\" viewBox=\"-4 -4 40 40\"><path fill=\"#fff\" d=\"M24.412 21.177c0-.36-.126-.665-.377-.917l-2.804-2.804a1.235 1.235 0 0 0-.913-.378c-.377 0-.7.144-.97.43.026.028.11.11.255.25.144.14.24.236.29.29s.117.14.2.256c.087.117.146.232.177.344.03.112.046.236.046.37 0 .36-.126.666-.377.918a1.25 1.25 0 0 1-.918.377 1.4 1.4 0 0 1-.373-.047 1.062 1.062 0 0 1-.345-.175 2.268 2.268 0 0 1-.256-.2 6.815 6.815 0 0 1-.29-.29c-.14-.142-.223-.23-.25-.254-.297.28-.445.607-.445.984 0 .36.126.664.377.916l2.778 2.79c.243.243.548.364.917.364.36 0 .665-.118.917-.35l1.982-1.97c.252-.25.378-.55.378-.9zm-9.477-9.504c0-.36-.126-.665-.377-.917l-2.777-2.79a1.235 1.235 0 0 0-.913-.378c-.35 0-.656.12-.917.364L7.967 9.92c-.254.252-.38.553-.38.903 0 .36.126.665.38.917l2.802 2.804c.242.243.547.364.916.364.377 0 .7-.14.97-.418-.026-.027-.11-.11-.255-.25s-.24-.235-.29-.29a2.675 2.675 0 0 1-.2-.255 1.052 1.052 0 0 1-.176-.344 1.396 1.396 0 0 1-.047-.37c0-.36.126-.662.377-.914.252-.252.557-.377.917-.377.136 0 .26.015.37.046.114.03.23.09.346.175.117.085.202.153.256.2.054.05.15.148.29.29.14.146.222.23.25.258.294-.278.442-.606.442-.983zM27 21.177c0 1.078-.382 1.99-1.146 2.736l-1.982 1.968c-.745.75-1.658 1.12-2.736 1.12-1.087 0-2.004-.38-2.75-1.143l-2.777-2.79c-.75-.747-1.12-1.66-1.12-2.737 0-1.106.392-2.046 1.183-2.818l-1.186-1.185c-.774.79-1.708 1.186-2.805 1.186-1.078 0-1.995-.376-2.75-1.13l-2.803-2.81C5.377 12.82 5 11.903 5 10.826c0-1.08.382-1.993 1.146-2.738L8.128 6.12C8.873 5.372 9.785 5 10.864 5c1.087 0 2.004.382 2.75 1.146l2.777 2.79c.75.747 1.12 1.66 1.12 2.737 0 1.105-.392 2.045-1.183 2.817l1.186 1.186c.774-.79 1.708-1.186 2.805-1.186 1.078 0 1.995.377 2.75 1.132l2.804 2.804c.754.755 1.13 1.672 1.13 2.75z\"\/><\/svg><\/span><\/a><a aria-label=\"Facebook\" class=\"heateor_sss_facebook\" href=\"https:\/\/www.facebook.com\/sharer\/sharer.php?u=https%3A%2F%2Fendhomelessness.org%2Fes%2Fblog%2Fvivienda-justa-y-su-importancia-para-erradicar-la-situacion-de-calle%2F\" title=\"Facebook\" rel=\"nofollow noopener\" target=\"_blank\" style=\"font-size:32px!important;box-shadow:none;display:inline-block;vertical-align:middle\"><span class=\"heateor_sss_svg\" style=\"background-color:#0765FE;width:35px;height:35px;border-radius:999px;display:inline-block;opacity:1;float:left;font-size:32px;box-shadow:none;display:inline-block;font-size:16px;padding:0 4px;vertical-align:middle;background-repeat:repeat;overflow:hidden;padding:0;cursor:pointer;box-sizing:content-box\"><svg style=\"display:block;border-radius:999px;\" focusable=\"false\" aria-hidden=\"true\" xmlns=\"http:\/\/www.w3.org\/2000\/svg\" width=\"100%\" height=\"100%\" viewBox=\"0 0 32 32\"><path fill=\"#fff\" d=\"M28 16c0-6.627-5.373-12-12-12S4 9.373 4 16c0 5.628 3.875 10.35 9.101 11.647v-7.98h-2.474V16H13.1v-1.58c0-4.085 1.849-5.978 5.859-5.978.76 0 2.072.15 2.608.298v3.325c-.283-.03-.775-.045-1.386-.045-1.967 0-2.728.745-2.728 2.683V16h3.92l-.673 3.667h-3.247v8.245C23.395 27.195 28 22.135 28 16Z\"><\/path><\/svg><\/span><\/a><a aria-label=\"Linkedin\" class=\"heateor_sss_button_linkedin\" href=\"https:\/\/www.linkedin.com\/sharing\/share-offsite\/?url=https%3A%2F%2Fendhomelessness.org%2Fes%2Fblog%2Fvivienda-justa-y-su-importancia-para-erradicar-la-situacion-de-calle%2F\" title=\"Linkedin\" rel=\"nofollow noopener\" target=\"_blank\" style=\"font-size:32px!important;box-shadow:none;display:inline-block;vertical-align:middle\"><span class=\"heateor_sss_svg heateor_sss_s__default heateor_sss_s_linkedin\" style=\"background-color:#0077b5;width:35px;height:35px;border-radius:999px;display:inline-block;opacity:1;float:left;font-size:32px;box-shadow:none;display:inline-block;font-size:16px;padding:0 4px;vertical-align:middle;background-repeat:repeat;overflow:hidden;padding:0;cursor:pointer;box-sizing:content-box\"><svg style=\"display:block;border-radius:999px;\" focusable=\"false\" aria-hidden=\"true\" xmlns=\"http:\/\/www.w3.org\/2000\/svg\" width=\"100%\" height=\"100%\" viewBox=\"0 0 32 32\"><path d=\"M6.227 12.61h4.19v13.48h-4.19V12.61zm2.095-6.7a2.43 2.43 0 0 1 0 4.86c-1.344 0-2.428-1.09-2.428-2.43s1.084-2.43 2.428-2.43m4.72 6.7h4.02v1.84h.058c.56-1.058 1.927-2.176 3.965-2.176 4.238 0 5.02 2.792 5.02 6.42v7.395h-4.183v-6.56c0-1.564-.03-3.574-2.178-3.574-2.18 0-2.514 1.7-2.514 3.46v6.668h-4.187V12.61z\" fill=\"#fff\"><\/path><\/svg><\/span><\/a><a aria-label=\"X\" class=\"heateor_sss_button_x\" href=\"https:\/\/twitter.com\/intent\/tweet?text=Vivienda%20justa%20y%20su%20importancia%20para%20erradicar%20la%20situaci%C3%B3n%20de%20calle&url=https%3A%2F%2Fendhomelessness.org%2Fes%2Fblog%2Fvivienda-justa-y-su-importancia-para-erradicar-la-situacion-de-calle%2F\" title=\"X\" rel=\"nofollow noopener\" target=\"_blank\" style=\"font-size:32px!important;box-shadow:none;display:inline-block;vertical-align:middle\"><span class=\"heateor_sss_svg heateor_sss_s__default heateor_sss_s_x\" style=\"background-color:#2a2a2a;width:35px;height:35px;border-radius:999px;display:inline-block;opacity:1;float:left;font-size:32px;box-shadow:none;display:inline-block;font-size:16px;padding:0 4px;vertical-align:middle;background-repeat:repeat;overflow:hidden;padding:0;cursor:pointer;box-sizing:content-box\"><svg width=\"100%\" height=\"100%\" style=\"display:block;border-radius:999px;\" focusable=\"false\" aria-hidden=\"true\" xmlns=\"http:\/\/www.w3.org\/2000\/svg\" viewBox=\"0 0 32 32\"><path fill=\"#fff\" d=\"M21.751 7h3.067l-6.7 7.658L26 25.078h-6.172l-4.833-6.32-5.531 6.32h-3.07l7.167-8.19L6 7h6.328l4.37 5.777L21.75 7Zm-1.076 16.242h1.7L11.404 8.74H9.58l11.094 14.503Z\"><\/path><\/svg><\/span><\/a><\/div><div class=\"heateorSssClear\"><\/div><\/div>\n<\/div>\n<\/div>\n\n\n\n<div class=\"e-div e-div-1a5a32aa7dcbe57c6b9a8a8c9a37785edf82434d e-div--bi-topics\">\n<h2 class=\"wp-block-heading has-rich-black-color has-text-color has-link-color wp-elements-44c1bfb0524dc8fb9ce2265c6b67cbdf\" id=\"h-tags\">Etiquetas<\/h2>\n\n\n<div class=\"e-mtf e-mtf--dlt e-mtf--taxonomy e-mtf--taxonomy-blog-tags\"><\/div><\/div>\n\n\n\n<div class=\"e-div e-div-275b8ff6f2bffd3e4cc054055156f9110887442d e-div--bi-related-post\"><style><\/style>\n<h2 class=\"wp-block-heading has-rich-black-color has-text-color has-link-color wp-elements-2dd9931ec2e2ed34bd2a545ead11f424\" id=\"h-related-posts\">Publicaciones relacionadas<\/h2>\n\n\n\n<div class=\"e-div e-div-0162dd5adc5b84600d5bea230d8c418559af071d\">\n<\/div>\n<\/div>\n<\/div>\n<\/div>\n<\/div>\n<\/div><\/section>\n\n<section class=\"e-stn e-stn-af33064b18769c0dcbd144d5242c41c8ff25e8a2 e-stn--related-post e-mt-60  e-mt-sm-0\"><style>@media only screen and (max-width: 9999px) {\n\t\t\t\t\t\t\t\t\t.e-stn.e-stn-af33064b18769c0dcbd144d5242c41c8ff25e8a2 { \n\t\t\t\t\t\t\t\t\t\tbackground-color: #F3F8FC; \n\t\t\t\t\t\t\t\t\t}\n\t\t\t\t\t\t\t\t}<\/style><div class=\"container\">\n<div class=\"wp-block-b3rg-row e-row row e-row--title-with-description\">\n<div class=\"wp-block-b3rg-column e-col e-col-3fd29a26ff70780ecd7ff03db8f4638045c8c9d8  col-sm-12\">\n<h2 class=\"wp-block-heading has-text-align-center\" id=\"h-you-might-also-be-interested-in\">Tambi\u00e9n le podr\u00eda interesar<\/h2>\n<\/div>\n<\/div>\n\n\n\n<div class=\"wp-block-b3rg-row e-row row\">\n<div class=\"wp-block-b3rg-column e-col e-col-3fd29a26ff70780ecd7ff03db8f4638045c8c9d8  col-sm-12\"><div class=\"e-rlp e-rlp--dlt\" > <div class=\"e-sgp taxonomy-legisladores-y-defensores taxonomy-vivienda-asequible taxonomy-falta-de-vivienda-en-situacion-de-calle taxonomy-gobierno-estatal-y-local e-sgp--dlt  wrapper-link\" > <a class=\"b3rg-post__trigger\" href='https:\/\/endhomelessness.org\/es\/blog\/lo-que-se-necesita-para-erradicar-la-falta-de-vivienda-mas-alla-de-la-decision-de-la-corte-suprema\/' target='_self'><div class=\"e-sgp__inner\">\n<div class=\"e-div e-div-39c9483d5c365ef0cd3af0137228c52c9e3c2277 e-sgp__media\"><figure class=\"wp-block-post-featured-image\"><img decoding=\"async\" src=\"https:\/\/endhomelessness.org\/wp-content\/uploads\/2024\/10\/7432022562_8d4289be3b_o-2048x1360-2.jpg\" class=\"attachment-post-thumbnail size-post-thumbnail wp-post-image\" alt=\"Written by Marcy Thompson\" style=\"object-fit:cover;\" srcset=\"https:\/\/endhomelessness.org\/wp-content\/uploads\/2024\/10\/7432022562_8d4289be3b_o-2048x1360-2.jpg 2048w, https:\/\/endhomelessness.org\/wp-content\/uploads\/2024\/10\/7432022562_8d4289be3b_o-2048x1360-2-300x199.jpg 300w, https:\/\/endhomelessness.org\/wp-content\/uploads\/2024\/10\/7432022562_8d4289be3b_o-2048x1360-2-1024x680.jpg 1024w, https:\/\/endhomelessness.org\/wp-content\/uploads\/2024\/10\/7432022562_8d4289be3b_o-2048x1360-2-768x510.jpg 768w, https:\/\/endhomelessness.org\/wp-content\/uploads\/2024\/10\/7432022562_8d4289be3b_o-2048x1360-2-1536x1020.jpg 1536w, https:\/\/endhomelessness.org\/wp-content\/uploads\/2024\/10\/7432022562_8d4289be3b_o-2048x1360-2-575x382.jpg 575w\" sizes=\"(max-width: 2048px) 100vw, 2048px\" \/><\/figure><\/div>\n\n<div class=\"e-div e-div-9345c3010e68f662cc8801eb2da3df07e835db1c e-sgp__content\">\n<div class=\"e-div e-div-0162dd5adc5b84600d5bea230d8c418559af071d\"><div class=\"wp-block-post-date\"><time datetime=\"2024-06-21T09:00:00-04:00\">21 de junio de 2024<\/time><\/div>\n\n\n<div class=\"e-div e-div-0162dd5adc5b84600d5bea230d8c418559af071d\"><div class=\"e-mtf e-mtf--dlt  e-mtf--post-reading-time\"><div class=\"post-reading-time\"><span class=\"reading-time__time\">6<\/span> <span class=\"post-reading-time__label postfix\">min<\/span><\/div><\/div><\/div>\n<\/div>\n\n\n<div class=\"e-mtf e-mtf--dlt  e-mtf--author-details\"><div class=\"post-author\"><div class=\"post-author__avatar\"><img decoding=\"async\" src=\"https:\/\/secure.gravatar.com\/avatar\/b15d1d242f4e013b2de0f21a94a1d848dfbeadfb7dde110341ae926f9abdedad?s=96&#038;d=mm&#038;r=g\" alt=\"\"\/><\/div>                        <div class=\"post-author__content\">\n                            <p class=\"post-author__name\">Marcy Thompson<\/p>\n                        <\/div><\/div><\/div>\n\n<h2 class=\"wp-block-post-title\">Lo que se necesita para erradicar la falta de vivienda: m\u00e1s all\u00e1 de la decisi\u00f3n de la Corte Suprema<\/h2>\n\n<div class=\"wp-block-post-excerpt\"><p class=\"wp-block-post-excerpt__excerpt\">La Corte Suprema est\u00e1 a punto de emitir un fallo en el caso de la Ciudad de Grants Pass, Oreg\u00f3n contra Johnson, el primer caso importante sobre la falta de vivienda que se presenta ante la Corte Suprema desde la d\u00e9cada de 1980. El caso determinar\u00e1&#8230; <\/p><\/div>\n\n<div class=\"e-mtf e-mtf--dlt e-mtf--taxonomy e-mtf--taxonomy-blog-tags\"><\/div>\n\n<div class=\"e-mtf e-mtf--dlt  e-mtf--learn-more-label\"><span class=\"btn\"><\/span><\/div><\/div>\n<\/div><\/a><\/div><div class=\"e-sgp taxonomy-opcional taxonomy-falta-de-vivienda-en-situacion-de-calle taxonomy-continuos-de-atencion e-sgp--dlt  wrapper-link\" > <a class=\"b3rg-post__trigger\" href='https:\/\/endhomelessness.org\/es\/blog\/sesion-plenaria-de-apertura-conferencia-sobre-innovaciones-y-soluciones-para-erradicar-el-sinhogarismo-no-albergado-marzo-de-2024\/' target='_self'><div class=\"e-sgp__inner\">\n<div class=\"e-div e-div-39c9483d5c365ef0cd3af0137228c52c9e3c2277 e-sgp__media\"><figure class=\"wp-block-post-featured-image\"><img decoding=\"async\" src=\"https:\/\/endhomelessness.org\/wp-content\/uploads\/2024\/10\/support-our-work-e1611776502991-3.jpg\" class=\"attachment-post-thumbnail size-post-thumbnail wp-post-image\" alt=\"Written by Marcy Thompson\" style=\"object-fit:cover;\" srcset=\"https:\/\/endhomelessness.org\/wp-content\/uploads\/2024\/10\/support-our-work-e1611776502991-3.jpg 1200w, https:\/\/endhomelessness.org\/wp-content\/uploads\/2024\/10\/support-our-work-e1611776502991-3-300x119.jpg 300w, https:\/\/endhomelessness.org\/wp-content\/uploads\/2024\/10\/support-our-work-e1611776502991-3-1024x407.jpg 1024w, https:\/\/endhomelessness.org\/wp-content\/uploads\/2024\/10\/support-our-work-e1611776502991-3-768x305.jpg 768w, https:\/\/endhomelessness.org\/wp-content\/uploads\/2024\/10\/support-our-work-e1611776502991-3-575x229.jpg 575w\" sizes=\"(max-width: 1200px) 100vw, 1200px\" \/><\/figure><\/div>\n\n<div class=\"e-div e-div-9345c3010e68f662cc8801eb2da3df07e835db1c e-sgp__content\">\n<div class=\"e-div e-div-0162dd5adc5b84600d5bea230d8c418559af071d\"><div class=\"wp-block-post-date\"><time datetime=\"2024-03-19T08:59:00-04:00\">19 de marzo de 2024<\/time><\/div>\n\n\n<div class=\"e-div e-div-0162dd5adc5b84600d5bea230d8c418559af071d\"><div class=\"e-mtf e-mtf--dlt  e-mtf--post-reading-time\"><div class=\"post-reading-time\"><span class=\"reading-time__time\">12<\/span> <span class=\"post-reading-time__label postfix\">min<\/span><\/div><\/div><\/div>\n<\/div>\n\n\n<div class=\"e-mtf e-mtf--dlt  e-mtf--author-details\"><div class=\"post-author\"><div class=\"post-author__avatar\"><img decoding=\"async\" src=\"https:\/\/secure.gravatar.com\/avatar\/ea86b2b9f946d9233bda9c93f5134672349f8d7d350c75901efd5845c144a57d?s=96&#038;d=mm&#038;r=g\" alt=\"\"\/><\/div>                        <div class=\"post-author__content\">\n                            <p class=\"post-author__name\">Ann Oliva<\/p>\n                        <\/div><\/div><\/div>\n\n<h2 class=\"wp-block-post-title\">Sesi\u00f3n plenaria de apertura: Conferencia sobre innovaciones y soluciones para erradicar el sinhogarismo no albergado, marzo de 2024<\/h2>\n\n<div class=\"wp-block-post-excerpt\"><p class=\"wp-block-post-excerpt__excerpt\">\u00a1Buenas tardes a todos! Es sumamente gratificante verlos a todos aqu\u00ed en San Francisco para la Conferencia de la Alianza del 2024 sobre innovaciones y soluciones para erradicar el sinhogarismo no albergado&#8230;. <\/p><\/div>\n\n<div class=\"e-mtf e-mtf--dlt e-mtf--taxonomy e-mtf--taxonomy-blog-tags\"><\/div>\n\n<div class=\"e-mtf e-mtf--dlt  e-mtf--learn-more-label\"><span class=\"btn\"><\/span><\/div><\/div>\n<\/div><\/a><\/div><div class=\"e-sgp taxonomy-opcional taxonomy-legisladores-y-defensores taxonomy-financiacion-federal e-sgp--dlt  wrapper-link\" > <a class=\"b3rg-post__trigger\" href='https:\/\/endhomelessness.org\/es\/blog\/fy26-appropriations-update-on-homelessness-and-housing-funds\/' target='_self'><div class=\"e-sgp__inner\">\n<div class=\"e-div e-div-39c9483d5c365ef0cd3af0137228c52c9e3c2277 e-sgp__media\"><figure class=\"wp-block-post-featured-image\"><img decoding=\"async\" src=\"https:\/\/endhomelessness.org\/wp-content\/uploads\/2024\/10\/policy-slider-e1756232709101.jpg\" class=\"attachment-post-thumbnail size-post-thumbnail wp-post-image\" alt=\"Written by Steve Berg\" style=\"object-fit:cover;\" \/><\/figure><\/div>\n\n<div class=\"e-div e-div-9345c3010e68f662cc8801eb2da3df07e835db1c e-sgp__content\">\n<div class=\"e-div e-div-0162dd5adc5b84600d5bea230d8c418559af071d\"><div class=\"wp-block-post-date\"><time datetime=\"2025-07-17T15:34:31-04:00\">17 de julio de 2025<\/time><\/div>\n\n\n<div class=\"e-div e-div-0162dd5adc5b84600d5bea230d8c418559af071d\"><div class=\"e-mtf e-mtf--dlt  e-mtf--post-reading-time\"><div class=\"post-reading-time\"><span class=\"reading-time__time\">6<\/span> <span class=\"post-reading-time__label postfix\">min<\/span><\/div><\/div><\/div>\n<\/div>\n\n\n<div class=\"e-mtf e-mtf--dlt  e-mtf--author-details\"><div class=\"post-author\"><div class=\"post-author__avatar\"><img decoding=\"async\" src=\"https:\/\/secure.gravatar.com\/avatar\/37505a89f078f631bf564b023a9187c37a3c3bb201cac28944a5871e9229f338?s=96&#038;d=mm&#038;r=g\" alt=\"\"\/><\/div>                        <div class=\"post-author__content\">\n                            <p class=\"post-author__name\">Steve Berg<\/p>\n                        <\/div><\/div><\/div>\n\n<h2 class=\"wp-block-post-title\">Apropiaciones para el a\u00f1o fiscal 26: actualizaci\u00f3n sobre fondos para personas sin hogar y vivienda<\/h2>\n\n<div class=\"wp-block-post-excerpt\"><p class=\"wp-block-post-excerpt__excerpt\"> <\/p><\/div>\n\n<div class=\"e-mtf e-mtf--dlt e-mtf--taxonomy e-mtf--taxonomy-blog-tags\"><\/div>\n\n<div class=\"e-mtf e-mtf--dlt  e-mtf--learn-more-label\"><span class=\"btn\"><\/span><\/div><\/div>\n<\/div><\/a><\/div><\/div><\/div>\n<\/div>\n<\/div><\/section>\n\n<section class=\"e-stn e-stn-fecd9f248d71f1b43eea1791ae2aa16e613ea50d e-stn--subscription-form\"><div class=\"container\">\n<div class=\"wp-block-b3rg-row e-row row\">\n<div class=\"wp-block-b3rg-column e-col e-col-5e53f80929c6668a38540fba03c97241dc5f6888 e-col--left  col-sm-12 col-lg-6\">\n<h2 class=\"wp-block-heading has-pure-white-color has-text-color has-link-color wp-elements-cec0e497456012f6e859233bfca8aaa4\"><strong>Mant\u00e9ngase informado: Soluciones, historias y formas de generar impacto<\/strong><\/h2>\n\n\n\n<p>Reg\u00edstrese para recibir actualizaciones sobre el trabajo de la Alianza, incluyendo las \u00faltimas investigaciones, esfuerzos de promoci\u00f3n e historias reales de progreso \u2014 adem\u00e1s de formas en las que puede ayudar a impulsar un cambio duradero.<\/p>\n<\/div>\n\n\n\n<div class=\"wp-block-b3rg-column e-col e-col-117d0cb7e6b4934330c33fb3a4c7ee0ab7e9abd4 e-col--right e-col--email-cta-form-wrpr  col-sm-12 col-lg-6\">\n<div id=\"mc_embed_shell\">\n      <link href=\"\/\/cdn-images.mailchimp.com\/embedcode\/classic-061523.css\" rel=\"stylesheet\" type=\"text\/css\"\/>\n  <style type=\"text\/css\">\n        #mc_embed_signup{background:#fff; false;clear:left; font:14px Helvetica,Arial,sans-serif; width: 600px;}\n        \/* Add your own Mailchimp form style overrides in your site stylesheet or in this style block.\n           We recommend moving this block and the preceding CSS link to the HEAD of your HTML file. *\/\n<\/style>\n<div id=\"mc_embed_signup\">\n    <form action=\"https:\/\/endhomelessness.us9.list-manage.com\/subscribe\/post?u=466b34a51377a9504fb2ebd8f&#038;id=1cf64328bb&#038;f_id=00f7f2e0f0\" method=\"post\" id=\"mc-embedded-subscribe-form\" name=\"mc-embedded-subscribe-form\" class=\"validate\" target=\"_blank\">\n        <div id=\"mc_embed_signup_scroll\">\n            <div class=\"indicates-required\"><span class=\"asterisk\">*<\/span> indica campo obligatorio<\/div>\n            <div class=\"mc-field-group\"><label for=\"mce-EMAIL\">Direcci\u00f3n de correo electr\u00f3nico <span class=\"asterisk\">*<\/span><\/label><input type=\"email\" name=\"EMAIL\" class=\"required email\" id=\"mce-EMAIL\" required=\"\" value=\"\"\/><\/div><div class=\"mc-field-group input-group\"><strong>\u00bfC\u00f3mo deber\u00edamos comunicarnos con usted? <\/strong><ul><li><input type=\"checkbox\" name=\"group[17873][1]\" id=\"mce-group[17873]-17873-0\" value=\"\"\/><label for=\"mce-group[17873]-17873-0\">Deseo recibir semanalmente herramientas, recursos y noticias sobre la falta de vivienda<\/label><\/li><li><input type=\"checkbox\" name=\"group[17873][2]\" id=\"mce-group[17873]-17873-1\" value=\"\"\/><label for=\"mce-group[17873]-17873-1\">Deseo recibir noticias generales y actualizaciones sobre el trabajo de la Alianza<\/label><\/li><\/ul><\/div><div class=\"mc-field-group\"><label for=\"mce-FNAME\">Nombre <\/label><input type=\"text\" name=\"FNAME\" class=\" text\" id=\"mce-FNAME\" value=\"\"\/><\/div><div class=\"mc-field-group\"><label for=\"mce-LNAME\">Apellido <\/label><input type=\"text\" name=\"LNAME\" class=\" text\" id=\"mce-LNAME\" value=\"\"\/><\/div>\n<div hidden=\"\"><input type=\"hidden\" name=\"tags\" value=\"12777910\"\/><\/div>\n        <div id=\"mce-responses\" class=\"clear\">\n            <div class=\"response\" id=\"mce-error-response\" style=\"display: none;\"><\/div>\n            <div class=\"response\" id=\"mce-success-response\" style=\"display: none;\"><\/div>\n        <\/div><div aria-hidden=\"true\" style=\"position: absolute; left: -5000px;\"><input type=\"text\" name=\"b_466b34a51377a9504fb2ebd8f_1cf64328bb\" tabindex=\"-1\" value=\"\"\/><\/div><div class=\"clear\"><input type=\"submit\" name=\"subscribe\" id=\"mc-embedded-subscribe\" class=\"button\" value=\"Suscribirse\"\/><\/div>\n    <\/div>\n<\/form>\n<\/div>\n<script type=\"text\/javascript\" src=\"\/\/s3.amazonaws.com\/downloads.mailchimp.com\/js\/mc-validate.js\"><\/script><script type=\"text\/javascript\">(function($) {window.fnames = new Array(); window.ftypes = new Array();fnames[0]='EMAIL';ftypes[0]='email';fnames[1]='FNAME';ftypes[1]='text';fnames[2]='LNAME';ftypes[2]='text';fnames[12]='MMERGE12';ftypes[12]='zip';fnames[4]='MMERGE4';ftypes[4]='text';fnames[7]='CITY';ftypes[7]='text';fnames[8]='STATE';ftypes[8]='text';fnames[11]='MMERGE11';ftypes[11]='text';fnames[13]='MMERGE13';ftypes[13]='text';fnames[3]='MMERGE3';ftypes[3]='text';fnames[5]='MMERGE5';ftypes[5]='text';}(jQuery));var $mcj = jQuery.noConflict(true);<\/script><\/div>\n<\/div>\n<\/div>\n<\/div><\/section>\n","protected":false},"excerpt":{"rendered":"<p>La Ley de Vivienda Justa es la principal legislaci\u00f3n de vivienda justa de nuestra naci\u00f3n. El 11 de abril de 1968, .. <\/p>\n","protected":false},"author":22,"featured_media":5702,"template":"","meta":{"_acf_changed":false,"show_custom_date":false,"custom_date":"","featured":false,"featured_image":0,"learn_more_label":"","image_alt_text":"","learn_more_type":"","show_popup":false,"learn_more_link_file":0,"event_date":false,"event_start_date":"","event_end_date":"","place_holder_image_url":"","post_reading_time":"7","notification_enabled":false,"notification_text":"","notification_logo":"","notification_expiration_time":0,"is_enable_transparent_header":false,"hide_from_list_view":false,"selected_taxonomy_terms":{"blog-category":[473],"blog-audience":[458],"blog-best-practice":[493],"blog-key-issue":[477],"translation_priority":[66]},"selected_primary_terms":[],"learn_more_link":[],"featured_page_list":[],"notification_enabled_post_list":[],"_relevanssi_hide_post":"","_relevanssi_hide_content":"","_relevanssi_pin_for_all":"","_relevanssi_pin_keywords":"","_relevanssi_unpin_keywords":"","_relevanssi_related_keywords":"","_relevanssi_related_include_ids":"","_relevanssi_related_exclude_ids":"","_relevanssi_related_no_append":"","_relevanssi_related_not_related":"","_relevanssi_related_posts":"18710,18460,21128","_relevanssi_noindex_reason":"","inline_featured_image":false,"news_publication":"","footnotes":""},"blog-category":[473],"blog-audience":[458],"blog-best-practice":[493],"blog-key-issue":[477],"class_list":["post-18859","blog","type-blog","status-publish","has-post-thumbnail","hentry","blog-category-poblaciones-bipoc","blog-audience-legisladores-y-defensores","blog-best-practice-vales-de-vivienda","blog-key-issue-equidad"],"acf":[],"yoast_head":"<!-- This site is optimized with the Yoast SEO Premium plugin v24.7 (Yoast SEO v27.4) - https:\/\/yoast.com\/product\/yoast-seo-premium-wordpress\/ -->\n<title>Vivienda justa y su importancia para erradicar la situaci\u00f3n de calle - Alianza Nacional para Erradicar la Falta de Vivienda<\/title>\n<meta name=\"description\" content=\"The National Alliance to End Homelessness is a nonpartisan, nonprofit organization committed to preventing and ending homelessness in the United States.\" \/>\n<meta name=\"robots\" content=\"index, follow, max-snippet:-1, max-image-preview:large, max-video-preview:-1\" \/>\n<link rel=\"canonical\" href=\"https:\/\/endhomelessness.org\/es\/blog\/vivienda-justa-y-su-importancia-para-erradicar-la-situacion-de-calle\/\" \/>\n<meta property=\"og:locale\" content=\"es_ES\" \/>\n<meta property=\"og:type\" content=\"article\" \/>\n<meta property=\"og:title\" content=\"Vivienda justa y su importancia para erradicar la situaci\u00f3n de calle\" \/>\n<meta property=\"og:description\" content=\"The National Alliance to End Homelessness is a nonpartisan, nonprofit organization committed to preventing and ending homelessness in the United States.\" \/>\n<meta property=\"og:url\" content=\"https:\/\/endhomelessness.org\/es\/blog\/vivienda-justa-y-su-importancia-para-erradicar-la-situacion-de-calle\/\" \/>\n<meta property=\"og:site_name\" content=\"Alianza Nacional para Erradicar la Falta de Vivienda\" \/>\n<meta property=\"article:publisher\" content=\"https:\/\/www.facebook.com\/naehomelessness\/\" \/>\n<meta property=\"article:modified_time\" content=\"2025-04-07T04:45:02+00:00\" \/>\n<meta property=\"og:image\" content=\"https:\/\/endhomelessness.org\/wp-content\/uploads\/2024\/10\/solutions-1200.jpg\" \/>\n\t<meta property=\"og:image:width\" content=\"1200\" \/>\n\t<meta property=\"og:image:height\" content=\"630\" \/>\n\t<meta property=\"og:image:type\" content=\"image\/jpeg\" \/>\n<meta name=\"twitter:card\" content=\"summary_large_image\" \/>\n<meta name=\"twitter:label1\" content=\"Tiempo de lectura\" \/>\n\t<meta name=\"twitter:data1\" content=\"9 minutos\" \/>\n<script type=\"application\/ld+json\" class=\"yoast-schema-graph\">{\"@context\":\"https:\\\/\\\/schema.org\",\"@graph\":[{\"@type\":\"WebPage\",\"@id\":\"https:\\\/\\\/endhomelessness.org\\\/es\\\/blog\\\/vivienda-justa-y-su-importancia-para-erradicar-la-situacion-de-calle\\\/\",\"url\":\"https:\\\/\\\/endhomelessness.org\\\/es\\\/blog\\\/vivienda-justa-y-su-importancia-para-erradicar-la-situacion-de-calle\\\/\",\"name\":\"Vivienda justa y su importancia para erradicar la situaci\u00f3n de calle - Alianza Nacional para Erradicar la Falta de Vivienda\",\"isPartOf\":{\"@id\":\"https:\\\/\\\/endhomelessness.org\\\/es\\\/#website\"},\"primaryImageOfPage\":{\"@id\":\"https:\\\/\\\/endhomelessness.org\\\/es\\\/blog\\\/vivienda-justa-y-su-importancia-para-erradicar-la-situacion-de-calle\\\/#primaryimage\"},\"image\":{\"@id\":\"https:\\\/\\\/endhomelessness.org\\\/es\\\/blog\\\/vivienda-justa-y-su-importancia-para-erradicar-la-situacion-de-calle\\\/#primaryimage\"},\"thumbnailUrl\":\"https:\\\/\\\/endhomelessness.org\\\/wp-content\\\/uploads\\\/2024\\\/10\\\/solutions-1200.jpg\",\"datePublished\":\"2024-04-29T13:00:00+00:00\",\"dateModified\":\"2025-04-07T04:45:02+00:00\",\"description\":\"The National Alliance to End Homelessness is a nonpartisan, nonprofit organization committed to preventing and ending homelessness in the United States.\",\"breadcrumb\":{\"@id\":\"https:\\\/\\\/endhomelessness.org\\\/es\\\/blog\\\/vivienda-justa-y-su-importancia-para-erradicar-la-situacion-de-calle\\\/#breadcrumb\"},\"inLanguage\":\"es\",\"potentialAction\":[{\"@type\":\"ReadAction\",\"target\":[\"https:\\\/\\\/endhomelessness.org\\\/es\\\/blog\\\/vivienda-justa-y-su-importancia-para-erradicar-la-situacion-de-calle\\\/\"]}]},{\"@type\":\"ImageObject\",\"inLanguage\":\"es\",\"@id\":\"https:\\\/\\\/endhomelessness.org\\\/es\\\/blog\\\/vivienda-justa-y-su-importancia-para-erradicar-la-situacion-de-calle\\\/#primaryimage\",\"url\":\"https:\\\/\\\/endhomelessness.org\\\/wp-content\\\/uploads\\\/2024\\\/10\\\/solutions-1200.jpg\",\"contentUrl\":\"https:\\\/\\\/endhomelessness.org\\\/wp-content\\\/uploads\\\/2024\\\/10\\\/solutions-1200.jpg\",\"width\":1200,\"height\":630,\"caption\":\"Written by Guest Author\"},{\"@type\":\"BreadcrumbList\",\"@id\":\"https:\\\/\\\/endhomelessness.org\\\/es\\\/blog\\\/vivienda-justa-y-su-importancia-para-erradicar-la-situacion-de-calle\\\/#breadcrumb\",\"itemListElement\":[{\"@type\":\"ListItem\",\"position\":1,\"name\":\"Inicio\",\"item\":\"https:\\\/\\\/endhomelessness.org\\\/es\\\/home-page-2-2-2\\\/\"},{\"@type\":\"ListItem\",\"position\":2,\"name\":\"Vivienda justa y su importancia para erradicar la situaci\u00f3n de calle\"}]},{\"@type\":\"WebSite\",\"@id\":\"https:\\\/\\\/endhomelessness.org\\\/es\\\/#website\",\"url\":\"https:\\\/\\\/endhomelessness.org\\\/es\\\/\",\"name\":\"National Alliance to End Homelessness\",\"description\":\"Organizaci\u00f3n no partidista para prevenir y erradicar la falta de vivienda en EE.UU.\",\"publisher\":{\"@id\":\"https:\\\/\\\/endhomelessness.org\\\/es\\\/#organization\"},\"potentialAction\":[{\"@type\":\"SearchAction\",\"target\":{\"@type\":\"EntryPoint\",\"urlTemplate\":\"https:\\\/\\\/endhomelessness.org\\\/es\\\/?s={search_term_string}\"},\"query-input\":{\"@type\":\"PropertyValueSpecification\",\"valueRequired\":true,\"valueName\":\"search_term_string\"}}],\"inLanguage\":\"es\"},{\"@type\":\"Organization\",\"@id\":\"https:\\\/\\\/endhomelessness.org\\\/es\\\/#organization\",\"name\":\"Alianza Nacional para Erradicar la Falta de Vivienda\",\"url\":\"https:\\\/\\\/endhomelessness.org\\\/es\\\/\",\"logo\":{\"@type\":\"ImageObject\",\"inLanguage\":\"es\",\"@id\":\"https:\\\/\\\/endhomelessness.org\\\/es\\\/#\\\/schema\\\/logo\\\/image\\\/\",\"url\":\"https:\\\/\\\/endhomelessness.org\\\/wp-content\\\/uploads\\\/2024\\\/09\\\/logo-2.webp\",\"contentUrl\":\"https:\\\/\\\/endhomelessness.org\\\/wp-content\\\/uploads\\\/2024\\\/09\\\/logo-2.webp\",\"width\":687,\"height\":361,\"caption\":\"Alianza Nacional para Erradicar la Falta de Vivienda\"},\"image\":{\"@id\":\"https:\\\/\\\/endhomelessness.org\\\/es\\\/#\\\/schema\\\/logo\\\/image\\\/\"},\"sameAs\":[\"https:\\\/\\\/www.facebook.com\\\/naehomelessness\\\/\",\"https:\\\/\\\/www.youtube.com\\\/@EndingHomelessness\",\"https:\\\/\\\/www.linkedin.com\\\/company\\\/national-alliance-to-end-homelessness\\\/\",\"https:\\\/\\\/instagram.com\\\/naeh_endhomelessness\"]}]}<\/script>\n<!-- \/ Yoast SEO Premium plugin. -->","yoast_head_json":{"title":"Vivienda justa y su importancia para erradicar la situaci\u00f3n de calle - Alianza Nacional para Erradicar la Falta de Vivienda","description":"The National Alliance to End Homelessness is a nonpartisan, nonprofit organization committed to preventing and ending homelessness in the United States.","robots":{"index":"index","follow":"follow","max-snippet":"max-snippet:-1","max-image-preview":"max-image-preview:large","max-video-preview":"max-video-preview:-1"},"canonical":"https:\/\/endhomelessness.org\/es\/blog\/vivienda-justa-y-su-importancia-para-erradicar-la-situacion-de-calle\/","og_locale":"es_ES","og_type":"article","og_title":"Vivienda justa y su importancia para erradicar la situaci\u00f3n de calle","og_description":"The National Alliance to End Homelessness is a nonpartisan, nonprofit organization committed to preventing and ending homelessness in the United States.","og_url":"https:\/\/endhomelessness.org\/es\/blog\/vivienda-justa-y-su-importancia-para-erradicar-la-situacion-de-calle\/","og_site_name":"Alianza Nacional para Erradicar la Falta de Vivienda","article_publisher":"https:\/\/www.facebook.com\/naehomelessness\/","article_modified_time":"2025-04-07T04:45:02+00:00","og_image":[{"width":1200,"height":630,"url":"https:\/\/endhomelessness.org\/wp-content\/uploads\/2024\/10\/solutions-1200.jpg","type":"image\/jpeg"}],"twitter_card":"summary_large_image","twitter_misc":{"Tiempo de lectura":"9 minutos"},"schema":{"@context":"https:\/\/schema.org","@graph":[{"@type":"WebPage","@id":"https:\/\/endhomelessness.org\/es\/blog\/vivienda-justa-y-su-importancia-para-erradicar-la-situacion-de-calle\/","url":"https:\/\/endhomelessness.org\/es\/blog\/vivienda-justa-y-su-importancia-para-erradicar-la-situacion-de-calle\/","name":"Vivienda justa y su importancia para erradicar la situaci\u00f3n de calle - Alianza Nacional para Erradicar la Falta de Vivienda","isPartOf":{"@id":"https:\/\/endhomelessness.org\/es\/#website"},"primaryImageOfPage":{"@id":"https:\/\/endhomelessness.org\/es\/blog\/vivienda-justa-y-su-importancia-para-erradicar-la-situacion-de-calle\/#primaryimage"},"image":{"@id":"https:\/\/endhomelessness.org\/es\/blog\/vivienda-justa-y-su-importancia-para-erradicar-la-situacion-de-calle\/#primaryimage"},"thumbnailUrl":"https:\/\/endhomelessness.org\/wp-content\/uploads\/2024\/10\/solutions-1200.jpg","datePublished":"2024-04-29T13:00:00+00:00","dateModified":"2025-04-07T04:45:02+00:00","description":"The National Alliance to End Homelessness is a nonpartisan, nonprofit organization committed to preventing and ending homelessness in the United States.","breadcrumb":{"@id":"https:\/\/endhomelessness.org\/es\/blog\/vivienda-justa-y-su-importancia-para-erradicar-la-situacion-de-calle\/#breadcrumb"},"inLanguage":"es","potentialAction":[{"@type":"ReadAction","target":["https:\/\/endhomelessness.org\/es\/blog\/vivienda-justa-y-su-importancia-para-erradicar-la-situacion-de-calle\/"]}]},{"@type":"ImageObject","inLanguage":"es","@id":"https:\/\/endhomelessness.org\/es\/blog\/vivienda-justa-y-su-importancia-para-erradicar-la-situacion-de-calle\/#primaryimage","url":"https:\/\/endhomelessness.org\/wp-content\/uploads\/2024\/10\/solutions-1200.jpg","contentUrl":"https:\/\/endhomelessness.org\/wp-content\/uploads\/2024\/10\/solutions-1200.jpg","width":1200,"height":630,"caption":"Written by Guest Author"},{"@type":"BreadcrumbList","@id":"https:\/\/endhomelessness.org\/es\/blog\/vivienda-justa-y-su-importancia-para-erradicar-la-situacion-de-calle\/#breadcrumb","itemListElement":[{"@type":"ListItem","position":1,"name":"Inicio","item":"https:\/\/endhomelessness.org\/es\/home-page-2-2-2\/"},{"@type":"ListItem","position":2,"name":"Vivienda justa y su importancia para erradicar la situaci\u00f3n de calle"}]},{"@type":"WebSite","@id":"https:\/\/endhomelessness.org\/es\/#website","url":"https:\/\/endhomelessness.org\/es\/","name":"National Alliance to End Homelessness","description":"Organizaci\u00f3n no partidista para prevenir y erradicar la falta de vivienda en EE.UU.","publisher":{"@id":"https:\/\/endhomelessness.org\/es\/#organization"},"potentialAction":[{"@type":"SearchAction","target":{"@type":"EntryPoint","urlTemplate":"https:\/\/endhomelessness.org\/es\/?s={search_term_string}"},"query-input":{"@type":"PropertyValueSpecification","valueRequired":true,"valueName":"search_term_string"}}],"inLanguage":"es"},{"@type":"Organization","@id":"https:\/\/endhomelessness.org\/es\/#organization","name":"Alianza Nacional para Erradicar la Falta de Vivienda","url":"https:\/\/endhomelessness.org\/es\/","logo":{"@type":"ImageObject","inLanguage":"es","@id":"https:\/\/endhomelessness.org\/es\/#\/schema\/logo\/image\/","url":"https:\/\/endhomelessness.org\/wp-content\/uploads\/2024\/09\/logo-2.webp","contentUrl":"https:\/\/endhomelessness.org\/wp-content\/uploads\/2024\/09\/logo-2.webp","width":687,"height":361,"caption":"Alianza Nacional para Erradicar la Falta de Vivienda"},"image":{"@id":"https:\/\/endhomelessness.org\/es\/#\/schema\/logo\/image\/"},"sameAs":["https:\/\/www.facebook.com\/naehomelessness\/","https:\/\/www.youtube.com\/@EndingHomelessness","https:\/\/www.linkedin.com\/company\/national-alliance-to-end-homelessness\/","https:\/\/instagram.com\/naeh_endhomelessness"]}]}},"_links":{"self":[{"href":"https:\/\/endhomelessness.org\/es\/wp-json\/wp\/v2\/blog\/18859","targetHints":{"allow":["GET"]}}],"collection":[{"href":"https:\/\/endhomelessness.org\/es\/wp-json\/wp\/v2\/blog"}],"about":[{"href":"https:\/\/endhomelessness.org\/es\/wp-json\/wp\/v2\/types\/blog"}],"author":[{"embeddable":true,"href":"https:\/\/endhomelessness.org\/es\/wp-json\/wp\/v2\/users\/22"}],"version-history":[{"count":0,"href":"https:\/\/endhomelessness.org\/es\/wp-json\/wp\/v2\/blog\/18859\/revisions"}],"wp:featuredmedia":[{"embeddable":true,"href":"https:\/\/endhomelessness.org\/es\/wp-json\/wp\/v2\/media\/5702"}],"wp:attachment":[{"href":"https:\/\/endhomelessness.org\/es\/wp-json\/wp\/v2\/media?parent=18859"}],"wp:term":[{"taxonomy":"blog-category","embeddable":true,"href":"https:\/\/endhomelessness.org\/es\/wp-json\/wp\/v2\/blog-category?post=18859"},{"taxonomy":"blog-audience","embeddable":true,"href":"https:\/\/endhomelessness.org\/es\/wp-json\/wp\/v2\/blog-audience?post=18859"},{"taxonomy":"blog-best-practice","embeddable":true,"href":"https:\/\/endhomelessness.org\/es\/wp-json\/wp\/v2\/blog-best-practice?post=18859"},{"taxonomy":"blog-key-issue","embeddable":true,"href":"https:\/\/endhomelessness.org\/es\/wp-json\/wp\/v2\/blog-key-issue?post=18859"}],"curies":[{"name":"wp","href":"https:\/\/api.w.org\/{rel}","templated":true}]}}