{"id":19324,"date":"2025-04-08T13:41:42","date_gmt":"2025-04-08T17:41:42","guid":{"rendered":"https:\/\/endhomelessness.org\/blog\/las-politicas-punitivas-jamas-resolveran-la-situacion-de-las-personas-sin-hogar-la-evidencia-es-concluyente\/"},"modified":"2025-09-04T13:51:13","modified_gmt":"2025-09-04T17:51:13","slug":"las-politicas-punitivas-jamas-resolveran-la-situacion-de-las-personas-sin-hogar-la-evidencia-es-concluyente","status":"publish","type":"blog","link":"https:\/\/endhomelessness.org\/es\/blog\/las-politicas-punitivas-jamas-resolveran-la-situacion-de-las-personas-sin-hogar-la-evidencia-es-concluyente\/","title":{"rendered":"Las pol\u00edticas punitivas jam\u00e1s resolver\u00e1n la situaci\u00f3n de las personas sin hogar: La evidencia es concluyente"},"content":{"rendered":"\n<section class=\"e-stn e-stn-642edd2d478cb6d72ad11a3f94eb096b46aa8c61 e-stn--bi-banner e-stn--blog-inner-banner e-mt-0\"><div class=\"container\">\n<div class=\"wp-block-b3rg-row e-row row\">\n<div class=\"wp-block-b3rg-column e-col e-col-a1723a90dcabee317021282e0a59fa1add95d7a3 e-col--blog-inner-banner-content-wrpr  col-sm-12 col-lg-6\">\n<div class=\"e-div e-div-368784d6f024bd28fc93462eb0616dec8d069665 e-div--blog-inner-post-type-tag\"><span>BLOG<\/span>\n<\/div>\n\n\n<div class=\"e-mtf e-mtf--dlt  e-mtf--post-date\">Abr 28, 2026<\/div>\n\n<h1 class=\"wp-block-post-title\">Las pol\u00edticas punitivas jam\u00e1s resolver\u00e1n la situaci\u00f3n de las personas sin hogar: La evidencia es concluyente<\/h1>\n\n\n<div class=\"e-div e-div-976a3f7724ffcd71e737afe4e1bbffbbf3dd036f e-div--bi-read-time\"><div class=\"e-mtf e-mtf--dlt  e-mtf--author-with-link\"><a href=\"https:\/\/endhomelessness.org\/es\/author\/nicole-dubois\/\" class=\"post-author-url\">\n    <div class=\"post-author\">            <div class=\"post-author__content\">\n                <p class=\"post-author__name\">Nicole DuBois<\/p>\n            <\/div>\n        <\/div>\n    <\/a><\/div>\n\n\n<div class=\"e-div e-div-0162dd5adc5b84600d5bea230d8c418559af071d\"><div class=\"e-mtf e-mtf--dlt  e-mtf--post-reading-time\"><div class=\"post-reading-time\"><span class=\"reading-time__time\">3<\/span> <span class=\"post-reading-time__label postfix\">min<\/span><\/div><\/div><\/div>\n<\/div>\n<\/div>\n\n\n\n<div class=\"wp-block-b3rg-column e-col e-col-0c503a5984f4fbd04e91061f205fb824382fb9a6 e-col--blog-inner-banner-media-wrpr  col-sm-12 col-lg-6\"><figure class=\"wp-block-post-featured-image\"><img decoding=\"async\" src=\"https:\/\/endhomelessness.org\/wp-content\/uploads\/2025\/02\/shutterstock_2207512549-scaled-e1694093612621.jpg\" class=\"attachment-post-thumbnail size-post-thumbnail wp-post-image\" alt=\"Woman\" style=\"object-fit:cover;\" srcset=\"https:\/\/endhomelessness.org\/wp-content\/uploads\/2025\/02\/shutterstock_2207512549-scaled-e1694093612621.jpg 2560w, https:\/\/endhomelessness.org\/wp-content\/uploads\/2025\/02\/shutterstock_2207512549-scaled-e1694093612621-300x137.jpg 300w, https:\/\/endhomelessness.org\/wp-content\/uploads\/2025\/02\/shutterstock_2207512549-scaled-e1694093612621-1024x468.jpg 1024w, https:\/\/endhomelessness.org\/wp-content\/uploads\/2025\/02\/shutterstock_2207512549-scaled-e1694093612621-768x351.jpg 768w, https:\/\/endhomelessness.org\/wp-content\/uploads\/2025\/02\/shutterstock_2207512549-scaled-e1694093612621-1536x701.jpg 1536w, https:\/\/endhomelessness.org\/wp-content\/uploads\/2025\/02\/shutterstock_2207512549-scaled-e1694093612621-2048x935.jpg 2048w, https:\/\/endhomelessness.org\/wp-content\/uploads\/2025\/02\/shutterstock_2207512549-scaled-e1694093612621-575x263.jpg 575w\" sizes=\"(max-width: 2560px) 100vw, 2560px\" \/><\/figure><\/div>\n<\/div>\n<\/div><\/section>\n\n<section class=\"e-stn e-stn-ad75c7bf6c94c4c74b1ce488ab717de8fdff6ca2 e-stn--bi-content-with-media-section e-mt-0 e-pt-120  e-pt-sm-50 e-pb-60\"><div class=\"container\">\n<div class=\"wp-block-b3rg-row e-row row\">\n<div class=\"wp-block-b3rg-column e-col e-col-f1092f68b065a750a7ad99323cbd3499d1ad2b1c e-col--bi-content-with-media-section-content-wrapper e-col--blog-inner-contents  col-sm-12 col-lg-9\">\n<p>Todos anhelamos vivir en comunidades din\u00e1micas que promuevan la salud, la seguridad y el acceso al espacio p\u00fablico de sus residentes. Los pol\u00edticos est\u00e1n tergiversando estos objetivos de salud y seguridad p\u00fablicas para justificar la criminalizaci\u00f3n de las personas sin hogar \u2014 prohibiendo y castigando a las personas por dormir, sentarse, estar de pie y realizar otras actividades vitales inevitables para las personas sin vivienda \u2014 cuando la evidencia demuestra que estas pol\u00edticas resultan en peores resultados de salud y seguridad para <strong>tanto<\/strong> las personas sin hogar como para los residentes con vivienda. <\/p>\n\n\n\n<p>Desde la <a href=\"https:\/\/endhomelessness.org\/es\/blog\/el-tribunal-supremo-dictamina-sobre-la-falta-de-vivienda-lo-que-todo-esto-significa\/\" target=\"_blank\" rel=\"noreferrer noopener\">decisi\u00f3n<\/a> de la Corte Suprema en el caso <em>City of Grants Pass v Johnson,<\/em> <a href=\"https:\/\/housingnothandcuffs.org\/emergent-threats-homelessness-criminalization\/\" target=\"_blank\" rel=\"noreferrer noopener\">m\u00e1s de 150 comunidades<\/a> han promulgado prohibiciones de acampar u otras medidas igualmente punitivas. Mientras al menos otros 50 estados y gobiernos locales consideran activamente legislaci\u00f3n para criminalizar la falta de vivienda, la Alianza insta a los legisladores a considerar el mensaje claro de d\u00e9cadas de investigaci\u00f3n recopiladas en <a href=\"https:\/\/endhomelessness.org\/resources\/research-and-analysis\/why-criminalization-doesnt-work-research-policy-insights\/\" target=\"_blank\" rel=\"noreferrer noopener\">informes recientes<\/a>: las leyes que criminalizan la falta de vivienda agravan la crisis y causan graves da\u00f1os a las personas a las que se dirigen. <\/p>\n\n\n\n<h2 class=\"wp-block-heading\" id=\"h-criminalization-harms-people-experiencing-homelessness-through-nbsp\">La criminalizaci\u00f3n perjudica a las personas que experimentan la falta de vivienda a trav\u00e9s de: <\/h2>\n\n\n\n<ol start=\"1\" class=\"wp-block-list\">\n<li><strong>desplazamiento<\/strong>, ya que las personas se ven obligadas a moverse de un lugar a otro por las fuerzas del orden o para evitar el contacto con ellas;<\/li>\n<\/ol>\n\n\n\n<ol start=\"2\" class=\"wp-block-list\">\n<li><strong>p\u00e9rdida o destrucci\u00f3n de posesiones<\/strong>, incluidos documentos legales y financieros como licencias de conducir, equipos m\u00e9dicos y recetas, as\u00ed como efectos personales significativos; y <\/li>\n<\/ol>\n\n\n\n<ol start=\"3\" class=\"wp-block-list\">\n<li><strong>multas, tarifas, antecedentes penales y\/o encarcelamiento<\/strong>, que solo <a href=\"https:\/\/www.urban.org\/features\/five-charts-explain-homelessness-jail-cycle-and-how-break-it\" target=\"_blank\" rel=\"noreferrer noopener\">aumentan las barreras<\/a> para acceder a una vivienda estable y encontrar o mantener un empleo, prolongando as\u00ed la falta de vivienda. <\/li>\n<\/ol>\n\n\n\n<p>Cada citaci\u00f3n, desalojo de campamento u orden de desplazamiento perpet\u00faa un ciclo de efectos negativos. La escasez nacional de <a href=\"https:\/\/endhomelessness.org\/es\/estado-de-la-falta-de-vivienda-edicion-2024\/\" target=\"_blank\" rel=\"noreferrer noopener\">200.000 camas<\/a> de refugio durante todo el a\u00f1o para adultos significa que generalmente no hay otro lugar adonde las personas puedan ir: casi el 80% de las comunidades tienen una escasez de camas. Y las pocas camas de refugio disponibles pueden conllevar barreras que disuaden su uso, como requisitos de entrada programados, prohibiciones de traer mascotas o posesiones personales, y condiciones de composici\u00f3n familiar o identidad de g\u00e9nero.  <\/p>\n\n\n\n<p>En lugar de abordar estos problemas, las comunidades obligan a las personas a moverse de un \u00e1rea p\u00fablica a otra, haciendo que el ciclo de aplicaci\u00f3n, desplazamiento y castigo sea cada vez m\u00e1s dif\u00edcil de escapar. <\/p>\n\n\n\n<h2 class=\"wp-block-heading\" id=\"h-criminalization-prevents-communities-from-solving-homelessness-nbsp\">La criminalizaci\u00f3n impide que las comunidades resuelvan la falta de vivienda. <\/h2>\n\n\n\n<ul class=\"wp-block-list\">\n<li><strong><a href=\"https:\/\/endhomelessness.org\/wp-content\/uploads\/2025\/02\/CriminalizingWorsensTheCrisis_NAEH_2-4-25.pdf\">Las personas pierden la confianza y los v\u00ednculos con los proveedores de servicios y otros recursos<\/a><\/strong>, incluido el personal m\u00e9dico que trata afecciones de salud f\u00edsica y\/o mental, y el personal de divulgaci\u00f3n en la calle que trabaja para establecer conexiones de vivienda.<\/li>\n<\/ul>\n\n\n\n<ul class=\"wp-block-list\">\n<li><strong><a href=\"https:\/\/endhomelessness.org\/wp-content\/uploads\/2025\/02\/CriminalizationIsHarmful_NAEH-2-4-25.pdf\">Las condiciones de salud empeoran<\/a> y <\/strong><a href=\"https:\/\/endhomelessness.org\/wp-content\/uploads\/2025\/02\/CriminalizationFailsToImproveSafety_NAEH_2-4-25.pdf\" target=\"_blank\" rel=\"noreferrer noopener\"><strong>los riesgos de seguridad aumentan<\/strong><\/a><strong>,<\/strong> a medida que las personas se trasladan a ubicaciones m\u00e1s marginales y ambientalmente peligrosas y disminuye la disponibilidad de factores protectores como los lazos comunitarios. Estas din\u00e1micas contribuyen a tasas de mortalidad significativamente m\u00e1s altas para las personas que experimentan la falta de vivienda sin refugio en comparaci\u00f3n con las personas que est\u00e1n en refugios o viviendas. <\/li>\n<\/ul>\n\n\n\n<ul class=\"wp-block-list\">\n<li><strong>Los gastos locales se acumulan,<\/strong> ya que los servicios de emergencia, que ya est\u00e1n faltos de personal y sobrecargados, se ven obligados a desviar el escaso tiempo y los recursos para hacer cumplir y responder a estas pol\u00edticas punitivas. Estos costos de emergencia adicionales no abordan las necesidades subyacentes de vivienda y servicios, ni reducen consistentemente el crimen, atienden las preocupaciones de salud p\u00fablica, o disminuyen la presencia de personas sin hogar a la intemperie o la percepci\u00f3n p\u00fablica de este fen\u00f3meno.  <\/li>\n<\/ul>\n\n\n\n<p>Cada uno de estos puntos est\u00e1 respaldado por a\u00f1os de investigaci\u00f3n revisada por pares. Las ordenanzas de criminalizaci\u00f3n han existido durante d\u00e9cadas, sin embargo, <a href=\"https:\/\/papers.ssrn.com\/sol3\/papers.cfm?abstract_id=4716230\" target=\"_blank\" rel=\"noreferrer noopener\">no hay evidencia emp\u00edrica<\/a> de que estas pol\u00edticas punitivas reduzcan la falta de vivienda. Combinar vivienda permanente con servicios accesibles para personas sin hogar <em>contin\u00faa siendo<\/em> efectivo para resolver la falta de vivienda, y a menudo ahorra dinero. Para una revisi\u00f3n completa de la literatura, consulte los <a href=\"https:\/\/endhomelessness.org\/resource\/why-criminalization-doesnt-work-research-policy-insights\/#:~:text=However%2C%20extensive%20research%20makes%20one,to%20the%20people%20they%20target.\" target=\"_blank\" rel=\"noreferrer noopener\">res\u00famenes de investigaci\u00f3n de la Alianza<\/a>.   <\/p>\n\n\n\n<p>Cientos de miles de personas viven actualmente en estados y municipios con ordenanzas de criminalizaci\u00f3n, y m\u00e1s est\u00e1n bajo amenaza. Se alienta a defensores, legisladores y estadounidenses comunes a basarse en esta investigaci\u00f3n para oponerse a los esfuerzos locales para criminalizar la falta de vivienda y cambiar el enfoque hacia <a href=\"https:\/\/endhomelessness.org\/what-communities-need-to-know-about-the-criminalization-of-homelessness\/\" target=\"_blank\" rel=\"noreferrer noopener\">soluciones efectivas y humanas<\/a>. <\/p>\n<\/div>\n\n\n\n<div class=\"wp-block-b3rg-column e-col e-col-07ab2b4105c7c9441fb36c05bc0c1bc8023c6e2c e-col--bi-right-side e-col--blog-inner-related-posts  col-sm-12 col-lg-3\">\n<div class=\"e-div e-div-59078f910ce4d15d28fcab7c9003952a96233d13 e-div--js-bi-sticky-left\">\n<div class=\"e-div e-div-6ff6ea2961c0f998010e1194547bb1cb17285b20 e-div--bi-social-icons\">\n<div class=\"e-div e-div-8fd4c05a3f9dd204e3dd79e614332da9f57f6b56 e-div--social-share-tooltip\"><div class=\"heateor_sss_sharing_container heateor_sss_horizontal_sharing\" data-heateor-ss-offset=\"0\" data-heateor-sss-href='https:\/\/endhomelessness.org\/es\/blog\/las-politicas-punitivas-jamas-resolveran-la-situacion-de-las-personas-sin-hogar-la-evidencia-es-concluyente\/'><div class=\"heateor_sss_sharing_ul\"><a aria-label=\"Copy Link\" class=\"heateor_sss_button_copy_link\" title=\"Copy Link\" rel=\"noopener\" href=\"https:\/\/endhomelessness.org\/es\/blog\/las-politicas-punitivas-jamas-resolveran-la-situacion-de-las-personas-sin-hogar-la-evidencia-es-concluyente\/\" onclick=\"event.preventDefault()\" style=\"font-size:32px!important;box-shadow:none;display:inline-block;vertical-align:middle\"><span class=\"heateor_sss_svg heateor_sss_s__default heateor_sss_s_copy_link\" style=\"background-color:#ffc112;width:35px;height:35px;border-radius:999px;display:inline-block;opacity:1;float:left;font-size:32px;box-shadow:none;display:inline-block;font-size:16px;padding:0 4px;vertical-align:middle;background-repeat:repeat;overflow:hidden;padding:0;cursor:pointer;box-sizing:content-box\"><svg style=\"display:block;border-radius:999px;\" focusable=\"false\" aria-hidden=\"true\" xmlns=\"http:\/\/www.w3.org\/2000\/svg\" width=\"100%\" height=\"100%\" viewBox=\"-4 -4 40 40\"><path fill=\"#fff\" d=\"M24.412 21.177c0-.36-.126-.665-.377-.917l-2.804-2.804a1.235 1.235 0 0 0-.913-.378c-.377 0-.7.144-.97.43.026.028.11.11.255.25.144.14.24.236.29.29s.117.14.2.256c.087.117.146.232.177.344.03.112.046.236.046.37 0 .36-.126.666-.377.918a1.25 1.25 0 0 1-.918.377 1.4 1.4 0 0 1-.373-.047 1.062 1.062 0 0 1-.345-.175 2.268 2.268 0 0 1-.256-.2 6.815 6.815 0 0 1-.29-.29c-.14-.142-.223-.23-.25-.254-.297.28-.445.607-.445.984 0 .36.126.664.377.916l2.778 2.79c.243.243.548.364.917.364.36 0 .665-.118.917-.35l1.982-1.97c.252-.25.378-.55.378-.9zm-9.477-9.504c0-.36-.126-.665-.377-.917l-2.777-2.79a1.235 1.235 0 0 0-.913-.378c-.35 0-.656.12-.917.364L7.967 9.92c-.254.252-.38.553-.38.903 0 .36.126.665.38.917l2.802 2.804c.242.243.547.364.916.364.377 0 .7-.14.97-.418-.026-.027-.11-.11-.255-.25s-.24-.235-.29-.29a2.675 2.675 0 0 1-.2-.255 1.052 1.052 0 0 1-.176-.344 1.396 1.396 0 0 1-.047-.37c0-.36.126-.662.377-.914.252-.252.557-.377.917-.377.136 0 .26.015.37.046.114.03.23.09.346.175.117.085.202.153.256.2.054.05.15.148.29.29.14.146.222.23.25.258.294-.278.442-.606.442-.983zM27 21.177c0 1.078-.382 1.99-1.146 2.736l-1.982 1.968c-.745.75-1.658 1.12-2.736 1.12-1.087 0-2.004-.38-2.75-1.143l-2.777-2.79c-.75-.747-1.12-1.66-1.12-2.737 0-1.106.392-2.046 1.183-2.818l-1.186-1.185c-.774.79-1.708 1.186-2.805 1.186-1.078 0-1.995-.376-2.75-1.13l-2.803-2.81C5.377 12.82 5 11.903 5 10.826c0-1.08.382-1.993 1.146-2.738L8.128 6.12C8.873 5.372 9.785 5 10.864 5c1.087 0 2.004.382 2.75 1.146l2.777 2.79c.75.747 1.12 1.66 1.12 2.737 0 1.105-.392 2.045-1.183 2.817l1.186 1.186c.774-.79 1.708-1.186 2.805-1.186 1.078 0 1.995.377 2.75 1.132l2.804 2.804c.754.755 1.13 1.672 1.13 2.75z\"\/><\/svg><\/span><\/a><a aria-label=\"Facebook\" class=\"heateor_sss_facebook\" href=\"https:\/\/www.facebook.com\/sharer\/sharer.php?u=https%3A%2F%2Fendhomelessness.org%2Fes%2Fblog%2Flas-politicas-punitivas-jamas-resolveran-la-situacion-de-las-personas-sin-hogar-la-evidencia-es-concluyente%2F\" title=\"Facebook\" rel=\"nofollow noopener\" target=\"_blank\" style=\"font-size:32px!important;box-shadow:none;display:inline-block;vertical-align:middle\"><span class=\"heateor_sss_svg\" style=\"background-color:#0765FE;width:35px;height:35px;border-radius:999px;display:inline-block;opacity:1;float:left;font-size:32px;box-shadow:none;display:inline-block;font-size:16px;padding:0 4px;vertical-align:middle;background-repeat:repeat;overflow:hidden;padding:0;cursor:pointer;box-sizing:content-box\"><svg style=\"display:block;border-radius:999px;\" focusable=\"false\" aria-hidden=\"true\" xmlns=\"http:\/\/www.w3.org\/2000\/svg\" width=\"100%\" height=\"100%\" viewBox=\"0 0 32 32\"><path fill=\"#fff\" d=\"M28 16c0-6.627-5.373-12-12-12S4 9.373 4 16c0 5.628 3.875 10.35 9.101 11.647v-7.98h-2.474V16H13.1v-1.58c0-4.085 1.849-5.978 5.859-5.978.76 0 2.072.15 2.608.298v3.325c-.283-.03-.775-.045-1.386-.045-1.967 0-2.728.745-2.728 2.683V16h3.92l-.673 3.667h-3.247v8.245C23.395 27.195 28 22.135 28 16Z\"><\/path><\/svg><\/span><\/a><a aria-label=\"Linkedin\" class=\"heateor_sss_button_linkedin\" href=\"https:\/\/www.linkedin.com\/sharing\/share-offsite\/?url=https%3A%2F%2Fendhomelessness.org%2Fes%2Fblog%2Flas-politicas-punitivas-jamas-resolveran-la-situacion-de-las-personas-sin-hogar-la-evidencia-es-concluyente%2F\" title=\"Linkedin\" rel=\"nofollow noopener\" target=\"_blank\" style=\"font-size:32px!important;box-shadow:none;display:inline-block;vertical-align:middle\"><span class=\"heateor_sss_svg heateor_sss_s__default heateor_sss_s_linkedin\" style=\"background-color:#0077b5;width:35px;height:35px;border-radius:999px;display:inline-block;opacity:1;float:left;font-size:32px;box-shadow:none;display:inline-block;font-size:16px;padding:0 4px;vertical-align:middle;background-repeat:repeat;overflow:hidden;padding:0;cursor:pointer;box-sizing:content-box\"><svg style=\"display:block;border-radius:999px;\" focusable=\"false\" aria-hidden=\"true\" xmlns=\"http:\/\/www.w3.org\/2000\/svg\" width=\"100%\" height=\"100%\" viewBox=\"0 0 32 32\"><path d=\"M6.227 12.61h4.19v13.48h-4.19V12.61zm2.095-6.7a2.43 2.43 0 0 1 0 4.86c-1.344 0-2.428-1.09-2.428-2.43s1.084-2.43 2.428-2.43m4.72 6.7h4.02v1.84h.058c.56-1.058 1.927-2.176 3.965-2.176 4.238 0 5.02 2.792 5.02 6.42v7.395h-4.183v-6.56c0-1.564-.03-3.574-2.178-3.574-2.18 0-2.514 1.7-2.514 3.46v6.668h-4.187V12.61z\" fill=\"#fff\"><\/path><\/svg><\/span><\/a><a aria-label=\"X\" class=\"heateor_sss_button_x\" href=\"https:\/\/twitter.com\/intent\/tweet?text=Las%20pol%C3%ADticas%20punitivas%20jam%C3%A1s%20resolver%C3%A1n%20la%20situaci%C3%B3n%20de%20las%20personas%20sin%20hogar%3A%20La%20evidencia%20es%20concluyente&url=https%3A%2F%2Fendhomelessness.org%2Fes%2Fblog%2Flas-politicas-punitivas-jamas-resolveran-la-situacion-de-las-personas-sin-hogar-la-evidencia-es-concluyente%2F\" title=\"X\" rel=\"nofollow noopener\" target=\"_blank\" style=\"font-size:32px!important;box-shadow:none;display:inline-block;vertical-align:middle\"><span class=\"heateor_sss_svg heateor_sss_s__default heateor_sss_s_x\" style=\"background-color:#2a2a2a;width:35px;height:35px;border-radius:999px;display:inline-block;opacity:1;float:left;font-size:32px;box-shadow:none;display:inline-block;font-size:16px;padding:0 4px;vertical-align:middle;background-repeat:repeat;overflow:hidden;padding:0;cursor:pointer;box-sizing:content-box\"><svg width=\"100%\" height=\"100%\" style=\"display:block;border-radius:999px;\" focusable=\"false\" aria-hidden=\"true\" xmlns=\"http:\/\/www.w3.org\/2000\/svg\" viewBox=\"0 0 32 32\"><path fill=\"#fff\" d=\"M21.751 7h3.067l-6.7 7.658L26 25.078h-6.172l-4.833-6.32-5.531 6.32h-3.07l7.167-8.19L6 7h6.328l4.37 5.777L21.75 7Zm-1.076 16.242h1.7L11.404 8.74H9.58l11.094 14.503Z\"><\/path><\/svg><\/span><\/a><\/div><div class=\"heateorSssClear\"><\/div><\/div>\n<\/div>\n<\/div>\n\n\n\n<div class=\"e-div e-div-1a5a32aa7dcbe57c6b9a8a8c9a37785edf82434d e-div--bi-topics\">\n<h2 class=\"wp-block-heading has-rich-black-color has-text-color has-link-color wp-elements-44c1bfb0524dc8fb9ce2265c6b67cbdf\" id=\"h-tags\">Etiquetas<\/h2>\n\n\n<div class=\"e-mtf e-mtf--dlt e-mtf--taxonomy e-mtf--taxonomy-blog-tags\"><\/div><\/div>\n\n\n\n<div class=\"e-div e-div-275b8ff6f2bffd3e4cc054055156f9110887442d e-div--bi-related-post\">\n<h2 class=\"wp-block-heading has-rich-black-color has-text-color has-link-color wp-elements-2dd9931ec2e2ed34bd2a545ead11f424\" id=\"h-related-posts\">Publicaciones relacionadas<\/h2>\n\n\n\n<div class=\"e-div e-div-0162dd5adc5b84600d5bea230d8c418559af071d\">\n<\/div>\n<\/div>\n<\/div>\n<\/div>\n<\/div>\n<\/div><\/section>\n\n<section class=\"e-stn e-stn-af33064b18769c0dcbd144d5242c41c8ff25e8a2 e-stn--related-post e-mt-60  e-mt-sm-0\">@media only screen and (max-width: 9999px) {\n\t\t\t\t\t\t\t\t\t.e-stn.e-stn-af33064b18769c0dcbd144d5242c41c8ff25e8a2 { \n\t\t\t\t\t\t\t\t\t\tbackground-color: #F3F8FC; \n\t\t\t\t\t\t\t\t\t}\n\t\t\t\t\t\t\t\t}<div class=\"container\">\n<div class=\"wp-block-b3rg-row e-row row e-row--title-with-description\">\n<div class=\"wp-block-b3rg-column e-col e-col-3fd29a26ff70780ecd7ff03db8f4638045c8c9d8  col-sm-12\">\n<h2 class=\"wp-block-heading has-text-align-center\" id=\"h-you-might-also-be-interested-in\">Tambi\u00e9n le podr\u00eda interesar<\/h2>\n<\/div>\n<\/div>\n\n\n\n<div class=\"wp-block-b3rg-row e-row row\">\n<div class=\"wp-block-b3rg-column e-col e-col-3fd29a26ff70780ecd7ff03db8f4638045c8c9d8  col-sm-12\"><div class=\"e-rlp e-rlp--dlt\" > <div class=\"e-sgp taxonomy-abogacia taxonomy-vivienda-asequible taxonomy-falta-de-vivienda-en-situacion-de-calle taxonomy-criminalizacion e-sgp--dlt  wrapper-link\" > <a class=\"b3rg-post__trigger\" href='https:\/\/endhomelessness.org\/es\/blog\/un-ano-importante-para-la-situacion-de-las-personas-sin-hogar-el-trabajo-por-delante-en-2024\/' target='_self'><div class=\"e-sgp__inner\">\n<div class=\"e-div e-div-39c9483d5c365ef0cd3af0137228c52c9e3c2277 e-sgp__media\"><figure class=\"wp-block-post-featured-image\"><img decoding=\"async\" src=\"https:\/\/endhomelessness.org\/wp-content\/uploads\/2024\/10\/PHP9430-scaled-e1614184974442-2048x1068-1.jpg\" class=\"attachment-post-thumbnail size-post-thumbnail wp-post-image\" alt=\"Written by Ann Oliva\" style=\"object-fit:cover;\" srcset=\"https:\/\/endhomelessness.org\/wp-content\/uploads\/2024\/10\/PHP9430-scaled-e1614184974442-2048x1068-1.jpg 2048w, https:\/\/endhomelessness.org\/wp-content\/uploads\/2024\/10\/PHP9430-scaled-e1614184974442-2048x1068-1-300x156.jpg 300w, https:\/\/endhomelessness.org\/wp-content\/uploads\/2024\/10\/PHP9430-scaled-e1614184974442-2048x1068-1-1024x534.jpg 1024w, https:\/\/endhomelessness.org\/wp-content\/uploads\/2024\/10\/PHP9430-scaled-e1614184974442-2048x1068-1-768x401.jpg 768w, https:\/\/endhomelessness.org\/wp-content\/uploads\/2024\/10\/PHP9430-scaled-e1614184974442-2048x1068-1-1536x801.jpg 1536w, https:\/\/endhomelessness.org\/wp-content\/uploads\/2024\/10\/PHP9430-scaled-e1614184974442-2048x1068-1-575x300.jpg 575w\" sizes=\"(max-width: 2048px) 100vw, 2048px\" \/><\/figure><\/div>\n\n<div class=\"e-div e-div-9345c3010e68f662cc8801eb2da3df07e835db1c e-sgp__content\">\n<div class=\"e-div e-div-0162dd5adc5b84600d5bea230d8c418559af071d\"><div class=\"wp-block-post-date\"><time datetime=\"2024-01-24T08:59:00-05:00\">24 de enero de 2024<\/time><\/div>\n\n\n<div class=\"e-div e-div-0162dd5adc5b84600d5bea230d8c418559af071d\"><div class=\"e-mtf e-mtf--dlt  e-mtf--post-reading-time\"><div class=\"post-reading-time\"><span class=\"reading-time__time\">5<\/span> <span class=\"post-reading-time__label postfix\">min<\/span><\/div><\/div><\/div>\n<\/div>\n\n\n<div class=\"e-mtf e-mtf--dlt  e-mtf--author-details\"><div class=\"post-author\"><div class=\"post-author__avatar\"><img decoding=\"async\" src=\"https:\/\/secure.gravatar.com\/avatar\/ea86b2b9f946d9233bda9c93f5134672349f8d7d350c75901efd5845c144a57d?s=96&#038;d=mm&#038;r=g\" alt=\"\"\/><\/div>                        <div class=\"post-author__content\">\n                            <p class=\"post-author__name\">Ann Oliva<\/p>\n                        <\/div><\/div><\/div>\n\n<h2 class=\"wp-block-post-title\">Un a\u00f1o importante para la situaci\u00f3n de las personas sin hogar: El trabajo por delante en 2024<\/h2>\n\n<div class=\"wp-block-post-excerpt\"><p class=\"wp-block-post-excerpt__excerpt\">En la Alianza hemos dedicado las \u00faltimas semanas a examinar lo que creemos que el a\u00f1o 2024 traer\u00e1 consigo en cuanto a las cuestiones relacionadas con la falta de vivienda y el alojamiento, y c\u00f3mo nosotros, como campo de acci\u00f3n, podemos posicionarnos mejor para&#8230; <\/p><\/div>\n\n<div class=\"e-mtf e-mtf--dlt e-mtf--taxonomy e-mtf--taxonomy-blog-tags\"><\/div>\n\n<div class=\"e-mtf e-mtf--dlt  e-mtf--learn-more-label\"><span class=\"btn\"><\/span><\/div><\/div>\n<\/div><\/a><\/div><div class=\"e-sgp taxonomy-falta-de-vivienda-en-situacion-de-calle taxonomy-directores-y-gerentes-de-programas taxonomy-criminalizacion e-sgp--dlt  wrapper-link\" > <a class=\"b3rg-post__trigger\" href='https:\/\/endhomelessness.org\/es\/blog\/el-papel-de-las-fuerzas-del-orden-en-la-respuesta-a-la-situacion-de-las-personas-sin-hogar\/' target='_self'><div class=\"e-sgp__inner\">\n<div class=\"e-div e-div-39c9483d5c365ef0cd3af0137228c52c9e3c2277 e-sgp__media\"><figure class=\"wp-block-post-featured-image\"><img decoding=\"async\" src=\"https:\/\/endhomelessness.org\/wp-content\/uploads\/2024\/10\/shutterstock_1349511497-scaled-e1721755029585-2048x890-1.jpg\" class=\"attachment-post-thumbnail size-post-thumbnail wp-post-image\" alt=\"Written by Marcy Thompson\" style=\"object-fit:cover;\" srcset=\"https:\/\/endhomelessness.org\/wp-content\/uploads\/2024\/10\/shutterstock_1349511497-scaled-e1721755029585-2048x890-1.jpg 2048w, https:\/\/endhomelessness.org\/wp-content\/uploads\/2024\/10\/shutterstock_1349511497-scaled-e1721755029585-2048x890-1-300x130.jpg 300w, https:\/\/endhomelessness.org\/wp-content\/uploads\/2024\/10\/shutterstock_1349511497-scaled-e1721755029585-2048x890-1-1024x445.jpg 1024w, https:\/\/endhomelessness.org\/wp-content\/uploads\/2024\/10\/shutterstock_1349511497-scaled-e1721755029585-2048x890-1-768x334.jpg 768w, https:\/\/endhomelessness.org\/wp-content\/uploads\/2024\/10\/shutterstock_1349511497-scaled-e1721755029585-2048x890-1-1536x668.jpg 1536w, https:\/\/endhomelessness.org\/wp-content\/uploads\/2024\/10\/shutterstock_1349511497-scaled-e1721755029585-2048x890-1-575x250.jpg 575w\" sizes=\"(max-width: 2048px) 100vw, 2048px\" \/><\/figure><\/div>\n\n<div class=\"e-div e-div-9345c3010e68f662cc8801eb2da3df07e835db1c e-sgp__content\">\n<div class=\"e-div e-div-0162dd5adc5b84600d5bea230d8c418559af071d\"><div class=\"wp-block-post-date\"><time datetime=\"2024-07-23T09:00:00-04:00\">23 de julio de 2024<\/time><\/div>\n\n\n<div class=\"e-div e-div-0162dd5adc5b84600d5bea230d8c418559af071d\"><div class=\"e-mtf e-mtf--dlt  e-mtf--post-reading-time\"><div class=\"post-reading-time\"><span class=\"reading-time__time\">4<\/span> <span class=\"post-reading-time__label postfix\">min<\/span><\/div><\/div><\/div>\n<\/div>\n\n\n<div class=\"e-mtf e-mtf--dlt  e-mtf--author-details\"><div class=\"post-author\"><div class=\"post-author__avatar\"><img decoding=\"async\" src=\"https:\/\/secure.gravatar.com\/avatar\/b15d1d242f4e013b2de0f21a94a1d848dfbeadfb7dde110341ae926f9abdedad?s=96&#038;d=mm&#038;r=g\" alt=\"\"\/><\/div>                        <div class=\"post-author__content\">\n                            <p class=\"post-author__name\">Marcy Thompson<\/p>\n                        <\/div><\/div><\/div>\n\n<h2 class=\"wp-block-post-title\">El papel de las fuerzas del orden en la respuesta a la situaci\u00f3n de las personas sin hogar<\/h2>\n\n<div class=\"wp-block-post-excerpt\"><p class=\"wp-block-post-excerpt__excerpt\">La Alianza hace todo lo posible por dar seguimiento a las noticias locales sobre la falta de vivienda que a menudo no llegan a la discusi\u00f3n nacional. Aunque frecuentemente&#8230; <\/p><\/div>\n\n<div class=\"e-mtf e-mtf--dlt e-mtf--taxonomy e-mtf--taxonomy-blog-tags\"><\/div>\n\n<div class=\"e-mtf e-mtf--dlt  e-mtf--learn-more-label\"><span class=\"btn\"><\/span><\/div><\/div>\n<\/div><\/a><\/div><div class=\"e-sgp taxonomy-legisladores-y-defensores taxonomy-falta-de-vivienda-en-situacion-de-calle taxonomy-equidad taxonomy-gobierno-estatal-y-local taxonomy-criminalizacion e-sgp--dlt  wrapper-link\" > <a class=\"b3rg-post__trigger\" href='https:\/\/endhomelessness.org\/es\/blog\/servicios-no-desalojos-poniendo-fin-a-la-criminalizacion-y-al-desplazamiento-forzado-de-personas-sin-hogar\/' target='_self'><div class=\"e-sgp__inner\">\n<div class=\"e-div e-div-39c9483d5c365ef0cd3af0137228c52c9e3c2277 e-sgp__media\"><figure class=\"wp-block-post-featured-image\"><img decoding=\"async\" src=\"https:\/\/endhomelessness.org\/wp-content\/uploads\/2024\/10\/homepage-feature.jpg\" class=\"attachment-post-thumbnail size-post-thumbnail wp-post-image\" alt=\"Written by NAEH\" style=\"object-fit:cover;\" srcset=\"https:\/\/endhomelessness.org\/wp-content\/uploads\/2024\/10\/homepage-feature.jpg 1200w, https:\/\/endhomelessness.org\/wp-content\/uploads\/2024\/10\/homepage-feature-300x200.jpg 300w, https:\/\/endhomelessness.org\/wp-content\/uploads\/2024\/10\/homepage-feature-1024x683.jpg 1024w, https:\/\/endhomelessness.org\/wp-content\/uploads\/2024\/10\/homepage-feature-768x512.jpg 768w, https:\/\/endhomelessness.org\/wp-content\/uploads\/2024\/10\/homepage-feature-575x383.jpg 575w\" sizes=\"(max-width: 1200px) 100vw, 1200px\" \/><\/figure><\/div>\n\n<div class=\"e-div e-div-9345c3010e68f662cc8801eb2da3df07e835db1c e-sgp__content\">\n<div class=\"e-div e-div-0162dd5adc5b84600d5bea230d8c418559af071d\"><div class=\"wp-block-post-date\"><time datetime=\"2022-06-09T11:58:00-04:00\">9 de junio de 2022<\/time><\/div>\n\n\n<div class=\"e-div e-div-0162dd5adc5b84600d5bea230d8c418559af071d\"><div class=\"e-mtf e-mtf--dlt  e-mtf--post-reading-time\"><div class=\"post-reading-time\"><span class=\"reading-time__time\">5<\/span> <span class=\"post-reading-time__label postfix\">min<\/span><\/div><\/div><\/div>\n<\/div>\n\n\n<div class=\"e-mtf e-mtf--dlt  e-mtf--author-details\"><div class=\"post-author\"><div class=\"post-author__avatar\"><img decoding=\"async\" src=\"https:\/\/secure.gravatar.com\/avatar\/0f049c424b7315e5af66aff460be7ea37af7258127ac585345249b2b5e73ece1?s=96&#038;d=mm&#038;r=g\" alt=\"\"\/><\/div>                        <div class=\"post-author__content\">\n                            <p class=\"post-author__name\">Becky Dennison<\/p>\n                        <\/div><\/div><\/div>\n\n<h2 class=\"wp-block-post-title\">Servicios, no desalojos: Poniendo fin a la criminalizaci\u00f3n y al desplazamiento forzado de personas sin hogar<\/h2>\n\n<div class=\"wp-block-post-excerpt\"><p class=\"wp-block-post-excerpt__excerpt\">Los \u00c1ngeles \u2014adem\u00e1s de numerosas otras ciudades en todo el pa\u00eds\u2014 ha intensificado nuevamente los esfuerzos de criminalizaci\u00f3n y desplazamiento forzado durante los&#8230; <\/p><\/div>\n\n<div class=\"e-mtf e-mtf--dlt e-mtf--taxonomy e-mtf--taxonomy-blog-tags\"><\/div>\n\n<div class=\"e-mtf e-mtf--dlt  e-mtf--learn-more-label\"><span class=\"btn\"><\/span><\/div><\/div>\n<\/div><\/a><\/div><\/div><\/div>\n<\/div>\n<\/div><\/section>\n\n<section class=\"e-stn e-stn-fecd9f248d71f1b43eea1791ae2aa16e613ea50d e-stn--subscription-form\"><div class=\"container\">\n<div class=\"wp-block-b3rg-row e-row row\">\n<div class=\"wp-block-b3rg-column e-col e-col-5e53f80929c6668a38540fba03c97241dc5f6888 e-col--left  col-sm-12 col-lg-6\">\n<h2 class=\"wp-block-heading has-pure-white-color has-text-color has-link-color wp-elements-cec0e497456012f6e859233bfca8aaa4\"><strong>Mant\u00e9ngase informado: Soluciones, historias y formas de generar impacto<\/strong><\/h2>\n\n\n\n<p>Reg\u00edstrese para recibir actualizaciones sobre el trabajo de la Alianza, incluyendo las \u00faltimas investigaciones, esfuerzos de promoci\u00f3n e historias reales de progreso \u2014 adem\u00e1s de formas en las que puede ayudar a impulsar un cambio duradero.<\/p>\n<\/div>\n\n\n\n<div class=\"wp-block-b3rg-column e-col e-col-117d0cb7e6b4934330c33fb3a4c7ee0ab7e9abd4 e-col--right e-col--email-cta-form-wrpr  col-sm-12 col-lg-6\">\n<div id=\"mc_embed_shell\">\n      <link href=\"\/\/cdn-images.mailchimp.com\/embedcode\/classic-061523.css\" rel=\"stylesheet\" type=\"text\/css\"\/>\n  <style type=\"text\/css\">\n        #mc_embed_signup{background:#fff; false;clear:left; font:14px Helvetica,Arial,sans-serif; width: 600px;}\n        \/* Add your own Mailchimp form style overrides in your site stylesheet or in this style block.\n           We recommend moving this block and the preceding CSS link to the HEAD of your HTML file. *\/\n<\/style>\n<div id=\"mc_embed_signup\">\n    <form action=\"https:\/\/endhomelessness.us9.list-manage.com\/subscribe\/post?u=466b34a51377a9504fb2ebd8f&#038;id=1cf64328bb&#038;f_id=00f7f2e0f0\" method=\"post\" id=\"mc-embedded-subscribe-form\" name=\"mc-embedded-subscribe-form\" class=\"validate\" target=\"_blank\">\n        <div id=\"mc_embed_signup_scroll\">\n            <div class=\"indicates-required\"><span class=\"asterisk\">*<\/span> indica campo obligatorio<\/div>\n            <div class=\"mc-field-group\"><label for=\"mce-EMAIL\">Direcci\u00f3n de correo electr\u00f3nico <span class=\"asterisk\">*<\/span><\/label><input type=\"email\" name=\"EMAIL\" class=\"required email\" id=\"mce-EMAIL\" required=\"\" value=\"\"\/><\/div><div class=\"mc-field-group input-group\"><strong>\u00bfC\u00f3mo deber\u00edamos comunicarnos con usted? <\/strong><ul><li><input type=\"checkbox\" name=\"group[17873][1]\" id=\"mce-group[17873]-17873-0\" value=\"\"\/><label for=\"mce-group[17873]-17873-0\">Deseo recibir semanalmente herramientas, recursos y noticias sobre la falta de vivienda<\/label><\/li><li><input type=\"checkbox\" name=\"group[17873][2]\" id=\"mce-group[17873]-17873-1\" value=\"\"\/><label for=\"mce-group[17873]-17873-1\">Deseo recibir noticias generales y actualizaciones sobre el trabajo de la Alianza<\/label><\/li><\/ul><\/div><div class=\"mc-field-group\"><label for=\"mce-FNAME\">Nombre <\/label><input type=\"text\" name=\"FNAME\" class=\" text\" id=\"mce-FNAME\" value=\"\"\/><\/div><div class=\"mc-field-group\"><label for=\"mce-LNAME\">Apellido <\/label><input type=\"text\" name=\"LNAME\" class=\" text\" id=\"mce-LNAME\" value=\"\"\/><\/div>\n<div hidden=\"\"><input type=\"hidden\" name=\"tags\" value=\"12777910\"\/><\/div>\n        <div id=\"mce-responses\" class=\"clear\">\n            <div class=\"response\" id=\"mce-error-response\" style=\"display: none;\"><\/div>\n            <div class=\"response\" id=\"mce-success-response\" style=\"display: none;\"><\/div>\n        <\/div><div aria-hidden=\"true\" style=\"position: absolute; left: -5000px;\"><input type=\"text\" name=\"b_466b34a51377a9504fb2ebd8f_1cf64328bb\" tabindex=\"-1\" value=\"\"\/><\/div><div class=\"clear\"><input type=\"submit\" name=\"subscribe\" id=\"mc-embedded-subscribe\" class=\"button\" value=\"Suscribirse\"\/><\/div>\n    <\/div>\n<\/form>\n<\/div>\n<script type=\"text\/javascript\" src=\"\/\/s3.amazonaws.com\/downloads.mailchimp.com\/js\/mc-validate.js\"><\/script><script type=\"text\/javascript\">(function($) {window.fnames = new Array(); window.ftypes = new Array();fnames[0]='EMAIL';ftypes[0]='email';fnames[1]='FNAME';ftypes[1]='text';fnames[2]='LNAME';ftypes[2]='text';fnames[12]='MMERGE12';ftypes[12]='zip';fnames[4]='MMERGE4';ftypes[4]='text';fnames[7]='CITY';ftypes[7]='text';fnames[8]='STATE';ftypes[8]='text';fnames[11]='MMERGE11';ftypes[11]='text';fnames[13]='MMERGE13';ftypes[13]='text';fnames[3]='MMERGE3';ftypes[3]='text';fnames[5]='MMERGE5';ftypes[5]='text';}(jQuery));var $mcj = jQuery.noConflict(true);<\/script><\/div>\n<\/div>\n<\/div>\n<\/div><\/section>\n","protected":false},"excerpt":{"rendered":"","protected":false},"author":35,"featured_media":11726,"template":"","meta":{"_acf_changed":false,"show_custom_date":false,"custom_date":"","featured":false,"featured_image":0,"learn_more_label":"","image_alt_text":"","learn_more_type":"","show_popup":false,"learn_more_link_file":0,"event_date":false,"event_start_date":"","event_end_date":"","place_holder_image_url":"","post_reading_time":"3","notification_enabled":false,"notification_text":"","notification_logo":"","notification_expiration_time":0,"is_enable_transparent_header":false,"hide_from_list_view":false,"selected_taxonomy_terms":{"blog-category":[],"blog-audience":[458],"blog-best-practice":[],"blog-key-issue":[485],"translation_priority":[66]},"selected_primary_terms":[],"learn_more_link":[],"featured_page_list":[],"notification_enabled_post_list":[],"_relevanssi_hide_post":"","_relevanssi_hide_content":"","_relevanssi_pin_for_all":"","_relevanssi_pin_keywords":"","_relevanssi_unpin_keywords":"","_relevanssi_related_keywords":"","_relevanssi_related_include_ids":"","_relevanssi_related_exclude_ids":"","_relevanssi_related_no_append":"","_relevanssi_related_not_related":"","_relevanssi_related_posts":"18605,18791,18808","_relevanssi_noindex_reason":"","inline_featured_image":false,"news_publication":"","footnotes":""},"blog-category":[],"blog-audience":[458],"blog-best-practice":[],"blog-key-issue":[485],"class_list":["post-19324","blog","type-blog","status-publish","has-post-thumbnail","hentry","blog-audience-legisladores-y-defensores","blog-key-issue-criminalizacion"],"acf":[],"yoast_head":"<!-- This site is optimized with the Yoast SEO Premium plugin v24.7 (Yoast SEO v27.4) - https:\/\/yoast.com\/product\/yoast-seo-premium-wordpress\/ -->\n<title>Las pol\u00edticas punitivas jam\u00e1s resolver\u00e1n la situaci\u00f3n de las personas sin hogar: La evidencia es concluyente - Alianza Nacional para Erradicar la Falta de Vivienda<\/title>\n<meta name=\"description\" content=\"The National Alliance to End Homelessness is a nonpartisan, nonprofit organization committed to preventing and ending homelessness in the United States.\" \/>\n<meta name=\"robots\" content=\"index, follow, max-snippet:-1, max-image-preview:large, max-video-preview:-1\" \/>\n<link rel=\"canonical\" href=\"https:\/\/endhomelessness.org\/es\/blog\/las-politicas-punitivas-jamas-resolveran-la-situacion-de-las-personas-sin-hogar-la-evidencia-es-concluyente\/\" \/>\n<meta property=\"og:locale\" content=\"es_ES\" \/>\n<meta property=\"og:type\" content=\"article\" \/>\n<meta property=\"og:title\" content=\"Las pol\u00edticas punitivas jam\u00e1s resolver\u00e1n la situaci\u00f3n de las personas sin hogar: La evidencia es concluyente\" \/>\n<meta property=\"og:description\" content=\"The National Alliance to End Homelessness is a nonpartisan, nonprofit organization committed to preventing and ending homelessness in the United States.\" \/>\n<meta property=\"og:url\" content=\"https:\/\/endhomelessness.org\/es\/blog\/las-politicas-punitivas-jamas-resolveran-la-situacion-de-las-personas-sin-hogar-la-evidencia-es-concluyente\/\" \/>\n<meta property=\"og:site_name\" content=\"Alianza Nacional para Erradicar la Falta de Vivienda\" \/>\n<meta property=\"article:publisher\" content=\"https:\/\/www.facebook.com\/naehomelessness\/\" \/>\n<meta property=\"article:modified_time\" content=\"2025-09-04T17:51:13+00:00\" \/>\n<meta property=\"og:image\" content=\"https:\/\/endhomelessness.org\/wp-content\/uploads\/2025\/02\/shutterstock_2207512549-scaled-e1694093612621.jpg\" \/>\n\t<meta property=\"og:image:width\" content=\"2560\" \/>\n\t<meta property=\"og:image:height\" content=\"1169\" \/>\n\t<meta property=\"og:image:type\" content=\"image\/jpeg\" \/>\n<meta name=\"twitter:card\" content=\"summary_large_image\" \/>\n<meta name=\"twitter:label1\" content=\"Tiempo de lectura\" \/>\n\t<meta name=\"twitter:data1\" content=\"4 minutos\" \/>\n<script type=\"application\/ld+json\" class=\"yoast-schema-graph\">{\"@context\":\"https:\\\/\\\/schema.org\",\"@graph\":[{\"@type\":\"WebPage\",\"@id\":\"https:\\\/\\\/endhomelessness.org\\\/es\\\/blog\\\/las-politicas-punitivas-jamas-resolveran-la-situacion-de-las-personas-sin-hogar-la-evidencia-es-concluyente\\\/\",\"url\":\"https:\\\/\\\/endhomelessness.org\\\/es\\\/blog\\\/las-politicas-punitivas-jamas-resolveran-la-situacion-de-las-personas-sin-hogar-la-evidencia-es-concluyente\\\/\",\"name\":\"Las pol\u00edticas punitivas jam\u00e1s resolver\u00e1n la situaci\u00f3n de las personas sin hogar: La evidencia es concluyente - Alianza Nacional para Erradicar la Falta de Vivienda\",\"isPartOf\":{\"@id\":\"https:\\\/\\\/endhomelessness.org\\\/es\\\/#website\"},\"primaryImageOfPage\":{\"@id\":\"https:\\\/\\\/endhomelessness.org\\\/es\\\/blog\\\/las-politicas-punitivas-jamas-resolveran-la-situacion-de-las-personas-sin-hogar-la-evidencia-es-concluyente\\\/#primaryimage\"},\"image\":{\"@id\":\"https:\\\/\\\/endhomelessness.org\\\/es\\\/blog\\\/las-politicas-punitivas-jamas-resolveran-la-situacion-de-las-personas-sin-hogar-la-evidencia-es-concluyente\\\/#primaryimage\"},\"thumbnailUrl\":\"https:\\\/\\\/endhomelessness.org\\\/wp-content\\\/uploads\\\/2025\\\/02\\\/shutterstock_2207512549-scaled-e1694093612621.jpg\",\"datePublished\":\"2025-04-08T17:41:42+00:00\",\"dateModified\":\"2025-09-04T17:51:13+00:00\",\"description\":\"The National Alliance to End Homelessness is a nonpartisan, nonprofit organization committed to preventing and ending homelessness in the United States.\",\"breadcrumb\":{\"@id\":\"https:\\\/\\\/endhomelessness.org\\\/es\\\/blog\\\/las-politicas-punitivas-jamas-resolveran-la-situacion-de-las-personas-sin-hogar-la-evidencia-es-concluyente\\\/#breadcrumb\"},\"inLanguage\":\"es\",\"potentialAction\":[{\"@type\":\"ReadAction\",\"target\":[\"https:\\\/\\\/endhomelessness.org\\\/es\\\/blog\\\/las-politicas-punitivas-jamas-resolveran-la-situacion-de-las-personas-sin-hogar-la-evidencia-es-concluyente\\\/\"]}]},{\"@type\":\"ImageObject\",\"inLanguage\":\"es\",\"@id\":\"https:\\\/\\\/endhomelessness.org\\\/es\\\/blog\\\/las-politicas-punitivas-jamas-resolveran-la-situacion-de-las-personas-sin-hogar-la-evidencia-es-concluyente\\\/#primaryimage\",\"url\":\"https:\\\/\\\/endhomelessness.org\\\/wp-content\\\/uploads\\\/2025\\\/02\\\/shutterstock_2207512549-scaled-e1694093612621.jpg\",\"contentUrl\":\"https:\\\/\\\/endhomelessness.org\\\/wp-content\\\/uploads\\\/2025\\\/02\\\/shutterstock_2207512549-scaled-e1694093612621.jpg\",\"width\":2560,\"height\":1169,\"caption\":\"Woman\"},{\"@type\":\"BreadcrumbList\",\"@id\":\"https:\\\/\\\/endhomelessness.org\\\/es\\\/blog\\\/las-politicas-punitivas-jamas-resolveran-la-situacion-de-las-personas-sin-hogar-la-evidencia-es-concluyente\\\/#breadcrumb\",\"itemListElement\":[{\"@type\":\"ListItem\",\"position\":1,\"name\":\"Inicio\",\"item\":\"https:\\\/\\\/endhomelessness.org\\\/es\\\/home-page-2-2-2\\\/\"},{\"@type\":\"ListItem\",\"position\":2,\"name\":\"Las pol\u00edticas punitivas jam\u00e1s resolver\u00e1n la situaci\u00f3n de las personas sin hogar: La evidencia es concluyente\"}]},{\"@type\":\"WebSite\",\"@id\":\"https:\\\/\\\/endhomelessness.org\\\/es\\\/#website\",\"url\":\"https:\\\/\\\/endhomelessness.org\\\/es\\\/\",\"name\":\"National Alliance to End Homelessness\",\"description\":\"Organizaci\u00f3n no partidista para prevenir y erradicar la falta de vivienda en EE.UU.\",\"publisher\":{\"@id\":\"https:\\\/\\\/endhomelessness.org\\\/es\\\/#organization\"},\"potentialAction\":[{\"@type\":\"SearchAction\",\"target\":{\"@type\":\"EntryPoint\",\"urlTemplate\":\"https:\\\/\\\/endhomelessness.org\\\/es\\\/?s={search_term_string}\"},\"query-input\":{\"@type\":\"PropertyValueSpecification\",\"valueRequired\":true,\"valueName\":\"search_term_string\"}}],\"inLanguage\":\"es\"},{\"@type\":\"Organization\",\"@id\":\"https:\\\/\\\/endhomelessness.org\\\/es\\\/#organization\",\"name\":\"Alianza Nacional para Erradicar la Falta de Vivienda\",\"url\":\"https:\\\/\\\/endhomelessness.org\\\/es\\\/\",\"logo\":{\"@type\":\"ImageObject\",\"inLanguage\":\"es\",\"@id\":\"https:\\\/\\\/endhomelessness.org\\\/es\\\/#\\\/schema\\\/logo\\\/image\\\/\",\"url\":\"https:\\\/\\\/endhomelessness.org\\\/wp-content\\\/uploads\\\/2024\\\/09\\\/logo-2.webp\",\"contentUrl\":\"https:\\\/\\\/endhomelessness.org\\\/wp-content\\\/uploads\\\/2024\\\/09\\\/logo-2.webp\",\"width\":687,\"height\":361,\"caption\":\"Alianza Nacional para Erradicar la Falta de Vivienda\"},\"image\":{\"@id\":\"https:\\\/\\\/endhomelessness.org\\\/es\\\/#\\\/schema\\\/logo\\\/image\\\/\"},\"sameAs\":[\"https:\\\/\\\/www.facebook.com\\\/naehomelessness\\\/\",\"https:\\\/\\\/www.youtube.com\\\/@EndingHomelessness\",\"https:\\\/\\\/www.linkedin.com\\\/company\\\/national-alliance-to-end-homelessness\\\/\",\"https:\\\/\\\/instagram.com\\\/naeh_endhomelessness\"]}]}<\/script>\n<!-- \/ Yoast SEO Premium plugin. -->","yoast_head_json":{"title":"Las pol\u00edticas punitivas jam\u00e1s resolver\u00e1n la situaci\u00f3n de las personas sin hogar: La evidencia es concluyente - Alianza Nacional para Erradicar la Falta de Vivienda","description":"The National Alliance to End Homelessness is a nonpartisan, nonprofit organization committed to preventing and ending homelessness in the United States.","robots":{"index":"index","follow":"follow","max-snippet":"max-snippet:-1","max-image-preview":"max-image-preview:large","max-video-preview":"max-video-preview:-1"},"canonical":"https:\/\/endhomelessness.org\/es\/blog\/las-politicas-punitivas-jamas-resolveran-la-situacion-de-las-personas-sin-hogar-la-evidencia-es-concluyente\/","og_locale":"es_ES","og_type":"article","og_title":"Las pol\u00edticas punitivas jam\u00e1s resolver\u00e1n la situaci\u00f3n de las personas sin hogar: La evidencia es concluyente","og_description":"The National Alliance to End Homelessness is a nonpartisan, nonprofit organization committed to preventing and ending homelessness in the United States.","og_url":"https:\/\/endhomelessness.org\/es\/blog\/las-politicas-punitivas-jamas-resolveran-la-situacion-de-las-personas-sin-hogar-la-evidencia-es-concluyente\/","og_site_name":"Alianza Nacional para Erradicar la Falta de Vivienda","article_publisher":"https:\/\/www.facebook.com\/naehomelessness\/","article_modified_time":"2025-09-04T17:51:13+00:00","og_image":[{"width":2560,"height":1169,"url":"https:\/\/endhomelessness.org\/wp-content\/uploads\/2025\/02\/shutterstock_2207512549-scaled-e1694093612621.jpg","type":"image\/jpeg"}],"twitter_card":"summary_large_image","twitter_misc":{"Tiempo de lectura":"4 minutos"},"schema":{"@context":"https:\/\/schema.org","@graph":[{"@type":"WebPage","@id":"https:\/\/endhomelessness.org\/es\/blog\/las-politicas-punitivas-jamas-resolveran-la-situacion-de-las-personas-sin-hogar-la-evidencia-es-concluyente\/","url":"https:\/\/endhomelessness.org\/es\/blog\/las-politicas-punitivas-jamas-resolveran-la-situacion-de-las-personas-sin-hogar-la-evidencia-es-concluyente\/","name":"Las pol\u00edticas punitivas jam\u00e1s resolver\u00e1n la situaci\u00f3n de las personas sin hogar: La evidencia es concluyente - Alianza Nacional para Erradicar la Falta de Vivienda","isPartOf":{"@id":"https:\/\/endhomelessness.org\/es\/#website"},"primaryImageOfPage":{"@id":"https:\/\/endhomelessness.org\/es\/blog\/las-politicas-punitivas-jamas-resolveran-la-situacion-de-las-personas-sin-hogar-la-evidencia-es-concluyente\/#primaryimage"},"image":{"@id":"https:\/\/endhomelessness.org\/es\/blog\/las-politicas-punitivas-jamas-resolveran-la-situacion-de-las-personas-sin-hogar-la-evidencia-es-concluyente\/#primaryimage"},"thumbnailUrl":"https:\/\/endhomelessness.org\/wp-content\/uploads\/2025\/02\/shutterstock_2207512549-scaled-e1694093612621.jpg","datePublished":"2025-04-08T17:41:42+00:00","dateModified":"2025-09-04T17:51:13+00:00","description":"The National Alliance to End Homelessness is a nonpartisan, nonprofit organization committed to preventing and ending homelessness in the United States.","breadcrumb":{"@id":"https:\/\/endhomelessness.org\/es\/blog\/las-politicas-punitivas-jamas-resolveran-la-situacion-de-las-personas-sin-hogar-la-evidencia-es-concluyente\/#breadcrumb"},"inLanguage":"es","potentialAction":[{"@type":"ReadAction","target":["https:\/\/endhomelessness.org\/es\/blog\/las-politicas-punitivas-jamas-resolveran-la-situacion-de-las-personas-sin-hogar-la-evidencia-es-concluyente\/"]}]},{"@type":"ImageObject","inLanguage":"es","@id":"https:\/\/endhomelessness.org\/es\/blog\/las-politicas-punitivas-jamas-resolveran-la-situacion-de-las-personas-sin-hogar-la-evidencia-es-concluyente\/#primaryimage","url":"https:\/\/endhomelessness.org\/wp-content\/uploads\/2025\/02\/shutterstock_2207512549-scaled-e1694093612621.jpg","contentUrl":"https:\/\/endhomelessness.org\/wp-content\/uploads\/2025\/02\/shutterstock_2207512549-scaled-e1694093612621.jpg","width":2560,"height":1169,"caption":"Woman"},{"@type":"BreadcrumbList","@id":"https:\/\/endhomelessness.org\/es\/blog\/las-politicas-punitivas-jamas-resolveran-la-situacion-de-las-personas-sin-hogar-la-evidencia-es-concluyente\/#breadcrumb","itemListElement":[{"@type":"ListItem","position":1,"name":"Inicio","item":"https:\/\/endhomelessness.org\/es\/home-page-2-2-2\/"},{"@type":"ListItem","position":2,"name":"Las pol\u00edticas punitivas jam\u00e1s resolver\u00e1n la situaci\u00f3n de las personas sin hogar: La evidencia es concluyente"}]},{"@type":"WebSite","@id":"https:\/\/endhomelessness.org\/es\/#website","url":"https:\/\/endhomelessness.org\/es\/","name":"National Alliance to End Homelessness","description":"Organizaci\u00f3n no partidista para prevenir y erradicar la falta de vivienda en EE.UU.","publisher":{"@id":"https:\/\/endhomelessness.org\/es\/#organization"},"potentialAction":[{"@type":"SearchAction","target":{"@type":"EntryPoint","urlTemplate":"https:\/\/endhomelessness.org\/es\/?s={search_term_string}"},"query-input":{"@type":"PropertyValueSpecification","valueRequired":true,"valueName":"search_term_string"}}],"inLanguage":"es"},{"@type":"Organization","@id":"https:\/\/endhomelessness.org\/es\/#organization","name":"Alianza Nacional para Erradicar la Falta de Vivienda","url":"https:\/\/endhomelessness.org\/es\/","logo":{"@type":"ImageObject","inLanguage":"es","@id":"https:\/\/endhomelessness.org\/es\/#\/schema\/logo\/image\/","url":"https:\/\/endhomelessness.org\/wp-content\/uploads\/2024\/09\/logo-2.webp","contentUrl":"https:\/\/endhomelessness.org\/wp-content\/uploads\/2024\/09\/logo-2.webp","width":687,"height":361,"caption":"Alianza Nacional para Erradicar la Falta de Vivienda"},"image":{"@id":"https:\/\/endhomelessness.org\/es\/#\/schema\/logo\/image\/"},"sameAs":["https:\/\/www.facebook.com\/naehomelessness\/","https:\/\/www.youtube.com\/@EndingHomelessness","https:\/\/www.linkedin.com\/company\/national-alliance-to-end-homelessness\/","https:\/\/instagram.com\/naeh_endhomelessness"]}]}},"_links":{"self":[{"href":"https:\/\/endhomelessness.org\/es\/wp-json\/wp\/v2\/blog\/19324","targetHints":{"allow":["GET"]}}],"collection":[{"href":"https:\/\/endhomelessness.org\/es\/wp-json\/wp\/v2\/blog"}],"about":[{"href":"https:\/\/endhomelessness.org\/es\/wp-json\/wp\/v2\/types\/blog"}],"author":[{"embeddable":true,"href":"https:\/\/endhomelessness.org\/es\/wp-json\/wp\/v2\/users\/35"}],"version-history":[{"count":0,"href":"https:\/\/endhomelessness.org\/es\/wp-json\/wp\/v2\/blog\/19324\/revisions"}],"wp:featuredmedia":[{"embeddable":true,"href":"https:\/\/endhomelessness.org\/es\/wp-json\/wp\/v2\/media\/11726"}],"wp:attachment":[{"href":"https:\/\/endhomelessness.org\/es\/wp-json\/wp\/v2\/media?parent=19324"}],"wp:term":[{"taxonomy":"blog-category","embeddable":true,"href":"https:\/\/endhomelessness.org\/es\/wp-json\/wp\/v2\/blog-category?post=19324"},{"taxonomy":"blog-audience","embeddable":true,"href":"https:\/\/endhomelessness.org\/es\/wp-json\/wp\/v2\/blog-audience?post=19324"},{"taxonomy":"blog-best-practice","embeddable":true,"href":"https:\/\/endhomelessness.org\/es\/wp-json\/wp\/v2\/blog-best-practice?post=19324"},{"taxonomy":"blog-key-issue","embeddable":true,"href":"https:\/\/endhomelessness.org\/es\/wp-json\/wp\/v2\/blog-key-issue?post=19324"}],"curies":[{"name":"wp","href":"https:\/\/api.w.org\/{rel}","templated":true}]}}