{"id":20400,"date":"2025-06-03T14:02:29","date_gmt":"2025-06-03T18:02:29","guid":{"rendered":"https:\/\/endhomelessness.org\/blog\/rincon-del-director-ejecutivo-edicion-presupuestaria-semana-del-2-de-junio\/"},"modified":"2025-06-03T14:04:13","modified_gmt":"2025-06-03T18:04:13","slug":"rincon-del-director-ejecutivo-edicion-presupuestaria-semana-del-2-de-junio","status":"publish","type":"blog","link":"https:\/\/endhomelessness.org\/es\/blog\/rincon-del-director-ejecutivo-edicion-presupuestaria-semana-del-2-de-junio\/","title":{"rendered":"Rinc\u00f3n del Director Ejecutivo, edici\u00f3n presupuestaria: semana del 2 de junio"},"content":{"rendered":"\n<section class=\"e-stn e-stn-849454e81f49c3e0996f0535d1fbe2e2a28a7f38 e-stn--bi-banner e-stn--blog-inner-banner e-mt-0\"><div class=\"container\">\n<div class=\"wp-block-b3rg-row e-row row\">\n<div class=\"wp-block-b3rg-column e-col e-col-91b2a281f1eebbf914649cf1a26a47ed2705bac9 e-col--blog-inner-banner-content-wrpr  col-sm-12 col-lg-6\">\n<div class=\"e-div e-div-839cbe8f6e018dc7e955381f3e384d2c27672e4b e-div--blog-inner-post-type-tag\"><span>BLOG<\/span>\n<\/div>\n\n\n<div class=\"e-mtf e-mtf--dlt  e-mtf--post-date\">Abr 30, 2026<\/div>\n\n\n<h1 class=\"wp-block-heading\" id=\"h-ceo-corner-budget-edition-week-of-june-2\">Rinc\u00f3n del Director Ejecutivo, edici\u00f3n presupuestaria:<br\/>semana del 2 de junio<\/h1>\n\n\n\n<div class=\"e-div e-div-3feadf93b0e32733e24997c3fb1117746e9f09bb e-div--bi-read-time\"><div class=\"e-mtf e-mtf--dlt  e-mtf--author-with-link\"><a href=\"https:\/\/endhomelessness.org\/es\/author\/aoliva\/\" class=\"post-author-url\">\n    <div class=\"post-author\">            <div class=\"post-author__content\">\n                <p class=\"post-author__name\">Ann Oliva<\/p>\n            <\/div>\n        <\/div>\n    <\/a><\/div>\n\n\n<div class=\"e-div e-div-557e62bd117c135dc32641f890e8494508d435f9\"><div class=\"e-mtf e-mtf--dlt  e-mtf--post-reading-time\"><div class=\"post-reading-time\"><span class=\"reading-time__time\">6<\/span> <span class=\"post-reading-time__label postfix\">min<\/span><\/div><\/div><\/div>\n<\/div>\n<\/div>\n\n\n\n<div class=\"wp-block-b3rg-column e-col e-col-81b626ca4373c287d7192790467945fd7a7f7a7c e-col--blog-inner-banner-media-wrpr  col-sm-12 col-lg-6\"><figure class=\"wp-block-post-featured-image\"><img loading=\"lazy\" decoding=\"async\" width=\"1068\" height=\"684\" src=\"https:\/\/endhomelessness.org\/wp-content\/uploads\/2014\/01\/Frame-222.png\" class=\"attachment-post-thumbnail size-post-thumbnail wp-post-image default-featured-img\" alt=\"National Alliance to End Homelessness logo\" style=\"object-fit:cover;\" srcset=\"https:\/\/endhomelessness.org\/wp-content\/uploads\/2014\/01\/Frame-222.png 1068w, https:\/\/endhomelessness.org\/wp-content\/uploads\/2014\/01\/Frame-222-300x192.png 300w, https:\/\/endhomelessness.org\/wp-content\/uploads\/2014\/01\/Frame-222-1024x656.png 1024w, https:\/\/endhomelessness.org\/wp-content\/uploads\/2014\/01\/Frame-222-768x492.png 768w, https:\/\/endhomelessness.org\/wp-content\/uploads\/2014\/01\/Frame-222-575x368.png 575w\" sizes=\"auto, (max-width: 1068px) 100vw, 1068px\" \/><\/figure><\/div>\n<\/div>\n<\/div><\/section>\n\n<section class=\"e-stn e-stn-c56641d9ef1501d00becad820de897cdddda74f8 e-stn--bi-content-with-media-section e-mt-0 e-pt-120  e-pt-sm-50 e-pb-60\"><div class=\"container\">\n<div class=\"wp-block-b3rg-row e-row row\">\n<div class=\"wp-block-b3rg-column e-col e-col-b6fcb39014cc55ca3861f29a75045c7515c65dde e-col--bi-content-with-media-section-content-wrapper e-col--blog-inner-contents  col-sm-12 col-lg-9\">\n<p class=\"has-medium-font-size\">Esta semana, me unir\u00e9 a colegas de la Corporaci\u00f3n para Viviendas de Apoyo, Caridades Cat\u00f3licas de EE. UU. y Homeward VA (Continuidad de Atenci\u00f3n de Richmond, VA) en el Capitolio para educar al personal del Congreso sobre la importancia crucial del financiamiento federal para abordar la falta de vivienda. <\/p>\n\n\n\n<p>En esta sesi\u00f3n informativa, patrocinada por la Senadora Tina Smith, informaremos al personal del Congreso sobre los impactos catastr\u00f3ficos que las propuestas presupuestarias del Presidente tendr\u00edan en la situaci\u00f3n de las personas sin hogar en los Estados Unidos.<\/p>\n\n\n\n<p>Por lo tanto, en el Rinc\u00f3n del Director Ejecutivo de esta semana, deseo compartir lo que necesita saber sobre los desarrollos recientes en el presupuesto del a\u00f1o fiscal 2026. Hay dos elementos principales: <\/p>\n\n\n\n<ol start=\"1\" class=\"wp-block-list\">\n<li>la solicitud presupuestaria del Presidente para el a\u00f1o fiscal 2026 <\/li>\n\n\n\n<li>un proyecto de ley de <strong>reconciliaci\u00f3n<\/strong> presupuestaria. (Es posible que haya escuchado a la Administraci\u00f3n referirse a \u00e9l como la \u201cLey de Un Gran y Hermoso Proyecto\u201d.) <\/li>\n<\/ol>\n\n\n\n<p class=\"has-large-font-size\" style=\"margin-top:42px;margin-bottom:42px\">Puede resultar confuso, lo s\u00e9. Pero ambos son importantes y merecen nuestra atenci\u00f3n colectiva.  <\/p>\n\n\n\n<p><strong>La solicitud presupuestaria del Presidente<\/strong> es el conjunto anual de recomendaciones de la Administraci\u00f3n al Congreso para el proceso regular del A\u00f1o Fiscal 2026 (1 de octubre de 2025 &#8211; 30 de septiembre de 2026).<\/p>\n\n\n\n<p><strong>El otro proyecto de ley fiscal actualmente bajo consideraci\u00f3n del Congreso utiliza un <a href=\"https:\/\/www.cbpp.org\/research\/introduction-to-budget-reconciliation\">proceso legislativo especial denominado \u201creconciliaci\u00f3n\u201d<\/a><\/strong> para avanzar r\u00e1pidamente legislaci\u00f3n fiscal de alta prioridad. La reconciliaci\u00f3n permite al Congreso realizar <a href=\"https:\/\/bipartisanpolicy.org\/explainer\/budget-reconciliation-simplified\/\">cambios significativos en la ley a trav\u00e9s de un procedimiento relativamente acelerado<\/a>. La legislaci\u00f3n de reconciliaci\u00f3n presupuestaria requiere una adopci\u00f3n por mayor\u00eda simple con tiempo limitado para debate y un proceso de enmienda restrictivo. Quiz\u00e1s lo m\u00e1s importante es que esto significa que el proyecto de ley no puede ser bloqueado por un filibusterismo en el Senado. El Congreso utiliz\u00f3 este proceso m\u00e1s recientemente para financiar programas durante la pandemia de COVID-19 a trav\u00e9s de la Ley del Plan de Rescate Estadounidense de 2021 y la Ley de Reducci\u00f3n de la Inflaci\u00f3n de 2022.     <\/p>\n\n\n\n<h2 class=\"wp-block-heading\" id=\"h-the-president-s-fy26-budget-request-and-impacts-on-hud-funding\"><strong>La solicitud presupuestaria del Presidente para el a\u00f1o fiscal 2026 y sus impactos en el financiamiento del HUD<\/strong><\/h2>\n\n\n\n<p>La semana pasada, la Casa Blanca public\u00f3 m\u00e1s documentos sobre la propuesta presupuestaria de la administraci\u00f3n para el a\u00f1o fiscal 2026, que el Congreso probablemente utilizar\u00e1 para dar forma a los montos de gasto del gobierno federal para el a\u00f1o fiscal 2026. Estos documentos profundizan m\u00e1s que el \u201c<a href=\"https:\/\/endhomelessness.org\/es\/media\/news-releases\/declaracion-de-la-alianza-nacional-para-erradicar-la-falta-de-vivienda-sobre-la-propuesta-de-presupuesto-federal-del-presidente-trump-para-el-ano-fiscal-2026\/\">presupuesto escueto<\/a>\u201d publicado anteriormente. <\/p>\n\n\n\n<p>La Administraci\u00f3n propone cambios masivos al <a href=\"https:\/\/www.whitehouse.gov\/wp-content\/uploads\/2025\/05\/appendix_fy2026.pdf\" target=\"_blank\" rel=\"noreferrer noopener\">presupuesto del Departamento de Vivienda y Desarrollo Urbano de los EE. UU. (HUD)<\/a> que tendr\u00edan impactos devastadores para prevenir y erradicar la falta de vivienda en los Estados Unidos.<\/p>\n\n\n\n<p>Los miembros del personal de la Alianza han examinado los cambios y recortes propuestos a los programas relacionados con la falta de vivienda, y c\u00f3mo estos pueden diferir de la solicitud presupuestaria original.<\/p>\n\n\n\n<h3 class=\"wp-block-heading\" id=\"h-homeless-assistance-grants-nbsp\">Subvenciones para asistencia a personas sin hogar <\/h3>\n\n\n\n<p>La propuesta presupuestaria del Presidente busca fusionar el programa Continuum of Care (CoC) y el programa de Oportunidades de Vivienda para Personas con SIDA (HOPWA) en el programa de Subvenciones para Soluciones de Emergencia (ESG). En conjunto, el financiamiento actualmente asignado a los Programas de Asistencia para Necesidades Especiales del HUD (ESG, CoC y HOPWA) se reducir\u00eda en $532 millones. Esto:   <\/p>\n\n\n\n<ul class=\"wp-block-list\">\n<li>reducir\u00e1 el financiamiento de las Subvenciones para Asistencia a Personas sin Hogar en $27 millones y eliminar\u00e1 por completo el presupuesto para el programa HOPWA (actualmente financiado con $505 millones), eliminando efectivamente la asistencia de vivienda para miles de personas que viven con VIH o SIDA;<\/li>\n\n\n\n<li>eliminar\u00e1 el financiamiento para actividades y subvenciones que solo son elegibles bajo el programa CoC, incluyendo Vivienda de Apoyo Permanente, Planificaci\u00f3n de CoC y subvenciones dedicadas para la operaci\u00f3n y administraci\u00f3n de entrada coordinada y Sistemas de Informaci\u00f3n para la Gesti\u00f3n de Personas sin Hogar (HMIS);<\/li>\n\n\n\n<li>y cambiar\u00e1 a una f\u00f3rmula, en lugar de una aplicaci\u00f3n competitiva, para determinar la asignaci\u00f3n de fondos (eliminando as\u00ed la competencia del Programa CoC, reduciendo la transparencia en el proceso federal de concesi\u00f3n de subvenciones y poniendo en riesgo a miles de programas actualmente en operaci\u00f3n \u2014 y a los cientos de miles de personas a las que sirven <\/li>\n<\/ul>\n\n\n\n<h3 class=\"wp-block-heading\" id=\"h-federal-rental-assistance\">Asistencia federal para el alquiler<\/h3>\n\n\n\n<p>La propuesta presupuestaria del Presidente busca eliminar la mayor\u00eda de los programas federales de asistencia para el alquiler, incluyendo la Asistencia de Alquiler Basada en el Inquilino, Vivienda P\u00fablica, Asistencia de Alquiler Basada en Proyectos, Secci\u00f3n 811 (Programa de Vivienda de Apoyo para Personas con Discapacidades) y Secci\u00f3n 202 (Programa de Vivienda de Apoyo para Personas Mayores). <\/p>\n\n\n\n<p>En su lugar, la administraci\u00f3n busca crear un nuevo Programa Estatal de Asistencia para el Alquiler con un costo total de $36.2 mil millones. Esto es significativamente menos que el total acumulado del financiamiento actual para los programas que reemplazar\u00eda.  <\/p>\n\n\n\n<p>La propuesta presupuestaria del Presidente no incluye ning\u00fan financiamiento continuo para los Vales de Vivienda de Emergencia, poniendo en riesgo inmediato de quedarse sin hogar a los 59,000 hogares que actualmente reciben asistencia.<\/p>\n\n\n\n<h3 class=\"wp-block-heading\" id=\"h-other-significant-programs\">Otros programas significativos<\/h3>\n\n\n\n<p>La propuesta del Presidente busca eliminar el programa de Subvenciones en Bloque para el Desarrollo Comunitario (CDBG) as\u00ed como el programa de Asociaciones de Inversi\u00f3n HOME (HOME), los cuales proporcionan recursos para fortalecer la infraestructura comunitaria y para estrategias necesarias de vivienda asequible. Tambi\u00e9n reduce la financiaci\u00f3n para iniciativas de vivienda justa en m\u00e1s de la mitad, hasta 26 millones de d\u00f3lares.  <\/p>\n\n\n\n<h2 class=\"wp-block-heading\" id=\"h-the-fy2026-budget-reconciliation-bill\"><strong>El proyecto de ley de reconciliaci\u00f3n presupuestaria para el a\u00f1o fiscal 2026<\/strong><\/h2>\n\n\n\n<p>El 22 de mayo de 2025, los republicanos de la C\u00e1mara de Representantes aprobaron por un estrecho margen un amplio proyecto de ley fiscal y presupuestario \u2014 la \u201cLey de Una Gran y Hermosa Ley\u201d \u2014 que ahora pasa al Senado. Este es un proyecto de ley separado del proceso de asignaciones para el a\u00f1o fiscal 2026. <\/p>\n\n\n\n<p>Al debilitar la ya fragmentada red de seguridad social, este proyecto de ley pondr\u00e1 en peligro la vivienda de millones de estadounidenses, disminuir\u00e1 el acceso a la atenci\u00f3n m\u00e9dica y <a href=\"https:\/\/www.americanprogress.org\/article\/congressional-republican-budget-bill-proposes-weakening-support-for-homeless-individuals\/\" target=\"_blank\" rel=\"noreferrer noopener\">amenazar\u00e1<\/a> la capacidad de las personas sin hogar para acceder a servicios y recursos. <\/p>\n\n\n\n<p>De ser aprobado, este proyecto de ley tambi\u00e9n reducir\u00e1 el acceso a Medicaid y al Programa de Asistencia Nutricional Suplementaria (SNAP). Estos son beneficios y servicios vitales para las personas sin hogar:  <\/p>\n\n\n\n<ul class=\"wp-block-list\">\n<li><strong>Recortes en Medicaid <\/strong>Medicaid representa un salvavidas de atenci\u00f3n m\u00e9dica para millones de personas en todo el pa\u00eds. Sin embargo, las disposiciones del proyecto de ley buscan imponer a\u00fan m\u00e1s tr\u00e1mites burocr\u00e1ticos a los beneficiarios, afectando de manera desproporcionada a las personas sin hogar. \n<ul class=\"wp-block-list\">\n<li>Por ejemplo, muchas personas sin hogar tendr\u00e1n dificultades para cumplir con las verificaciones de residencia propuestas, como una direcci\u00f3n estable.<\/li>\n\n\n\n<li>Inevitablemente, <strong>muchas personas perder\u00e1n el acceso a Medicaid, poniendo en riesgo innumerables vidas y medios de subsistencia.<\/strong> <\/li>\n<\/ul>\n<\/li>\n\n\n\n<li>La eliminaci\u00f3n de <strong>las exenciones del SNAP <\/strong>aumentar\u00e1 la inseguridad alimentaria. Este proyecto de ley busca no solo eliminar las exenciones actuales para las personas sin hogar, sino <strong>tambi\u00e9n introducir requisitos laborales y otras barreras <\/strong>para ellas.  <\/li>\n<\/ul>\n\n\n\n<h2 class=\"wp-block-heading\" id=\"h-how-to-take-action\"><strong>C\u00f3mo tomar acci\u00f3n<\/strong><\/h2>\n\n\n\n<p>Estas propuestas legislativas y proyectos de ley tendr\u00e1n impactos catastr\u00f3ficos en las personas sin hogar a menos que todos actuemos ahora.<\/p>\n\n\n\n<p><strong>Inste a su Miembro del Congreso a rechazar la propuesta de presupuesto del Presidente y, en su lugar, financiar la cuenta de Subvenciones de Asistencia para Personas sin Hogar con 4.922 mil millones de d\u00f3lares<\/strong>. <\/p>\n\n\n\n<div class=\"e-div e-div-0ca5a20827845a2a29cf27bf33ee6dbdd236cc81 e-div--button-wrapper\"><div class=\"e-btn e-btn--yellow\"><a class=\"e-btn__link\"href=\"https:\/\/endhomelessness.org\/action\/act-now-to-prevent-severe-hud-cuts\/\" target=\"_self\">\n<p class=\"title\">Act\u00fae ahora<\/p>\n<\/a><\/div><\/div>\n\n\n\n<div style=\"height:50px\" aria-hidden=\"true\" class=\"wp-block-spacer\"><\/div>\n\n\n\n<h2 class=\"wp-block-heading\" id=\"h-additional-resources-nbsp\"><strong>Recursos Adicionales<\/strong> <\/h2>\n\n\n\n<p>Aunque el objetivo principal de nuestra defensa es la financiaci\u00f3n de las Subvenciones de Asistencia para Personas sin Hogar del HUD, trabajamos en estrecha colaboraci\u00f3n con nuestros socios nacionales (como la Coalici\u00f3n Nacional de Vivienda para Personas de Bajos Ingresos y el Consejo Nacional de Atenci\u00f3n M\u00e9dica para Personas sin Hogar). Estas organizaciones, entre otras, lideran los esfuerzos de defensa federal que abordan las necesidades de las personas sin hogar y aquellas que est\u00e1n en riesgo.  <\/p>\n\n\n\n<h3 class=\"wp-block-heading\" id=\"h-join-efforts-to-protect-all-hud-programs-and-staff\">\u00danase a los esfuerzos para proteger todos los programas y el personal del HUD:<\/h3>\n\n\n\n<ul class=\"wp-block-list\">\n<li><a href=\"https:\/\/nlihc.org\/take-action\" target=\"_blank\" rel=\"noreferrer noopener\">Tomar acci\u00f3n | Coalici\u00f3n Nacional de Vivienda para Personas de Bajos Ingresos<\/a> <\/li>\n\n\n\n<li><a href=\"https:\/\/nlihc.org\/resource\/take-action-protect-federal-housing-funding-fy26-nlihcs-advocacy-toolkit\" target=\"_blank\" rel=\"noreferrer noopener\">\u00a1Tome acci\u00f3n para proteger la financiaci\u00f3n federal de vivienda en el a\u00f1o fiscal 2026 con el Kit de herramientas de defensa de NLIHC! | Coalici\u00f3n Nacional de Vivienda para Personas de Bajos Ingresos <\/a> <\/li>\n<\/ul>\n\n\n\n<h3 class=\"wp-block-heading\" id=\"h-sign-on-to-protect-medicaid\">Firme para proteger Medicaid:<\/h3>\n\n\n\n<ul class=\"wp-block-list\">\n<li><a href=\"https:\/\/nhchc.org\/action-needed-sign-our-letter-to-urge-congress-to-protect-medicaid\/\" target=\"_blank\" rel=\"noreferrer noopener\">Acci\u00f3n necesaria: firme nuestra carta para instar al senado a proteger Medicaid &#8211; Consejo Nacional de Atenci\u00f3n M\u00e9dica para Personas sin Hogar<\/a> <\/li>\n<\/ul>\n\n\n\n<h3 class=\"wp-block-heading\" id=\"h-protect-emergency-housing-vouchers\">Proteger los vales de vivienda de emergencia:<\/h3>\n\n\n\n<ul class=\"wp-block-list\">\n<li><a href=\"https:\/\/nlihc.quorum.us\/campaign\/120966\/\" target=\"_blank\" rel=\"noreferrer noopener\">Coalici\u00f3n Nacional de Vivienda para Personas de Bajos Ingresos | Proteger los vales de vivienda de emergencia<\/a> <\/li>\n\n\n\n<li><a href=\"https:\/\/docs.google.com\/document\/d\/1zJIhoWIIZvKFiOcKhiIykAE_ukCZn6ivnganNa2cnLI\/edit?tab=t.ygpdrxokyf8b\" target=\"_blank\" rel=\"noreferrer noopener\">Kit de herramientas de movilizaci\u00f3n para el precipicio de financiaci\u00f3n de EHV &#8211; Mayo 2025 &#8211; Documentos de Google<\/a> <\/li>\n<\/ul>\n<\/div>\n\n\n\n<div class=\"wp-block-b3rg-column e-col e-col-1bad2bb1301648438cb2ed0700e7ae206906d971 e-col--bi-right-side e-col--blog-inner-related-posts  col-sm-12 col-lg-3\">\n<div class=\"e-div e-div-aa0bd466f4aeede04dc8da3bd7352029542d2eb2 e-div--js-bi-sticky-left\">\n<div class=\"e-div e-div-ee3d7e421c95ad8dfd4a4a7ba8a705d9d1314334 e-div--bi-social-icons\">\n<div class=\"e-div e-div-afd662dcbf1b8539fd511c7304083e31dd498592 e-div--social-share-tooltip\"><div class=\"heateor_sss_sharing_container heateor_sss_horizontal_sharing\" data-heateor-ss-offset=\"0\" data-heateor-sss-href='https:\/\/endhomelessness.org\/es\/blog\/rincon-del-director-ejecutivo-edicion-presupuestaria-semana-del-2-de-junio\/'><div class=\"heateor_sss_sharing_ul\"><a aria-label=\"Copy Link\" class=\"heateor_sss_button_copy_link\" title=\"Copy Link\" rel=\"noopener\" href=\"https:\/\/endhomelessness.org\/es\/blog\/rincon-del-director-ejecutivo-edicion-presupuestaria-semana-del-2-de-junio\/\" onclick=\"event.preventDefault()\" style=\"font-size:32px!important;box-shadow:none;display:inline-block;vertical-align:middle\"><span class=\"heateor_sss_svg heateor_sss_s__default heateor_sss_s_copy_link\" style=\"background-color:#ffc112;width:35px;height:35px;border-radius:999px;display:inline-block;opacity:1;float:left;font-size:32px;box-shadow:none;display:inline-block;font-size:16px;padding:0 4px;vertical-align:middle;background-repeat:repeat;overflow:hidden;padding:0;cursor:pointer;box-sizing:content-box\"><svg style=\"display:block;border-radius:999px;\" focusable=\"false\" aria-hidden=\"true\" xmlns=\"http:\/\/www.w3.org\/2000\/svg\" width=\"100%\" height=\"100%\" viewBox=\"-4 -4 40 40\"><path fill=\"#fff\" d=\"M24.412 21.177c0-.36-.126-.665-.377-.917l-2.804-2.804a1.235 1.235 0 0 0-.913-.378c-.377 0-.7.144-.97.43.026.028.11.11.255.25.144.14.24.236.29.29s.117.14.2.256c.087.117.146.232.177.344.03.112.046.236.046.37 0 .36-.126.666-.377.918a1.25 1.25 0 0 1-.918.377 1.4 1.4 0 0 1-.373-.047 1.062 1.062 0 0 1-.345-.175 2.268 2.268 0 0 1-.256-.2 6.815 6.815 0 0 1-.29-.29c-.14-.142-.223-.23-.25-.254-.297.28-.445.607-.445.984 0 .36.126.664.377.916l2.778 2.79c.243.243.548.364.917.364.36 0 .665-.118.917-.35l1.982-1.97c.252-.25.378-.55.378-.9zm-9.477-9.504c0-.36-.126-.665-.377-.917l-2.777-2.79a1.235 1.235 0 0 0-.913-.378c-.35 0-.656.12-.917.364L7.967 9.92c-.254.252-.38.553-.38.903 0 .36.126.665.38.917l2.802 2.804c.242.243.547.364.916.364.377 0 .7-.14.97-.418-.026-.027-.11-.11-.255-.25s-.24-.235-.29-.29a2.675 2.675 0 0 1-.2-.255 1.052 1.052 0 0 1-.176-.344 1.396 1.396 0 0 1-.047-.37c0-.36.126-.662.377-.914.252-.252.557-.377.917-.377.136 0 .26.015.37.046.114.03.23.09.346.175.117.085.202.153.256.2.054.05.15.148.29.29.14.146.222.23.25.258.294-.278.442-.606.442-.983zM27 21.177c0 1.078-.382 1.99-1.146 2.736l-1.982 1.968c-.745.75-1.658 1.12-2.736 1.12-1.087 0-2.004-.38-2.75-1.143l-2.777-2.79c-.75-.747-1.12-1.66-1.12-2.737 0-1.106.392-2.046 1.183-2.818l-1.186-1.185c-.774.79-1.708 1.186-2.805 1.186-1.078 0-1.995-.376-2.75-1.13l-2.803-2.81C5.377 12.82 5 11.903 5 10.826c0-1.08.382-1.993 1.146-2.738L8.128 6.12C8.873 5.372 9.785 5 10.864 5c1.087 0 2.004.382 2.75 1.146l2.777 2.79c.75.747 1.12 1.66 1.12 2.737 0 1.105-.392 2.045-1.183 2.817l1.186 1.186c.774-.79 1.708-1.186 2.805-1.186 1.078 0 1.995.377 2.75 1.132l2.804 2.804c.754.755 1.13 1.672 1.13 2.75z\"\/><\/svg><\/span><\/a><a aria-label=\"Facebook\" class=\"heateor_sss_facebook\" href=\"https:\/\/www.facebook.com\/sharer\/sharer.php?u=https%3A%2F%2Fendhomelessness.org%2Fes%2Fblog%2Frincon-del-director-ejecutivo-edicion-presupuestaria-semana-del-2-de-junio%2F\" title=\"Facebook\" rel=\"nofollow noopener\" target=\"_blank\" style=\"font-size:32px!important;box-shadow:none;display:inline-block;vertical-align:middle\"><span class=\"heateor_sss_svg\" style=\"background-color:#0765FE;width:35px;height:35px;border-radius:999px;display:inline-block;opacity:1;float:left;font-size:32px;box-shadow:none;display:inline-block;font-size:16px;padding:0 4px;vertical-align:middle;background-repeat:repeat;overflow:hidden;padding:0;cursor:pointer;box-sizing:content-box\"><svg style=\"display:block;border-radius:999px;\" focusable=\"false\" aria-hidden=\"true\" xmlns=\"http:\/\/www.w3.org\/2000\/svg\" width=\"100%\" height=\"100%\" viewBox=\"0 0 32 32\"><path fill=\"#fff\" d=\"M28 16c0-6.627-5.373-12-12-12S4 9.373 4 16c0 5.628 3.875 10.35 9.101 11.647v-7.98h-2.474V16H13.1v-1.58c0-4.085 1.849-5.978 5.859-5.978.76 0 2.072.15 2.608.298v3.325c-.283-.03-.775-.045-1.386-.045-1.967 0-2.728.745-2.728 2.683V16h3.92l-.673 3.667h-3.247v8.245C23.395 27.195 28 22.135 28 16Z\"><\/path><\/svg><\/span><\/a><a aria-label=\"Linkedin\" class=\"heateor_sss_button_linkedin\" href=\"https:\/\/www.linkedin.com\/sharing\/share-offsite\/?url=https%3A%2F%2Fendhomelessness.org%2Fes%2Fblog%2Frincon-del-director-ejecutivo-edicion-presupuestaria-semana-del-2-de-junio%2F\" title=\"Linkedin\" rel=\"nofollow noopener\" target=\"_blank\" style=\"font-size:32px!important;box-shadow:none;display:inline-block;vertical-align:middle\"><span class=\"heateor_sss_svg heateor_sss_s__default heateor_sss_s_linkedin\" style=\"background-color:#0077b5;width:35px;height:35px;border-radius:999px;display:inline-block;opacity:1;float:left;font-size:32px;box-shadow:none;display:inline-block;font-size:16px;padding:0 4px;vertical-align:middle;background-repeat:repeat;overflow:hidden;padding:0;cursor:pointer;box-sizing:content-box\"><svg style=\"display:block;border-radius:999px;\" focusable=\"false\" aria-hidden=\"true\" xmlns=\"http:\/\/www.w3.org\/2000\/svg\" width=\"100%\" height=\"100%\" viewBox=\"0 0 32 32\"><path d=\"M6.227 12.61h4.19v13.48h-4.19V12.61zm2.095-6.7a2.43 2.43 0 0 1 0 4.86c-1.344 0-2.428-1.09-2.428-2.43s1.084-2.43 2.428-2.43m4.72 6.7h4.02v1.84h.058c.56-1.058 1.927-2.176 3.965-2.176 4.238 0 5.02 2.792 5.02 6.42v7.395h-4.183v-6.56c0-1.564-.03-3.574-2.178-3.574-2.18 0-2.514 1.7-2.514 3.46v6.668h-4.187V12.61z\" fill=\"#fff\"><\/path><\/svg><\/span><\/a><a aria-label=\"X\" class=\"heateor_sss_button_x\" href=\"https:\/\/twitter.com\/intent\/tweet?text=Rinc%C3%B3n%20del%20Director%20Ejecutivo%2C%20edici%C3%B3n%20presupuestaria%3A%20semana%20del%202%20de%20junio&url=https%3A%2F%2Fendhomelessness.org%2Fes%2Fblog%2Frincon-del-director-ejecutivo-edicion-presupuestaria-semana-del-2-de-junio%2F\" title=\"X\" rel=\"nofollow noopener\" target=\"_blank\" style=\"font-size:32px!important;box-shadow:none;display:inline-block;vertical-align:middle\"><span class=\"heateor_sss_svg heateor_sss_s__default heateor_sss_s_x\" style=\"background-color:#2a2a2a;width:35px;height:35px;border-radius:999px;display:inline-block;opacity:1;float:left;font-size:32px;box-shadow:none;display:inline-block;font-size:16px;padding:0 4px;vertical-align:middle;background-repeat:repeat;overflow:hidden;padding:0;cursor:pointer;box-sizing:content-box\"><svg width=\"100%\" height=\"100%\" style=\"display:block;border-radius:999px;\" focusable=\"false\" aria-hidden=\"true\" xmlns=\"http:\/\/www.w3.org\/2000\/svg\" viewBox=\"0 0 32 32\"><path fill=\"#fff\" d=\"M21.751 7h3.067l-6.7 7.658L26 25.078h-6.172l-4.833-6.32-5.531 6.32h-3.07l7.167-8.19L6 7h6.328l4.37 5.777L21.75 7Zm-1.076 16.242h1.7L11.404 8.74H9.58l11.094 14.503Z\"><\/path><\/svg><\/span><\/a><\/div><div class=\"heateorSssClear\"><\/div><\/div>\n<\/div>\n<\/div>\n\n\n\n<div class=\"e-div e-div-1fb4d2c48d23fedb9f65d0640a94854888310c16 e-div--bi-topics\">\n<h2 class=\"wp-block-heading has-rich-black-color has-text-color has-link-color wp-elements-44c1bfb0524dc8fb9ce2265c6b67cbdf\" id=\"h-tags\">Etiquetas<\/h2>\n\n\n<div class=\"e-mtf e-mtf--dlt e-mtf--taxonomy e-mtf--taxonomy-blog-tags\"><\/div><\/div>\n\n\n\n<div class=\"e-div e-div-02d4b23fef6e108bcd6f73b07e9fe08121a9ff0d e-div--bi-related-post\"><style><\/style>\n<h2 class=\"wp-block-heading has-rich-black-color has-text-color has-link-color wp-elements-2dd9931ec2e2ed34bd2a545ead11f424\" id=\"h-related-posts\">Publicaciones relacionadas<\/h2>\n\n\n\n<div class=\"e-div e-div-557e62bd117c135dc32641f890e8494508d435f9\">\n<\/div>\n<\/div>\n<\/div>\n<\/div>\n<\/div>\n<\/div><\/section>\n\n<section class=\"e-stn e-stn-fecd9f248d71f1b43eea1791ae2aa16e613ea50d e-stn--subscription-form\"><div class=\"container\">\n<div class=\"wp-block-b3rg-row e-row row\">\n<div class=\"wp-block-b3rg-column e-col e-col-5e53f80929c6668a38540fba03c97241dc5f6888 e-col--left  col-sm-12 col-lg-6\">\n<h2 class=\"wp-block-heading has-pure-white-color has-text-color has-link-color wp-elements-cec0e497456012f6e859233bfca8aaa4\"><strong>Mant\u00e9ngase informado: Soluciones, historias y formas de generar impacto<\/strong><\/h2>\n\n\n\n<p>Reg\u00edstrese para recibir actualizaciones sobre el trabajo de la Alianza, incluyendo las \u00faltimas investigaciones, esfuerzos de promoci\u00f3n e historias reales de progreso \u2014 adem\u00e1s de formas en las que puede ayudar a impulsar un cambio duradero.<\/p>\n<\/div>\n\n\n\n<div class=\"wp-block-b3rg-column e-col e-col-117d0cb7e6b4934330c33fb3a4c7ee0ab7e9abd4 e-col--right e-col--email-cta-form-wrpr  col-sm-12 col-lg-6\">\n<div id=\"mc_embed_shell\">\n      <link href=\"\/\/cdn-images.mailchimp.com\/embedcode\/classic-061523.css\" rel=\"stylesheet\" type=\"text\/css\"\/>\n  <style type=\"text\/css\">\n        #mc_embed_signup{background:#fff; false;clear:left; font:14px Helvetica,Arial,sans-serif; width: 600px;}\n        \/* Add your own Mailchimp form style overrides in your site stylesheet or in this style block.\n           We recommend moving this block and the preceding CSS link to the HEAD of your HTML file. *\/\n<\/style>\n<div id=\"mc_embed_signup\">\n    <form action=\"https:\/\/endhomelessness.us9.list-manage.com\/subscribe\/post?u=466b34a51377a9504fb2ebd8f&#038;id=1cf64328bb&#038;f_id=00f7f2e0f0\" method=\"post\" id=\"mc-embedded-subscribe-form\" name=\"mc-embedded-subscribe-form\" class=\"validate\" target=\"_blank\">\n        <div id=\"mc_embed_signup_scroll\">\n            <div class=\"indicates-required\"><span class=\"asterisk\">*<\/span> indica campo obligatorio<\/div>\n            <div class=\"mc-field-group\"><label for=\"mce-EMAIL\">Direcci\u00f3n de correo electr\u00f3nico <span class=\"asterisk\">*<\/span><\/label><input type=\"email\" name=\"EMAIL\" class=\"required email\" id=\"mce-EMAIL\" required=\"\" value=\"\"\/><\/div><div class=\"mc-field-group input-group\"><strong>\u00bfC\u00f3mo deber\u00edamos comunicarnos con usted? <\/strong><ul><li><input type=\"checkbox\" name=\"group[17873][1]\" id=\"mce-group[17873]-17873-0\" value=\"\"\/><label for=\"mce-group[17873]-17873-0\">Deseo recibir semanalmente herramientas, recursos y noticias sobre la falta de vivienda<\/label><\/li><li><input type=\"checkbox\" name=\"group[17873][2]\" id=\"mce-group[17873]-17873-1\" value=\"\"\/><label for=\"mce-group[17873]-17873-1\">Deseo recibir noticias generales y actualizaciones sobre el trabajo de la Alianza<\/label><\/li><\/ul><\/div><div class=\"mc-field-group\"><label for=\"mce-FNAME\">Nombre <\/label><input type=\"text\" name=\"FNAME\" class=\" text\" id=\"mce-FNAME\" value=\"\"\/><\/div><div class=\"mc-field-group\"><label for=\"mce-LNAME\">Apellido <\/label><input type=\"text\" name=\"LNAME\" class=\" text\" id=\"mce-LNAME\" value=\"\"\/><\/div>\n<div hidden=\"\"><input type=\"hidden\" name=\"tags\" value=\"12777910\"\/><\/div>\n        <div id=\"mce-responses\" class=\"clear\">\n            <div class=\"response\" id=\"mce-error-response\" style=\"display: none;\"><\/div>\n            <div class=\"response\" id=\"mce-success-response\" style=\"display: none;\"><\/div>\n        <\/div><div aria-hidden=\"true\" style=\"position: absolute; left: -5000px;\"><input type=\"text\" name=\"b_466b34a51377a9504fb2ebd8f_1cf64328bb\" tabindex=\"-1\" value=\"\"\/><\/div><div class=\"clear\"><input type=\"submit\" name=\"subscribe\" id=\"mc-embedded-subscribe\" class=\"button\" value=\"Suscribirse\"\/><\/div>\n    <\/div>\n<\/form>\n<\/div>\n<script type=\"text\/javascript\" src=\"\/\/s3.amazonaws.com\/downloads.mailchimp.com\/js\/mc-validate.js\"><\/script><script type=\"text\/javascript\">(function($) {window.fnames = new Array(); window.ftypes = new Array();fnames[0]='EMAIL';ftypes[0]='email';fnames[1]='FNAME';ftypes[1]='text';fnames[2]='LNAME';ftypes[2]='text';fnames[12]='MMERGE12';ftypes[12]='zip';fnames[4]='MMERGE4';ftypes[4]='text';fnames[7]='CITY';ftypes[7]='text';fnames[8]='STATE';ftypes[8]='text';fnames[11]='MMERGE11';ftypes[11]='text';fnames[13]='MMERGE13';ftypes[13]='text';fnames[3]='MMERGE3';ftypes[3]='text';fnames[5]='MMERGE5';ftypes[5]='text';}(jQuery));var $mcj = jQuery.noConflict(true);<\/script><\/div>\n<\/div>\n<\/div>\n<\/div><\/section>\n","protected":false},"excerpt":{"rendered":"","protected":false},"author":49,"featured_media":14222,"template":"","meta":{"_acf_changed":false,"show_custom_date":false,"custom_date":"","featured":false,"featured_image":0,"learn_more_label":"","image_alt_text":"","learn_more_type":"","show_popup":false,"learn_more_link_file":0,"event_date":false,"event_start_date":"","event_end_date":"","place_holder_image_url":"","post_reading_time":"6","notification_enabled":false,"notification_text":"","notification_logo":"","notification_expiration_time":0,"is_enable_transparent_header":false,"hide_from_list_view":false,"selected_taxonomy_terms":{"blog-category":[],"blog-audience":[458,465,468],"blog-best-practice":[],"blog-key-issue":[472],"translation_priority":[66]},"selected_primary_terms":[],"learn_more_link":[],"featured_page_list":[],"notification_enabled_post_list":[],"_relevanssi_hide_post":"","_relevanssi_hide_content":"","_relevanssi_pin_for_all":"","_relevanssi_pin_keywords":"","_relevanssi_unpin_keywords":"","_relevanssi_related_keywords":"","_relevanssi_related_include_ids":"","_relevanssi_related_exclude_ids":"","_relevanssi_related_no_append":"","_relevanssi_related_not_related":"","_relevanssi_related_posts":"","_relevanssi_noindex_reason":"","inline_featured_image":false,"news_publication":"","footnotes":""},"blog-category":[],"blog-audience":[458,465,468],"blog-best-practice":[],"blog-key-issue":[472],"class_list":["post-20400","blog","type-blog","status-publish","has-post-thumbnail","hentry","blog-audience-legisladores-y-defensores","blog-audience-continuos-de-atencion","blog-audience-directores-y-gerentes-de-programas","blog-key-issue-financiacion-federal"],"acf":[],"yoast_head":"<!-- This site is optimized with the Yoast SEO Premium plugin v24.7 (Yoast SEO v27.4) - https:\/\/yoast.com\/product\/yoast-seo-premium-wordpress\/ -->\n<title>Rinc\u00f3n del Director Ejecutivo, edici\u00f3n presupuestaria: semana del 2 de junio - Alianza Nacional para Erradicar la Falta de Vivienda<\/title>\n<meta name=\"description\" content=\"The National Alliance to End Homelessness is a nonpartisan, nonprofit organization committed to preventing and ending homelessness in the United States.\" \/>\n<meta name=\"robots\" content=\"index, follow, max-snippet:-1, max-image-preview:large, max-video-preview:-1\" \/>\n<link rel=\"canonical\" href=\"https:\/\/endhomelessness.org\/es\/blog\/rincon-del-director-ejecutivo-edicion-presupuestaria-semana-del-2-de-junio\/\" \/>\n<meta property=\"og:locale\" content=\"es_ES\" \/>\n<meta property=\"og:type\" content=\"article\" \/>\n<meta property=\"og:title\" content=\"Rinc\u00f3n del Director Ejecutivo, edici\u00f3n presupuestaria: semana del 2 de junio\" \/>\n<meta property=\"og:description\" content=\"The National Alliance to End Homelessness is a nonpartisan, nonprofit organization committed to preventing and ending homelessness in the United States.\" \/>\n<meta property=\"og:url\" content=\"https:\/\/endhomelessness.org\/es\/blog\/rincon-del-director-ejecutivo-edicion-presupuestaria-semana-del-2-de-junio\/\" \/>\n<meta property=\"og:site_name\" content=\"Alianza Nacional para Erradicar la Falta de Vivienda\" \/>\n<meta property=\"article:publisher\" content=\"https:\/\/www.facebook.com\/naehomelessness\/\" \/>\n<meta property=\"article:modified_time\" content=\"2025-06-03T18:04:13+00:00\" \/>\n<meta property=\"og:image\" content=\"https:\/\/endhomelessness.org\/wp-content\/uploads\/2014\/01\/Frame-222.png\" \/>\n\t<meta property=\"og:image:width\" content=\"1068\" \/>\n\t<meta property=\"og:image:height\" content=\"684\" \/>\n\t<meta property=\"og:image:type\" content=\"image\/png\" \/>\n<meta name=\"twitter:card\" content=\"summary_large_image\" \/>\n<meta name=\"twitter:label1\" content=\"Tiempo de lectura\" \/>\n\t<meta name=\"twitter:data1\" content=\"8 minutos\" \/>\n<script type=\"application\/ld+json\" class=\"yoast-schema-graph\">{\"@context\":\"https:\\\/\\\/schema.org\",\"@graph\":[{\"@type\":\"WebPage\",\"@id\":\"https:\\\/\\\/endhomelessness.org\\\/es\\\/blog\\\/rincon-del-director-ejecutivo-edicion-presupuestaria-semana-del-2-de-junio\\\/\",\"url\":\"https:\\\/\\\/endhomelessness.org\\\/es\\\/blog\\\/rincon-del-director-ejecutivo-edicion-presupuestaria-semana-del-2-de-junio\\\/\",\"name\":\"Rinc\u00f3n del Director Ejecutivo, edici\u00f3n presupuestaria: semana del 2 de junio - Alianza Nacional para Erradicar la Falta de Vivienda\",\"isPartOf\":{\"@id\":\"https:\\\/\\\/endhomelessness.org\\\/es\\\/#website\"},\"primaryImageOfPage\":{\"@id\":\"https:\\\/\\\/endhomelessness.org\\\/es\\\/blog\\\/rincon-del-director-ejecutivo-edicion-presupuestaria-semana-del-2-de-junio\\\/#primaryimage\"},\"image\":{\"@id\":\"https:\\\/\\\/endhomelessness.org\\\/es\\\/blog\\\/rincon-del-director-ejecutivo-edicion-presupuestaria-semana-del-2-de-junio\\\/#primaryimage\"},\"thumbnailUrl\":\"https:\\\/\\\/endhomelessness.org\\\/wp-content\\\/uploads\\\/2014\\\/01\\\/Frame-222.png\",\"datePublished\":\"2025-06-03T18:02:29+00:00\",\"dateModified\":\"2025-06-03T18:04:13+00:00\",\"description\":\"The National Alliance to End Homelessness is a nonpartisan, nonprofit organization committed to preventing and ending homelessness in the United States.\",\"breadcrumb\":{\"@id\":\"https:\\\/\\\/endhomelessness.org\\\/es\\\/blog\\\/rincon-del-director-ejecutivo-edicion-presupuestaria-semana-del-2-de-junio\\\/#breadcrumb\"},\"inLanguage\":\"es\",\"potentialAction\":[{\"@type\":\"ReadAction\",\"target\":[\"https:\\\/\\\/endhomelessness.org\\\/es\\\/blog\\\/rincon-del-director-ejecutivo-edicion-presupuestaria-semana-del-2-de-junio\\\/\"]}]},{\"@type\":\"ImageObject\",\"inLanguage\":\"es\",\"@id\":\"https:\\\/\\\/endhomelessness.org\\\/es\\\/blog\\\/rincon-del-director-ejecutivo-edicion-presupuestaria-semana-del-2-de-junio\\\/#primaryimage\",\"url\":\"https:\\\/\\\/endhomelessness.org\\\/wp-content\\\/uploads\\\/2014\\\/01\\\/Frame-222.png\",\"contentUrl\":\"https:\\\/\\\/endhomelessness.org\\\/wp-content\\\/uploads\\\/2014\\\/01\\\/Frame-222.png\",\"width\":1068,\"height\":684,\"caption\":\"National Alliance to End Homelessness logo\"},{\"@type\":\"BreadcrumbList\",\"@id\":\"https:\\\/\\\/endhomelessness.org\\\/es\\\/blog\\\/rincon-del-director-ejecutivo-edicion-presupuestaria-semana-del-2-de-junio\\\/#breadcrumb\",\"itemListElement\":[{\"@type\":\"ListItem\",\"position\":1,\"name\":\"Inicio\",\"item\":\"https:\\\/\\\/endhomelessness.org\\\/es\\\/home-page-2-2-2\\\/\"},{\"@type\":\"ListItem\",\"position\":2,\"name\":\"Rinc\u00f3n del Director Ejecutivo, edici\u00f3n presupuestaria: semana del 2 de junio\"}]},{\"@type\":\"WebSite\",\"@id\":\"https:\\\/\\\/endhomelessness.org\\\/es\\\/#website\",\"url\":\"https:\\\/\\\/endhomelessness.org\\\/es\\\/\",\"name\":\"National Alliance to End Homelessness\",\"description\":\"Organizaci\u00f3n no partidista para prevenir y erradicar la falta de vivienda en EE.UU.\",\"publisher\":{\"@id\":\"https:\\\/\\\/endhomelessness.org\\\/es\\\/#organization\"},\"potentialAction\":[{\"@type\":\"SearchAction\",\"target\":{\"@type\":\"EntryPoint\",\"urlTemplate\":\"https:\\\/\\\/endhomelessness.org\\\/es\\\/?s={search_term_string}\"},\"query-input\":{\"@type\":\"PropertyValueSpecification\",\"valueRequired\":true,\"valueName\":\"search_term_string\"}}],\"inLanguage\":\"es\"},{\"@type\":\"Organization\",\"@id\":\"https:\\\/\\\/endhomelessness.org\\\/es\\\/#organization\",\"name\":\"Alianza Nacional para Erradicar la Falta de Vivienda\",\"url\":\"https:\\\/\\\/endhomelessness.org\\\/es\\\/\",\"logo\":{\"@type\":\"ImageObject\",\"inLanguage\":\"es\",\"@id\":\"https:\\\/\\\/endhomelessness.org\\\/es\\\/#\\\/schema\\\/logo\\\/image\\\/\",\"url\":\"https:\\\/\\\/endhomelessness.org\\\/wp-content\\\/uploads\\\/2024\\\/09\\\/logo-2.webp\",\"contentUrl\":\"https:\\\/\\\/endhomelessness.org\\\/wp-content\\\/uploads\\\/2024\\\/09\\\/logo-2.webp\",\"width\":687,\"height\":361,\"caption\":\"Alianza Nacional para Erradicar la Falta de Vivienda\"},\"image\":{\"@id\":\"https:\\\/\\\/endhomelessness.org\\\/es\\\/#\\\/schema\\\/logo\\\/image\\\/\"},\"sameAs\":[\"https:\\\/\\\/www.facebook.com\\\/naehomelessness\\\/\",\"https:\\\/\\\/www.youtube.com\\\/@EndingHomelessness\",\"https:\\\/\\\/www.linkedin.com\\\/company\\\/national-alliance-to-end-homelessness\\\/\",\"https:\\\/\\\/instagram.com\\\/naeh_endhomelessness\"]}]}<\/script>\n<!-- \/ Yoast SEO Premium plugin. -->","yoast_head_json":{"title":"Rinc\u00f3n del Director Ejecutivo, edici\u00f3n presupuestaria: semana del 2 de junio - Alianza Nacional para Erradicar la Falta de Vivienda","description":"The National Alliance to End Homelessness is a nonpartisan, nonprofit organization committed to preventing and ending homelessness in the United States.","robots":{"index":"index","follow":"follow","max-snippet":"max-snippet:-1","max-image-preview":"max-image-preview:large","max-video-preview":"max-video-preview:-1"},"canonical":"https:\/\/endhomelessness.org\/es\/blog\/rincon-del-director-ejecutivo-edicion-presupuestaria-semana-del-2-de-junio\/","og_locale":"es_ES","og_type":"article","og_title":"Rinc\u00f3n del Director Ejecutivo, edici\u00f3n presupuestaria: semana del 2 de junio","og_description":"The National Alliance to End Homelessness is a nonpartisan, nonprofit organization committed to preventing and ending homelessness in the United States.","og_url":"https:\/\/endhomelessness.org\/es\/blog\/rincon-del-director-ejecutivo-edicion-presupuestaria-semana-del-2-de-junio\/","og_site_name":"Alianza Nacional para Erradicar la Falta de Vivienda","article_publisher":"https:\/\/www.facebook.com\/naehomelessness\/","article_modified_time":"2025-06-03T18:04:13+00:00","og_image":[{"width":1068,"height":684,"url":"https:\/\/endhomelessness.org\/wp-content\/uploads\/2014\/01\/Frame-222.png","type":"image\/png"}],"twitter_card":"summary_large_image","twitter_misc":{"Tiempo de lectura":"8 minutos"},"schema":{"@context":"https:\/\/schema.org","@graph":[{"@type":"WebPage","@id":"https:\/\/endhomelessness.org\/es\/blog\/rincon-del-director-ejecutivo-edicion-presupuestaria-semana-del-2-de-junio\/","url":"https:\/\/endhomelessness.org\/es\/blog\/rincon-del-director-ejecutivo-edicion-presupuestaria-semana-del-2-de-junio\/","name":"Rinc\u00f3n del Director Ejecutivo, edici\u00f3n presupuestaria: semana del 2 de junio - Alianza Nacional para Erradicar la Falta de Vivienda","isPartOf":{"@id":"https:\/\/endhomelessness.org\/es\/#website"},"primaryImageOfPage":{"@id":"https:\/\/endhomelessness.org\/es\/blog\/rincon-del-director-ejecutivo-edicion-presupuestaria-semana-del-2-de-junio\/#primaryimage"},"image":{"@id":"https:\/\/endhomelessness.org\/es\/blog\/rincon-del-director-ejecutivo-edicion-presupuestaria-semana-del-2-de-junio\/#primaryimage"},"thumbnailUrl":"https:\/\/endhomelessness.org\/wp-content\/uploads\/2014\/01\/Frame-222.png","datePublished":"2025-06-03T18:02:29+00:00","dateModified":"2025-06-03T18:04:13+00:00","description":"The National Alliance to End Homelessness is a nonpartisan, nonprofit organization committed to preventing and ending homelessness in the United States.","breadcrumb":{"@id":"https:\/\/endhomelessness.org\/es\/blog\/rincon-del-director-ejecutivo-edicion-presupuestaria-semana-del-2-de-junio\/#breadcrumb"},"inLanguage":"es","potentialAction":[{"@type":"ReadAction","target":["https:\/\/endhomelessness.org\/es\/blog\/rincon-del-director-ejecutivo-edicion-presupuestaria-semana-del-2-de-junio\/"]}]},{"@type":"ImageObject","inLanguage":"es","@id":"https:\/\/endhomelessness.org\/es\/blog\/rincon-del-director-ejecutivo-edicion-presupuestaria-semana-del-2-de-junio\/#primaryimage","url":"https:\/\/endhomelessness.org\/wp-content\/uploads\/2014\/01\/Frame-222.png","contentUrl":"https:\/\/endhomelessness.org\/wp-content\/uploads\/2014\/01\/Frame-222.png","width":1068,"height":684,"caption":"National Alliance to End Homelessness logo"},{"@type":"BreadcrumbList","@id":"https:\/\/endhomelessness.org\/es\/blog\/rincon-del-director-ejecutivo-edicion-presupuestaria-semana-del-2-de-junio\/#breadcrumb","itemListElement":[{"@type":"ListItem","position":1,"name":"Inicio","item":"https:\/\/endhomelessness.org\/es\/home-page-2-2-2\/"},{"@type":"ListItem","position":2,"name":"Rinc\u00f3n del Director Ejecutivo, edici\u00f3n presupuestaria: semana del 2 de junio"}]},{"@type":"WebSite","@id":"https:\/\/endhomelessness.org\/es\/#website","url":"https:\/\/endhomelessness.org\/es\/","name":"National Alliance to End Homelessness","description":"Organizaci\u00f3n no partidista para prevenir y erradicar la falta de vivienda en EE.UU.","publisher":{"@id":"https:\/\/endhomelessness.org\/es\/#organization"},"potentialAction":[{"@type":"SearchAction","target":{"@type":"EntryPoint","urlTemplate":"https:\/\/endhomelessness.org\/es\/?s={search_term_string}"},"query-input":{"@type":"PropertyValueSpecification","valueRequired":true,"valueName":"search_term_string"}}],"inLanguage":"es"},{"@type":"Organization","@id":"https:\/\/endhomelessness.org\/es\/#organization","name":"Alianza Nacional para Erradicar la Falta de Vivienda","url":"https:\/\/endhomelessness.org\/es\/","logo":{"@type":"ImageObject","inLanguage":"es","@id":"https:\/\/endhomelessness.org\/es\/#\/schema\/logo\/image\/","url":"https:\/\/endhomelessness.org\/wp-content\/uploads\/2024\/09\/logo-2.webp","contentUrl":"https:\/\/endhomelessness.org\/wp-content\/uploads\/2024\/09\/logo-2.webp","width":687,"height":361,"caption":"Alianza Nacional para Erradicar la Falta de Vivienda"},"image":{"@id":"https:\/\/endhomelessness.org\/es\/#\/schema\/logo\/image\/"},"sameAs":["https:\/\/www.facebook.com\/naehomelessness\/","https:\/\/www.youtube.com\/@EndingHomelessness","https:\/\/www.linkedin.com\/company\/national-alliance-to-end-homelessness\/","https:\/\/instagram.com\/naeh_endhomelessness"]}]}},"_links":{"self":[{"href":"https:\/\/endhomelessness.org\/es\/wp-json\/wp\/v2\/blog\/20400","targetHints":{"allow":["GET"]}}],"collection":[{"href":"https:\/\/endhomelessness.org\/es\/wp-json\/wp\/v2\/blog"}],"about":[{"href":"https:\/\/endhomelessness.org\/es\/wp-json\/wp\/v2\/types\/blog"}],"author":[{"embeddable":true,"href":"https:\/\/endhomelessness.org\/es\/wp-json\/wp\/v2\/users\/49"}],"version-history":[{"count":0,"href":"https:\/\/endhomelessness.org\/es\/wp-json\/wp\/v2\/blog\/20400\/revisions"}],"wp:featuredmedia":[{"embeddable":true,"href":"https:\/\/endhomelessness.org\/es\/wp-json\/wp\/v2\/media\/14222"}],"wp:attachment":[{"href":"https:\/\/endhomelessness.org\/es\/wp-json\/wp\/v2\/media?parent=20400"}],"wp:term":[{"taxonomy":"blog-category","embeddable":true,"href":"https:\/\/endhomelessness.org\/es\/wp-json\/wp\/v2\/blog-category?post=20400"},{"taxonomy":"blog-audience","embeddable":true,"href":"https:\/\/endhomelessness.org\/es\/wp-json\/wp\/v2\/blog-audience?post=20400"},{"taxonomy":"blog-best-practice","embeddable":true,"href":"https:\/\/endhomelessness.org\/es\/wp-json\/wp\/v2\/blog-best-practice?post=20400"},{"taxonomy":"blog-key-issue","embeddable":true,"href":"https:\/\/endhomelessness.org\/es\/wp-json\/wp\/v2\/blog-key-issue?post=20400"}],"curies":[{"name":"wp","href":"https:\/\/api.w.org\/{rel}","templated":true}]}}