{"id":21023,"date":"2025-07-08T15:22:35","date_gmt":"2025-07-08T19:22:35","guid":{"rendered":"https:\/\/endhomelessness.org\/blog\/rincon-del-director-ejecutivo-semana-del-7-de-julio\/"},"modified":"2025-07-09T13:02:06","modified_gmt":"2025-07-09T17:02:06","slug":"rincon-del-director-ejecutivo-semana-del-7-de-julio","status":"publish","type":"blog","link":"https:\/\/endhomelessness.org\/es\/blog\/ceo-corner-week-of-july-7\/","title":{"rendered":"Rinc\u00f3n del director ejecutivo: semana del 7 de julio"},"content":{"rendered":"\n<section class=\"e-stn e-stn-849454e81f49c3e0996f0535d1fbe2e2a28a7f38 e-stn--bi-banner e-stn--blog-inner-banner e-mt-0\"><div class=\"container\">\n<div class=\"wp-block-b3rg-row e-row row\">\n<div class=\"wp-block-b3rg-column e-col e-col-91b2a281f1eebbf914649cf1a26a47ed2705bac9 e-col--blog-inner-banner-content-wrpr  col-sm-12 col-lg-6\">\n<div class=\"e-div e-div-839cbe8f6e018dc7e955381f3e384d2c27672e4b e-div--blog-inner-post-type-tag\"><span>BLOG<\/span>\n<\/div>\n\n\n<div class=\"e-mtf e-mtf--dlt  e-mtf--post-date\">Abr 26, 2026<\/div>\n\n\n<h1 class=\"wp-block-heading\" id=\"h-ceo-corner-week-of-july-7\">Rinc\u00f3n del director ejecutivo:<br\/>semana del 7 de julio<\/h1>\n\n\n\n<div class=\"e-div e-div-3feadf93b0e32733e24997c3fb1117746e9f09bb e-div--bi-read-time\"><div class=\"e-mtf e-mtf--dlt  e-mtf--author-with-link\"><a href=\"https:\/\/endhomelessness.org\/es\/author\/aoliva\/\" class=\"post-author-url\">\n    <div class=\"post-author\">            <div class=\"post-author__content\">\n                <p class=\"post-author__name\">Ann Oliva<\/p>\n            <\/div>\n        <\/div>\n    <\/a><\/div>\n\n\n<div class=\"e-div e-div-557e62bd117c135dc32641f890e8494508d435f9\"><div class=\"e-mtf e-mtf--dlt  e-mtf--post-reading-time\"><div class=\"post-reading-time\"><span class=\"reading-time__time\">4<\/span> <span class=\"post-reading-time__label postfix\">min<\/span><\/div><\/div><\/div>\n<\/div>\n<\/div>\n\n\n\n<div class=\"wp-block-b3rg-column e-col e-col-81b626ca4373c287d7192790467945fd7a7f7a7c e-col--blog-inner-banner-media-wrpr  col-sm-12 col-lg-6\"><figure class=\"wp-block-post-featured-image\"><img decoding=\"async\" src=\"https:\/\/endhomelessness.org\/wp-content\/uploads\/2025\/03\/shutterstock_674041957-scaled-e1742329543980.jpg\" class=\"attachment-post-thumbnail size-post-thumbnail wp-post-image\" alt=\"washington dc\" style=\"object-fit:cover;\" \/><\/figure><\/div>\n<\/div>\n<\/div><\/section>\n\n<section class=\"e-stn e-stn-c56641d9ef1501d00becad820de897cdddda74f8 e-stn--bi-content-with-media-section e-mt-0 e-pt-120  e-pt-sm-50 e-pb-60\"><div class=\"container\">\n<div class=\"wp-block-b3rg-row e-row row\">\n<div class=\"wp-block-b3rg-column e-col e-col-b6fcb39014cc55ca3861f29a75045c7515c65dde e-col--bi-content-with-media-section-content-wrapper e-col--blog-inner-contents  col-sm-12 col-lg-9\">\n<p>La semana pasada, casi 2000 de ustedes se unieron a la Alianza en la <strong>Conferencia Nacional sobre la Erradicaci\u00f3n de la Indigencia de 2025<\/strong> en Washington, D.C. Como siempre, fue poderoso estar en comunidad con tantas personas luchando la misma batalla. Casi la mitad de los asistentes se unieron a nosotros por primera vez, lo cual fue incre\u00edble de presenciar. <\/p>\n\n\n\n<p>Algo cambi\u00f3 desde la \u00faltima vez que nos reunimos en marzo: la gente est\u00e1 lista para elaborar estrategias y oponerse a las pol\u00edticas perjudiciales que est\u00e1n adoptando y proponiendo la Administraci\u00f3n y el Congreso. Esperamos que todos hayan salido de D.C. listos para tomar medidas en casa. <\/p>\n\n\n\n<h2 class=\"wp-block-heading\" id=\"h-budget-update\"><strong>Actualizaci\u00f3n del presupuesto<\/strong><\/h2>\n\n\n\n<h3 class=\"wp-block-heading\" id=\"h-reconciliation\">Reconciliaci\u00f3n<\/h3>\n\n\n\n<p>La semana pasada, <a href=\"https:\/\/endhomelessness.org\/es\/media\/news-releases\/national-alliance-to-end-homelessness-statement-on-president-trumps-budget-bill\/\" target=\"_blank\" rel=\"noreferrer noopener\">el Congreso aprob\u00f3 el \u201cmegaproyecto de ley\u201d<\/a> del Presidente, que reducir\u00e1 los recursos federales para la atenci\u00f3n m\u00e9dica, incluyendo un recorte estimado de 1,1 billones de d\u00f3lares a Medicaid. Tambi\u00e9n ampliar\u00e1 los requisitos de trabajo, aumentando los obst\u00e1culos burocr\u00e1ticos para las familias y poniendo a a\u00fan m\u00e1s hogares en riesgo de perder la cobertura de atenci\u00f3n m\u00e9dica que necesitan. <\/p>\n\n\n\n<p>Adem\u00e1s, millones de personas, incluyendo ni\u00f1os, adultos mayores y veteranos, perder\u00e1n la asistencia alimentaria en un momento en que los costos de los alimentos est\u00e1n aumentando. Lo m\u00e1s decepcionante es que las exenciones tan duramente ganadas sobre los requisitos de trabajo para las personas sin hogar tambi\u00e9n se eliminaron en el proyecto de ley final. <\/p>\n\n\n\n<p>Sin duda, la implementaci\u00f3n de este proyecto de ley tendr\u00e1 resultados desproporcionadamente perjudiciales para las personas de color y otras comunidades marginadas. La Alianza planea trabajar estrechamente con los estados a medida que consideren la implementaci\u00f3n, de modo que el da\u00f1o para las personas sin hogar se minimice en la medida de lo posible. <\/p>\n\n\n\n<h3 class=\"wp-block-heading\" id=\"h-fy2026-appropriations\">Apropiaciones del a\u00f1o fiscal 2026<\/h3>\n\n\n\n<p>Existe mucha confusi\u00f3n entre el proyecto de ley que el Congreso aprob\u00f3 la semana pasada y la financiaci\u00f3n anual para los programas de vivienda asequible y para personas sin hogar de HUD. Los proyectos de ley de conciliaci\u00f3n presupuestaria, como el \u201cmegaproyecto de ley\u201d del Presidente, generalmente se ocupan de los impuestos y los programas de gasto obligatorio como Medicare, Medicaid y SNAP. Los programas de HUD se financian a trav\u00e9s del proceso de asignaciones anuales.  <\/p>\n\n\n\n<p>Las devastadoras y radicales propuestas para los programas de subvenciones de asistencia para personas sin hogar de HUD incluidas en la solicitud de presupuesto del a\u00f1o fiscal 2026 del Presidente no se incluyeron en el proyecto de ley de conciliaci\u00f3n aprobado la semana pasada; en cambio, son consideradas por los subcomit\u00e9s de Transporte-Vivienda y Desarrollo Urbano (THUD) de la C\u00e1mara de Representantes y del Senado, que determinan el presupuesto anual de HUD. Es importante recordar que el Congreso no tiene ninguna obligaci\u00f3n de adoptar ninguna de las propuestas incluidas en la solicitud del Presidente, a las que la Alianza se opone firmemente y que tambi\u00e9n han suscitado preocupaci\u00f3n bipartidista en el Congreso.<\/p>\n\n\n\n<p>Los subcomit\u00e9s de THUD est\u00e1n trabajando arduamente en el desarrollo de los proyectos de ley iniciales para HUD; se espera que la C\u00e1mara de Representantes tenga su proceso de revisi\u00f3n inicial la pr\u00f3xima semana. Esto nos dar\u00e1 la primera visi\u00f3n de lo que est\u00e1 sobre la mesa. <\/p>\n\n\n\n<p>La lucha para influir en el proceso de asignaciones del a\u00f1o fiscal 2026 apenas est\u00e1 comenzando. Utilice los <a href=\"https:\/\/endhomelessness.org\/es\/financiamiento-federal-para-programas-de-lucha-contra-la-falta-de-vivienda\/serie-de-recursos-sobre-el-presupuesto-federal-para-el-ano-fiscal-2026\/\" target=\"_blank\" rel=\"noreferrer noopener\">materiales y herramientas de la Alianza<\/a> para contactar a sus miembros del Congreso a menudo sobre por qu\u00e9 las propuestas del Presidente ser\u00edan perjudiciales para las personas sin hogar y cu\u00e1l ser\u00eda una propuesta de presupuesto m\u00e1s razonable. Tambi\u00e9n podr\u00eda comenzar a planificar oportunidades para <a href=\"https:\/\/endhomelessness.org\/es\/blog\/rincon-del-director-ejecutivo-semana-del-16-de-junio\/\" target=\"_blank\" rel=\"noreferrer noopener\">abogar cuando sus miembros est\u00e9n en casa<\/a> para el receso de verano.  <\/p>\n\n\n\n<h2 class=\"wp-block-heading\" id=\"h-fy2025-coc-program-competition\"><strong>Concurso del programa CoC del a\u00f1o fiscal 2025<\/strong><\/h2>\n\n\n\n<p>En las \u00faltimas semanas, la Alianza estaba preocupada por la posibilidad de un nuevo Aviso de Oportunidad de Financiamiento (NOFO) para el a\u00f1o fiscal 2025, ignorando el proceso NOFO de dos a\u00f1os que fue autorizado por el Congreso y anunciado por HUD en el a\u00f1o fiscal 2024. A finales de la semana pasada, HUD envi\u00f3 una comunicaci\u00f3n a los CoC y a los beneficiarios de la financiaci\u00f3n de CoC notific\u00e1ndoles que HUD est\u00e1, de hecho, planeando publicar un NOFO para los premios del Programa CoC del a\u00f1o fiscal 2025 que se centrar\u00e1 en \u201cel tratamiento y la recuperaci\u00f3n, la reducci\u00f3n de la falta de vivienda sin refugio, la reducci\u00f3n de los retornos a la falta de vivienda y el aumento de los ingresos obtenidos de los participantes.\u201d <\/p>\n\n\n\n<p>Si bien ahora se confirma que HUD tiene la intenci\u00f3n de llevar a cabo un nuevo concurso para los fondos del a\u00f1o fiscal 2025, debemos seguir presionando al Congreso (especialmente a los l\u00edderes de los subcomit\u00e9s de THUD en la C\u00e1mara de Representantes y el Senado) para que insten a HUD a honrar el NOFO de 2 a\u00f1os que el Congreso autoriz\u00f3 en el a\u00f1o fiscal 2024. Cualquier alternativa, particularmente un concurso con cambios significativos, ser\u00eda perjudicial para los CoC que ya pasaron por un proceso de planificaci\u00f3n de 2 a\u00f1os y, por lo tanto, no tienen la capacidad para un nuevo proceso competitivo. <\/p>\n\n\n\n<p>La Alianza est\u00e1 observando este desarrollo de cerca y continuar\u00e1 manteniendo al tanto de los acontecimientos.<\/p>\n\n\n\n<p>A pesar de los desaf\u00edos actuales de este momento, espero que todos los que pudieron asistir a la conferencia de este a\u00f1o hayan podido regresar a sus comunidades con la energ\u00eda de las sesiones a las que asistieron y las personas con las que se conectaron. <em>(S\u00e9 que yo s\u00ed).<\/em><\/p>\n\n\n\n<p>En un momento como este, cuando necesitamos toda la ayuda posible, estoy incre\u00edblemente agradecido por la pasi\u00f3n y la dedicaci\u00f3n de este campo.<\/p>\n\n\n\n<p>En nombre de todo el personal de la Alianza, gracias por todo lo que hacen. <\/p>\n<\/div>\n\n\n\n<div class=\"wp-block-b3rg-column e-col e-col-1bad2bb1301648438cb2ed0700e7ae206906d971 e-col--bi-right-side e-col--blog-inner-related-posts  col-sm-12 col-lg-3\">\n<div class=\"e-div e-div-aa0bd466f4aeede04dc8da3bd7352029542d2eb2 e-div--js-bi-sticky-left\">\n<div class=\"e-div e-div-ee3d7e421c95ad8dfd4a4a7ba8a705d9d1314334 e-div--bi-social-icons\">\n<div class=\"e-div e-div-afd662dcbf1b8539fd511c7304083e31dd498592 e-div--social-share-tooltip\"><div class=\"heateor_sss_sharing_container heateor_sss_horizontal_sharing\" data-heateor-ss-offset=\"0\" data-heateor-sss-href='https:\/\/endhomelessness.org\/es\/blog\/ceo-corner-week-of-july-7\/'><div class=\"heateor_sss_sharing_ul\"><a aria-label=\"Copy Link\" class=\"heateor_sss_button_copy_link\" title=\"Copy Link\" rel=\"noopener\" href=\"https:\/\/endhomelessness.org\/es\/blog\/ceo-corner-week-of-july-7\/\" onclick=\"event.preventDefault()\" style=\"font-size:32px!important;box-shadow:none;display:inline-block;vertical-align:middle\"><span class=\"heateor_sss_svg heateor_sss_s__default heateor_sss_s_copy_link\" style=\"background-color:#ffc112;width:35px;height:35px;border-radius:999px;display:inline-block;opacity:1;float:left;font-size:32px;box-shadow:none;display:inline-block;font-size:16px;padding:0 4px;vertical-align:middle;background-repeat:repeat;overflow:hidden;padding:0;cursor:pointer;box-sizing:content-box\"><svg style=\"display:block;border-radius:999px;\" focusable=\"false\" aria-hidden=\"true\" xmlns=\"http:\/\/www.w3.org\/2000\/svg\" width=\"100%\" height=\"100%\" viewBox=\"-4 -4 40 40\"><path fill=\"#fff\" d=\"M24.412 21.177c0-.36-.126-.665-.377-.917l-2.804-2.804a1.235 1.235 0 0 0-.913-.378c-.377 0-.7.144-.97.43.026.028.11.11.255.25.144.14.24.236.29.29s.117.14.2.256c.087.117.146.232.177.344.03.112.046.236.046.37 0 .36-.126.666-.377.918a1.25 1.25 0 0 1-.918.377 1.4 1.4 0 0 1-.373-.047 1.062 1.062 0 0 1-.345-.175 2.268 2.268 0 0 1-.256-.2 6.815 6.815 0 0 1-.29-.29c-.14-.142-.223-.23-.25-.254-.297.28-.445.607-.445.984 0 .36.126.664.377.916l2.778 2.79c.243.243.548.364.917.364.36 0 .665-.118.917-.35l1.982-1.97c.252-.25.378-.55.378-.9zm-9.477-9.504c0-.36-.126-.665-.377-.917l-2.777-2.79a1.235 1.235 0 0 0-.913-.378c-.35 0-.656.12-.917.364L7.967 9.92c-.254.252-.38.553-.38.903 0 .36.126.665.38.917l2.802 2.804c.242.243.547.364.916.364.377 0 .7-.14.97-.418-.026-.027-.11-.11-.255-.25s-.24-.235-.29-.29a2.675 2.675 0 0 1-.2-.255 1.052 1.052 0 0 1-.176-.344 1.396 1.396 0 0 1-.047-.37c0-.36.126-.662.377-.914.252-.252.557-.377.917-.377.136 0 .26.015.37.046.114.03.23.09.346.175.117.085.202.153.256.2.054.05.15.148.29.29.14.146.222.23.25.258.294-.278.442-.606.442-.983zM27 21.177c0 1.078-.382 1.99-1.146 2.736l-1.982 1.968c-.745.75-1.658 1.12-2.736 1.12-1.087 0-2.004-.38-2.75-1.143l-2.777-2.79c-.75-.747-1.12-1.66-1.12-2.737 0-1.106.392-2.046 1.183-2.818l-1.186-1.185c-.774.79-1.708 1.186-2.805 1.186-1.078 0-1.995-.376-2.75-1.13l-2.803-2.81C5.377 12.82 5 11.903 5 10.826c0-1.08.382-1.993 1.146-2.738L8.128 6.12C8.873 5.372 9.785 5 10.864 5c1.087 0 2.004.382 2.75 1.146l2.777 2.79c.75.747 1.12 1.66 1.12 2.737 0 1.105-.392 2.045-1.183 2.817l1.186 1.186c.774-.79 1.708-1.186 2.805-1.186 1.078 0 1.995.377 2.75 1.132l2.804 2.804c.754.755 1.13 1.672 1.13 2.75z\"\/><\/svg><\/span><\/a><a aria-label=\"Facebook\" class=\"heateor_sss_facebook\" href=\"https:\/\/www.facebook.com\/sharer\/sharer.php?u=https%3A%2F%2Fendhomelessness.org%2Fes%2Fblog%2Fceo-corner-week-of-july-7%2F\" title=\"Facebook\" rel=\"nofollow noopener\" target=\"_blank\" style=\"font-size:32px!important;box-shadow:none;display:inline-block;vertical-align:middle\"><span class=\"heateor_sss_svg\" style=\"background-color:#0765FE;width:35px;height:35px;border-radius:999px;display:inline-block;opacity:1;float:left;font-size:32px;box-shadow:none;display:inline-block;font-size:16px;padding:0 4px;vertical-align:middle;background-repeat:repeat;overflow:hidden;padding:0;cursor:pointer;box-sizing:content-box\"><svg style=\"display:block;border-radius:999px;\" focusable=\"false\" aria-hidden=\"true\" xmlns=\"http:\/\/www.w3.org\/2000\/svg\" width=\"100%\" height=\"100%\" viewBox=\"0 0 32 32\"><path fill=\"#fff\" d=\"M28 16c0-6.627-5.373-12-12-12S4 9.373 4 16c0 5.628 3.875 10.35 9.101 11.647v-7.98h-2.474V16H13.1v-1.58c0-4.085 1.849-5.978 5.859-5.978.76 0 2.072.15 2.608.298v3.325c-.283-.03-.775-.045-1.386-.045-1.967 0-2.728.745-2.728 2.683V16h3.92l-.673 3.667h-3.247v8.245C23.395 27.195 28 22.135 28 16Z\"><\/path><\/svg><\/span><\/a><a aria-label=\"Linkedin\" class=\"heateor_sss_button_linkedin\" href=\"https:\/\/www.linkedin.com\/sharing\/share-offsite\/?url=https%3A%2F%2Fendhomelessness.org%2Fes%2Fblog%2Fceo-corner-week-of-july-7%2F\" title=\"Linkedin\" rel=\"nofollow noopener\" target=\"_blank\" style=\"font-size:32px!important;box-shadow:none;display:inline-block;vertical-align:middle\"><span class=\"heateor_sss_svg heateor_sss_s__default heateor_sss_s_linkedin\" style=\"background-color:#0077b5;width:35px;height:35px;border-radius:999px;display:inline-block;opacity:1;float:left;font-size:32px;box-shadow:none;display:inline-block;font-size:16px;padding:0 4px;vertical-align:middle;background-repeat:repeat;overflow:hidden;padding:0;cursor:pointer;box-sizing:content-box\"><svg style=\"display:block;border-radius:999px;\" focusable=\"false\" aria-hidden=\"true\" xmlns=\"http:\/\/www.w3.org\/2000\/svg\" width=\"100%\" height=\"100%\" viewBox=\"0 0 32 32\"><path d=\"M6.227 12.61h4.19v13.48h-4.19V12.61zm2.095-6.7a2.43 2.43 0 0 1 0 4.86c-1.344 0-2.428-1.09-2.428-2.43s1.084-2.43 2.428-2.43m4.72 6.7h4.02v1.84h.058c.56-1.058 1.927-2.176 3.965-2.176 4.238 0 5.02 2.792 5.02 6.42v7.395h-4.183v-6.56c0-1.564-.03-3.574-2.178-3.574-2.18 0-2.514 1.7-2.514 3.46v6.668h-4.187V12.61z\" fill=\"#fff\"><\/path><\/svg><\/span><\/a><a aria-label=\"X\" class=\"heateor_sss_button_x\" href=\"https:\/\/twitter.com\/intent\/tweet?text=Rinc%C3%B3n%20del%20director%20ejecutivo%3A%20semana%20del%207%20de%20julio&url=https%3A%2F%2Fendhomelessness.org%2Fes%2Fblog%2Fceo-corner-week-of-july-7%2F\" title=\"X\" rel=\"nofollow noopener\" target=\"_blank\" style=\"font-size:32px!important;box-shadow:none;display:inline-block;vertical-align:middle\"><span class=\"heateor_sss_svg heateor_sss_s__default heateor_sss_s_x\" style=\"background-color:#2a2a2a;width:35px;height:35px;border-radius:999px;display:inline-block;opacity:1;float:left;font-size:32px;box-shadow:none;display:inline-block;font-size:16px;padding:0 4px;vertical-align:middle;background-repeat:repeat;overflow:hidden;padding:0;cursor:pointer;box-sizing:content-box\"><svg width=\"100%\" height=\"100%\" style=\"display:block;border-radius:999px;\" focusable=\"false\" aria-hidden=\"true\" xmlns=\"http:\/\/www.w3.org\/2000\/svg\" viewBox=\"0 0 32 32\"><path fill=\"#fff\" d=\"M21.751 7h3.067l-6.7 7.658L26 25.078h-6.172l-4.833-6.32-5.531 6.32h-3.07l7.167-8.19L6 7h6.328l4.37 5.777L21.75 7Zm-1.076 16.242h1.7L11.404 8.74H9.58l11.094 14.503Z\"><\/path><\/svg><\/span><\/a><\/div><div class=\"heateorSssClear\"><\/div><\/div>\n<\/div>\n<\/div>\n\n\n\n<div class=\"e-div e-div-1fb4d2c48d23fedb9f65d0640a94854888310c16 e-div--bi-topics\">\n<h2 class=\"wp-block-heading has-rich-black-color has-text-color has-link-color wp-elements-44c1bfb0524dc8fb9ce2265c6b67cbdf\" id=\"h-tags\">Etiquetas<\/h2>\n\n\n<div class=\"e-mtf e-mtf--dlt e-mtf--taxonomy e-mtf--taxonomy-blog-tags\"><\/div><\/div>\n\n\n\n<div class=\"e-div e-div-fec75b8784b7a33dd1ec1cff6cfc0c97d1c3de2b e-div--bi-related-post\"><style><\/style>\n<h2 class=\"wp-block-heading has-rich-black-color has-text-color has-link-color wp-elements-2dd9931ec2e2ed34bd2a545ead11f424\" id=\"h-related-posts\">Publicaciones relacionadas<\/h2>\n\n\n\n<div class=\"e-div e-div-557e62bd117c135dc32641f890e8494508d435f9\">\n<\/div>\n<\/div>\n<\/div>\n<\/div>\n<\/div>\n<\/div><\/section>\n\n<section class=\"e-stn e-stn-89fb010dc551d9f97fabc06e8075979b266369b4 e-stn--related-post e-mt-60  e-mt-sm-0\"><style>@media only screen and (max-width: 9999px) {\n\t\t\t\t\t\t\t\t\t.e-stn.e-stn-89fb010dc551d9f97fabc06e8075979b266369b4 { \n\t\t\t\t\t\t\t\t\t\tbackground-color: #F3F8FC; \n\t\t\t\t\t\t\t\t\t}\n\t\t\t\t\t\t\t\t}<\/style><div class=\"container\">\n<div class=\"wp-block-b3rg-row e-row row e-row--title-with-description\">\n<div class=\"wp-block-b3rg-column e-col e-col-ace831841ae6ba6894718dbe446538456bed6c8a  col-sm-12\">\n<h2 class=\"wp-block-heading has-text-align-center\" id=\"h-you-might-also-be-interested-in\">Tambi\u00e9n le podr\u00eda interesar<\/h2>\n<\/div>\n<\/div>\n\n\n\n<div class=\"wp-block-b3rg-row e-row row\">\n<div class=\"wp-block-b3rg-column e-col e-col-ace831841ae6ba6894718dbe446538456bed6c8a  col-sm-12\"><div class=\"e-rlp e-rlp--dlt\" > <div class=\"e-sgp taxonomy-opcional taxonomy-legisladores-y-defensores taxonomy-continuos-de-atencion taxonomy-directores-y-gerentes-de-programas taxonomy-financiacion-federal e-sgp--dlt  wrapper-link\" > <a class=\"b3rg-post__trigger\" href='https:\/\/endhomelessness.org\/es\/blog\/rincon-del-director-ejecutivo-edicion-presupuestaria-semana-del-2-de-junio\/' target='_self'><div class=\"e-sgp__inner\">\n<div class=\"e-div e-div-1ae4fe23c011f868e057859fb2d119d2e6b61229 e-sgp__media\"><figure class=\"wp-block-post-featured-image\"><img loading=\"lazy\" decoding=\"async\" width=\"1068\" height=\"684\" src=\"https:\/\/endhomelessness.org\/wp-content\/uploads\/2014\/01\/Frame-222.png\" class=\"attachment-post-thumbnail size-post-thumbnail wp-post-image default-featured-img\" alt=\"National Alliance to End Homelessness logo\" style=\"object-fit:cover;\" srcset=\"https:\/\/endhomelessness.org\/wp-content\/uploads\/2014\/01\/Frame-222.png 1068w, https:\/\/endhomelessness.org\/wp-content\/uploads\/2014\/01\/Frame-222-300x192.png 300w, https:\/\/endhomelessness.org\/wp-content\/uploads\/2014\/01\/Frame-222-1024x656.png 1024w, https:\/\/endhomelessness.org\/wp-content\/uploads\/2014\/01\/Frame-222-768x492.png 768w, https:\/\/endhomelessness.org\/wp-content\/uploads\/2014\/01\/Frame-222-575x368.png 575w\" sizes=\"auto, (max-width: 1068px) 100vw, 1068px\" \/><\/figure><\/div>\n\n<div class=\"e-div e-div-4d30b901071458efa84e26a6be39dd75970353ae e-sgp__content\">\n<div class=\"e-div e-div-557e62bd117c135dc32641f890e8494508d435f9\"><div class=\"wp-block-post-date\"><time datetime=\"2025-06-03T14:02:29-04:00\">3 de junio de 2025<\/time><\/div>\n\n\n<div class=\"e-div e-div-557e62bd117c135dc32641f890e8494508d435f9\"><div class=\"e-mtf e-mtf--dlt  e-mtf--post-reading-time\"><div class=\"post-reading-time\"><span class=\"reading-time__time\">6<\/span> <span class=\"post-reading-time__label postfix\">min<\/span><\/div><\/div><\/div>\n<\/div>\n\n\n<div class=\"e-mtf e-mtf--dlt  e-mtf--author-details\"><div class=\"post-author\"><div class=\"post-author__avatar\"><img decoding=\"async\" src=\"https:\/\/secure.gravatar.com\/avatar\/ea86b2b9f946d9233bda9c93f5134672349f8d7d350c75901efd5845c144a57d?s=96&#038;d=mm&#038;r=g\" alt=\"\"\/><\/div>                        <div class=\"post-author__content\">\n                            <p class=\"post-author__name\">Ann Oliva<\/p>\n                        <\/div><\/div><\/div>\n\n<h2 class=\"wp-block-post-title\">Rinc\u00f3n del Director Ejecutivo, edici\u00f3n presupuestaria: semana del 2 de junio<\/h2>\n\n<div class=\"wp-block-post-excerpt\"><p class=\"wp-block-post-excerpt__excerpt\"> <\/p><\/div>\n\n<div class=\"e-mtf e-mtf--dlt e-mtf--taxonomy e-mtf--taxonomy-blog-tags\"><\/div>\n\n<div class=\"e-mtf e-mtf--dlt  e-mtf--learn-more-label\"><span class=\"btn\"><\/span><\/div><\/div>\n<\/div><\/a><\/div><div class=\"e-sgp taxonomy-opcional taxonomy-legisladores-y-defensores taxonomy-abogacia taxonomy-continuos-de-atencion taxonomy-directores-y-gerentes-de-programas taxonomy-financiacion-federal e-sgp--dlt  wrapper-link\" > <a class=\"b3rg-post__trigger\" href='https:\/\/endhomelessness.org\/es\/blog\/ceo-corner-week-of-july-14\/' target='_self'><div class=\"e-sgp__inner\">\n<div class=\"e-div e-div-1ae4fe23c011f868e057859fb2d119d2e6b61229 e-sgp__media\"><figure class=\"wp-block-post-featured-image\"><img decoding=\"async\" src=\"https:\/\/endhomelessness.org\/wp-content\/uploads\/2025\/03\/About-Us-Policy_Banner-scaled.webp\" class=\"attachment-post-thumbnail size-post-thumbnail wp-post-image\" alt=\"Capitol of United State\" style=\"object-fit:cover;\" srcset=\"https:\/\/endhomelessness.org\/wp-content\/uploads\/2025\/03\/About-Us-Policy_Banner-scaled.webp 2560w, https:\/\/endhomelessness.org\/wp-content\/uploads\/2025\/03\/About-Us-Policy_Banner-300x149.webp 300w, https:\/\/endhomelessness.org\/wp-content\/uploads\/2025\/03\/About-Us-Policy_Banner-1024x508.webp 1024w, https:\/\/endhomelessness.org\/wp-content\/uploads\/2025\/03\/About-Us-Policy_Banner-768x381.webp 768w, https:\/\/endhomelessness.org\/wp-content\/uploads\/2025\/03\/About-Us-Policy_Banner-1536x762.webp 1536w, https:\/\/endhomelessness.org\/wp-content\/uploads\/2025\/03\/About-Us-Policy_Banner-2048x1015.webp 2048w, https:\/\/endhomelessness.org\/wp-content\/uploads\/2025\/03\/About-Us-Policy_Banner-575x285.webp 575w\" sizes=\"(max-width: 2560px) 100vw, 2560px\" \/><\/figure><\/div>\n\n<div class=\"e-div e-div-4d30b901071458efa84e26a6be39dd75970353ae e-sgp__content\">\n<div class=\"e-div e-div-557e62bd117c135dc32641f890e8494508d435f9\"><div class=\"wp-block-post-date\"><time datetime=\"2025-07-15T14:24:04-04:00\">15 de julio de 2025<\/time><\/div>\n\n\n<div class=\"e-div e-div-557e62bd117c135dc32641f890e8494508d435f9\"><div class=\"e-mtf e-mtf--dlt  e-mtf--post-reading-time\"><div class=\"post-reading-time\"><span class=\"reading-time__time\">5<\/span> <span class=\"post-reading-time__label postfix\">min<\/span><\/div><\/div><\/div>\n<\/div>\n\n\n<div class=\"e-mtf e-mtf--dlt  e-mtf--author-details\"><div class=\"post-author\"><div class=\"post-author__avatar\"><img decoding=\"async\" src=\"https:\/\/secure.gravatar.com\/avatar\/ea86b2b9f946d9233bda9c93f5134672349f8d7d350c75901efd5845c144a57d?s=96&#038;d=mm&#038;r=g\" alt=\"\"\/><\/div>                        <div class=\"post-author__content\">\n                            <p class=\"post-author__name\">Ann Oliva<\/p>\n                        <\/div><\/div><\/div>\n\n<h2 class=\"wp-block-post-title\">Rinc\u00f3n del director ejecutivo: semana del 14 de julio<\/h2>\n\n<div class=\"wp-block-post-excerpt\"><p class=\"wp-block-post-excerpt__excerpt\"> <\/p><\/div>\n\n<div class=\"e-mtf e-mtf--dlt e-mtf--taxonomy e-mtf--taxonomy-blog-tags\"><\/div>\n\n<div class=\"e-mtf e-mtf--dlt  e-mtf--learn-more-label\"><span class=\"btn\"><\/span><\/div><\/div>\n<\/div><\/a><\/div><div class=\"e-sgp taxonomy-opcional taxonomy-legisladores-y-defensores taxonomy-continuos-de-atencion taxonomy-directores-y-gerentes-de-programas taxonomy-financiacion-federal e-sgp--dlt  wrapper-link\" > <a class=\"b3rg-post__trigger\" href='https:\/\/endhomelessness.org\/es\/blog\/rincon-del-director-ejecutivo-semana-del-16-de-junio\/' target='_self'><div class=\"e-sgp__inner\">\n<div class=\"e-div e-div-1ae4fe23c011f868e057859fb2d119d2e6b61229 e-sgp__media\"><figure class=\"wp-block-post-featured-image\"><img decoding=\"async\" src=\"https:\/\/endhomelessness.org\/wp-content\/uploads\/2025\/03\/About-Us-BuildingEquity-03.webp\" class=\"attachment-post-thumbnail size-post-thumbnail wp-post-image\" alt=\"handshake\" style=\"object-fit:cover;\" srcset=\"https:\/\/endhomelessness.org\/wp-content\/uploads\/2025\/03\/About-Us-BuildingEquity-03.webp 1271w, https:\/\/endhomelessness.org\/wp-content\/uploads\/2025\/03\/About-Us-BuildingEquity-03-300x189.webp 300w, https:\/\/endhomelessness.org\/wp-content\/uploads\/2025\/03\/About-Us-BuildingEquity-03-1024x645.webp 1024w, https:\/\/endhomelessness.org\/wp-content\/uploads\/2025\/03\/About-Us-BuildingEquity-03-768x483.webp 768w, https:\/\/endhomelessness.org\/wp-content\/uploads\/2025\/03\/About-Us-BuildingEquity-03-575x362.webp 575w\" sizes=\"(max-width: 1271px) 100vw, 1271px\" \/><\/figure><\/div>\n\n<div class=\"e-div e-div-4d30b901071458efa84e26a6be39dd75970353ae e-sgp__content\">\n<div class=\"e-div e-div-557e62bd117c135dc32641f890e8494508d435f9\"><div class=\"wp-block-post-date\"><time datetime=\"2025-06-17T15:54:38-04:00\">17 de junio de 2025<\/time><\/div>\n\n\n<div class=\"e-div e-div-557e62bd117c135dc32641f890e8494508d435f9\"><div class=\"e-mtf e-mtf--dlt  e-mtf--post-reading-time\"><div class=\"post-reading-time\"><span class=\"reading-time__time\">4<\/span> <span class=\"post-reading-time__label postfix\">min<\/span><\/div><\/div><\/div>\n<\/div>\n\n\n<div class=\"e-mtf e-mtf--dlt  e-mtf--author-details\"><div class=\"post-author\"><div class=\"post-author__avatar\"><img decoding=\"async\" src=\"https:\/\/secure.gravatar.com\/avatar\/ea86b2b9f946d9233bda9c93f5134672349f8d7d350c75901efd5845c144a57d?s=96&#038;d=mm&#038;r=g\" alt=\"\"\/><\/div>                        <div class=\"post-author__content\">\n                            <p class=\"post-author__name\">Ann Oliva<\/p>\n                        <\/div><\/div><\/div>\n\n<h2 class=\"wp-block-post-title\">Rinc\u00f3n del Director Ejecutivo: semana del 16 de junio<\/h2>\n\n<div class=\"wp-block-post-excerpt\"><p class=\"wp-block-post-excerpt__excerpt\"> <\/p><\/div>\n\n<div class=\"e-mtf e-mtf--dlt e-mtf--taxonomy e-mtf--taxonomy-blog-tags\"><\/div>\n\n<div class=\"e-mtf e-mtf--dlt  e-mtf--learn-more-label\"><span class=\"btn\"><\/span><\/div><\/div>\n<\/div><\/a><\/div><\/div><\/div>\n<\/div>\n<\/div><\/section>\n\n<section class=\"e-stn e-stn-fecd9f248d71f1b43eea1791ae2aa16e613ea50d e-stn--subscription-form\"><div class=\"container\">\n<div class=\"wp-block-b3rg-row e-row row\">\n<div class=\"wp-block-b3rg-column e-col e-col-5e53f80929c6668a38540fba03c97241dc5f6888 e-col--left  col-sm-12 col-lg-6\">\n<h2 class=\"wp-block-heading has-pure-white-color has-text-color has-link-color wp-elements-cec0e497456012f6e859233bfca8aaa4\"><strong>Mant\u00e9ngase informado: Soluciones, historias y formas de generar impacto<\/strong><\/h2>\n\n\n\n<p>Reg\u00edstrese para recibir actualizaciones sobre el trabajo de la Alianza, incluyendo las \u00faltimas investigaciones, esfuerzos de promoci\u00f3n e historias reales de progreso \u2014 adem\u00e1s de formas en las que puede ayudar a impulsar un cambio duradero.<\/p>\n<\/div>\n\n\n\n<div class=\"wp-block-b3rg-column e-col e-col-117d0cb7e6b4934330c33fb3a4c7ee0ab7e9abd4 e-col--right e-col--email-cta-form-wrpr  col-sm-12 col-lg-6\">\n<div id=\"mc_embed_shell\">\n      <link href=\"\/\/cdn-images.mailchimp.com\/embedcode\/classic-061523.css\" rel=\"stylesheet\" type=\"text\/css\"\/>\n  <style type=\"text\/css\">\n        #mc_embed_signup{background:#fff; false;clear:left; font:14px Helvetica,Arial,sans-serif; width: 600px;}\n        \/* Add your own Mailchimp form style overrides in your site stylesheet or in this style block.\n           We recommend moving this block and the preceding CSS link to the HEAD of your HTML file. *\/\n<\/style>\n<div id=\"mc_embed_signup\">\n    <form action=\"https:\/\/endhomelessness.us9.list-manage.com\/subscribe\/post?u=466b34a51377a9504fb2ebd8f&#038;id=1cf64328bb&#038;f_id=00f7f2e0f0\" method=\"post\" id=\"mc-embedded-subscribe-form\" name=\"mc-embedded-subscribe-form\" class=\"validate\" target=\"_blank\">\n        <div id=\"mc_embed_signup_scroll\">\n            <div class=\"indicates-required\"><span class=\"asterisk\">*<\/span> indica campo obligatorio<\/div>\n            <div class=\"mc-field-group\"><label for=\"mce-EMAIL\">Direcci\u00f3n de correo electr\u00f3nico <span class=\"asterisk\">*<\/span><\/label><input type=\"email\" name=\"EMAIL\" class=\"required email\" id=\"mce-EMAIL\" required=\"\" value=\"\"\/><\/div><div class=\"mc-field-group input-group\"><strong>\u00bfC\u00f3mo deber\u00edamos comunicarnos con usted? <\/strong><ul><li><input type=\"checkbox\" name=\"group[17873][1]\" id=\"mce-group[17873]-17873-0\" value=\"\"\/><label for=\"mce-group[17873]-17873-0\">Deseo recibir semanalmente herramientas, recursos y noticias sobre la falta de vivienda<\/label><\/li><li><input type=\"checkbox\" name=\"group[17873][2]\" id=\"mce-group[17873]-17873-1\" value=\"\"\/><label for=\"mce-group[17873]-17873-1\">Deseo recibir noticias generales y actualizaciones sobre el trabajo de la Alianza<\/label><\/li><\/ul><\/div><div class=\"mc-field-group\"><label for=\"mce-FNAME\">Nombre <\/label><input type=\"text\" name=\"FNAME\" class=\" text\" id=\"mce-FNAME\" value=\"\"\/><\/div><div class=\"mc-field-group\"><label for=\"mce-LNAME\">Apellido <\/label><input type=\"text\" name=\"LNAME\" class=\" text\" id=\"mce-LNAME\" value=\"\"\/><\/div>\n<div hidden=\"\"><input type=\"hidden\" name=\"tags\" value=\"12777910\"\/><\/div>\n        <div id=\"mce-responses\" class=\"clear\">\n            <div class=\"response\" id=\"mce-error-response\" style=\"display: none;\"><\/div>\n            <div class=\"response\" id=\"mce-success-response\" style=\"display: none;\"><\/div>\n        <\/div><div aria-hidden=\"true\" style=\"position: absolute; left: -5000px;\"><input type=\"text\" name=\"b_466b34a51377a9504fb2ebd8f_1cf64328bb\" tabindex=\"-1\" value=\"\"\/><\/div><div class=\"clear\"><input type=\"submit\" name=\"subscribe\" id=\"mc-embedded-subscribe\" class=\"button\" value=\"Suscribirse\"\/><\/div>\n    <\/div>\n<\/form>\n<\/div>\n<script type=\"text\/javascript\" src=\"\/\/s3.amazonaws.com\/downloads.mailchimp.com\/js\/mc-validate.js\"><\/script><script type=\"text\/javascript\">(function($) {window.fnames = new Array(); window.ftypes = new Array();fnames[0]='EMAIL';ftypes[0]='email';fnames[1]='FNAME';ftypes[1]='text';fnames[2]='LNAME';ftypes[2]='text';fnames[12]='MMERGE12';ftypes[12]='zip';fnames[4]='MMERGE4';ftypes[4]='text';fnames[7]='CITY';ftypes[7]='text';fnames[8]='STATE';ftypes[8]='text';fnames[11]='MMERGE11';ftypes[11]='text';fnames[13]='MMERGE13';ftypes[13]='text';fnames[3]='MMERGE3';ftypes[3]='text';fnames[5]='MMERGE5';ftypes[5]='text';}(jQuery));var $mcj = jQuery.noConflict(true);<\/script><\/div>\n<\/div>\n<\/div>\n<\/div><\/section>\n","protected":false},"excerpt":{"rendered":"","protected":false},"author":49,"featured_media":16475,"template":"","meta":{"_acf_changed":false,"show_custom_date":false,"custom_date":"","featured":false,"featured_image":0,"learn_more_label":"","image_alt_text":"","learn_more_type":"","show_popup":false,"learn_more_link_file":0,"event_date":false,"event_start_date":"","event_end_date":"","place_holder_image_url":"","post_reading_time":"4","notification_enabled":false,"notification_text":"","notification_logo":"","notification_expiration_time":0,"is_enable_transparent_header":false,"hide_from_list_view":false,"selected_taxonomy_terms":{"blog-category":[],"blog-audience":[458,465,468],"blog-best-practice":[],"blog-key-issue":[],"translation_priority":[66]},"selected_primary_terms":[],"learn_more_link":[],"featured_page_list":[],"notification_enabled_post_list":[],"_relevanssi_hide_post":"","_relevanssi_hide_content":"","_relevanssi_pin_for_all":"","_relevanssi_pin_keywords":"","_relevanssi_unpin_keywords":"","_relevanssi_related_keywords":"","_relevanssi_related_include_ids":"","_relevanssi_related_exclude_ids":"","_relevanssi_related_no_append":"","_relevanssi_related_not_related":"","_relevanssi_related_posts":"20400,21094,20710","_relevanssi_noindex_reason":"","inline_featured_image":false,"news_publication":"","footnotes":""},"blog-category":[],"blog-audience":[458,465,468],"blog-best-practice":[],"blog-key-issue":[],"class_list":["post-21023","blog","type-blog","status-publish","has-post-thumbnail","hentry","blog-audience-legisladores-y-defensores","blog-audience-continuos-de-atencion","blog-audience-directores-y-gerentes-de-programas"],"acf":[],"yoast_head":"<!-- This site is optimized with the Yoast SEO Premium plugin v24.7 (Yoast SEO v27.4) - https:\/\/yoast.com\/product\/yoast-seo-premium-wordpress\/ -->\n<title>Rinc\u00f3n del director ejecutivo: semana del 7 de julio - Alianza Nacional para Erradicar la Falta de Vivienda<\/title>\n<meta name=\"description\" content=\"The National Alliance to End Homelessness is a nonpartisan, nonprofit organization committed to preventing and ending homelessness in the United States.\" \/>\n<meta name=\"robots\" content=\"index, follow, max-snippet:-1, max-image-preview:large, max-video-preview:-1\" \/>\n<link rel=\"canonical\" href=\"https:\/\/endhomelessness.org\/es\/blog\/ceo-corner-week-of-july-7\/\" \/>\n<meta property=\"og:locale\" content=\"es_ES\" \/>\n<meta property=\"og:type\" content=\"article\" \/>\n<meta property=\"og:title\" content=\"Rinc\u00f3n del director ejecutivo: semana del 7 de julio\" \/>\n<meta property=\"og:description\" content=\"The National Alliance to End Homelessness is a nonpartisan, nonprofit organization committed to preventing and ending homelessness in the United States.\" \/>\n<meta property=\"og:url\" content=\"https:\/\/endhomelessness.org\/es\/blog\/ceo-corner-week-of-july-7\/\" \/>\n<meta property=\"og:site_name\" content=\"Alianza Nacional para Erradicar la Falta de Vivienda\" \/>\n<meta property=\"article:publisher\" content=\"https:\/\/www.facebook.com\/naehomelessness\/\" \/>\n<meta property=\"article:modified_time\" content=\"2025-07-09T17:02:06+00:00\" \/>\n<meta property=\"og:image\" content=\"https:\/\/endhomelessness.org\/wp-content\/uploads\/2025\/03\/shutterstock_674041957-scaled-e1742329543980.jpg\" \/>\n\t<meta property=\"og:image:width\" content=\"2560\" \/>\n\t<meta property=\"og:image:height\" content=\"1143\" \/>\n\t<meta property=\"og:image:type\" content=\"image\/jpeg\" \/>\n<meta name=\"twitter:card\" content=\"summary_large_image\" \/>\n<meta name=\"twitter:label1\" content=\"Tiempo de lectura\" \/>\n\t<meta name=\"twitter:data1\" content=\"5 minutos\" \/>\n<script type=\"application\/ld+json\" class=\"yoast-schema-graph\">{\"@context\":\"https:\\\/\\\/schema.org\",\"@graph\":[{\"@type\":\"WebPage\",\"@id\":\"https:\\\/\\\/endhomelessness.org\\\/es\\\/blog\\\/ceo-corner-week-of-july-7\\\/\",\"url\":\"https:\\\/\\\/endhomelessness.org\\\/es\\\/blog\\\/ceo-corner-week-of-july-7\\\/\",\"name\":\"Rinc\u00f3n del director ejecutivo: semana del 7 de julio - Alianza Nacional para Erradicar la Falta de Vivienda\",\"isPartOf\":{\"@id\":\"https:\\\/\\\/endhomelessness.org\\\/es\\\/#website\"},\"primaryImageOfPage\":{\"@id\":\"https:\\\/\\\/endhomelessness.org\\\/es\\\/blog\\\/ceo-corner-week-of-july-7\\\/#primaryimage\"},\"image\":{\"@id\":\"https:\\\/\\\/endhomelessness.org\\\/es\\\/blog\\\/ceo-corner-week-of-july-7\\\/#primaryimage\"},\"thumbnailUrl\":\"https:\\\/\\\/endhomelessness.org\\\/wp-content\\\/uploads\\\/2025\\\/03\\\/shutterstock_674041957-scaled-e1742329543980.jpg\",\"datePublished\":\"2025-07-08T19:22:35+00:00\",\"dateModified\":\"2025-07-09T17:02:06+00:00\",\"description\":\"The National Alliance to End Homelessness is a nonpartisan, nonprofit organization committed to preventing and ending homelessness in the United States.\",\"breadcrumb\":{\"@id\":\"https:\\\/\\\/endhomelessness.org\\\/es\\\/blog\\\/ceo-corner-week-of-july-7\\\/#breadcrumb\"},\"inLanguage\":\"es\",\"potentialAction\":[{\"@type\":\"ReadAction\",\"target\":[\"https:\\\/\\\/endhomelessness.org\\\/es\\\/blog\\\/ceo-corner-week-of-july-7\\\/\"]}]},{\"@type\":\"ImageObject\",\"inLanguage\":\"es\",\"@id\":\"https:\\\/\\\/endhomelessness.org\\\/es\\\/blog\\\/ceo-corner-week-of-july-7\\\/#primaryimage\",\"url\":\"https:\\\/\\\/endhomelessness.org\\\/wp-content\\\/uploads\\\/2025\\\/03\\\/shutterstock_674041957-scaled-e1742329543980.jpg\",\"contentUrl\":\"https:\\\/\\\/endhomelessness.org\\\/wp-content\\\/uploads\\\/2025\\\/03\\\/shutterstock_674041957-scaled-e1742329543980.jpg\",\"width\":2560,\"height\":1143,\"caption\":\"washington dc\"},{\"@type\":\"BreadcrumbList\",\"@id\":\"https:\\\/\\\/endhomelessness.org\\\/es\\\/blog\\\/ceo-corner-week-of-july-7\\\/#breadcrumb\",\"itemListElement\":[{\"@type\":\"ListItem\",\"position\":1,\"name\":\"Inicio\",\"item\":\"https:\\\/\\\/endhomelessness.org\\\/es\\\/home-page-2-2-2\\\/\"},{\"@type\":\"ListItem\",\"position\":2,\"name\":\"Rinc\u00f3n del director ejecutivo: semana del 7 de julio\"}]},{\"@type\":\"WebSite\",\"@id\":\"https:\\\/\\\/endhomelessness.org\\\/es\\\/#website\",\"url\":\"https:\\\/\\\/endhomelessness.org\\\/es\\\/\",\"name\":\"National Alliance to End Homelessness\",\"description\":\"Organizaci\u00f3n no partidista para prevenir y erradicar la falta de vivienda en EE.UU.\",\"publisher\":{\"@id\":\"https:\\\/\\\/endhomelessness.org\\\/es\\\/#organization\"},\"potentialAction\":[{\"@type\":\"SearchAction\",\"target\":{\"@type\":\"EntryPoint\",\"urlTemplate\":\"https:\\\/\\\/endhomelessness.org\\\/es\\\/?s={search_term_string}\"},\"query-input\":{\"@type\":\"PropertyValueSpecification\",\"valueRequired\":true,\"valueName\":\"search_term_string\"}}],\"inLanguage\":\"es\"},{\"@type\":\"Organization\",\"@id\":\"https:\\\/\\\/endhomelessness.org\\\/es\\\/#organization\",\"name\":\"Alianza Nacional para Erradicar la Falta de Vivienda\",\"url\":\"https:\\\/\\\/endhomelessness.org\\\/es\\\/\",\"logo\":{\"@type\":\"ImageObject\",\"inLanguage\":\"es\",\"@id\":\"https:\\\/\\\/endhomelessness.org\\\/es\\\/#\\\/schema\\\/logo\\\/image\\\/\",\"url\":\"https:\\\/\\\/endhomelessness.org\\\/wp-content\\\/uploads\\\/2024\\\/09\\\/logo-2.webp\",\"contentUrl\":\"https:\\\/\\\/endhomelessness.org\\\/wp-content\\\/uploads\\\/2024\\\/09\\\/logo-2.webp\",\"width\":687,\"height\":361,\"caption\":\"Alianza Nacional para Erradicar la Falta de Vivienda\"},\"image\":{\"@id\":\"https:\\\/\\\/endhomelessness.org\\\/es\\\/#\\\/schema\\\/logo\\\/image\\\/\"},\"sameAs\":[\"https:\\\/\\\/www.facebook.com\\\/naehomelessness\\\/\",\"https:\\\/\\\/www.youtube.com\\\/@EndingHomelessness\",\"https:\\\/\\\/www.linkedin.com\\\/company\\\/national-alliance-to-end-homelessness\\\/\",\"https:\\\/\\\/instagram.com\\\/naeh_endhomelessness\"]}]}<\/script>\n<!-- \/ Yoast SEO Premium plugin. -->","yoast_head_json":{"title":"Rinc\u00f3n del director ejecutivo: semana del 7 de julio - Alianza Nacional para Erradicar la Falta de Vivienda","description":"The National Alliance to End Homelessness is a nonpartisan, nonprofit organization committed to preventing and ending homelessness in the United States.","robots":{"index":"index","follow":"follow","max-snippet":"max-snippet:-1","max-image-preview":"max-image-preview:large","max-video-preview":"max-video-preview:-1"},"canonical":"https:\/\/endhomelessness.org\/es\/blog\/ceo-corner-week-of-july-7\/","og_locale":"es_ES","og_type":"article","og_title":"Rinc\u00f3n del director ejecutivo: semana del 7 de julio","og_description":"The National Alliance to End Homelessness is a nonpartisan, nonprofit organization committed to preventing and ending homelessness in the United States.","og_url":"https:\/\/endhomelessness.org\/es\/blog\/ceo-corner-week-of-july-7\/","og_site_name":"Alianza Nacional para Erradicar la Falta de Vivienda","article_publisher":"https:\/\/www.facebook.com\/naehomelessness\/","article_modified_time":"2025-07-09T17:02:06+00:00","og_image":[{"width":2560,"height":1143,"url":"https:\/\/endhomelessness.org\/wp-content\/uploads\/2025\/03\/shutterstock_674041957-scaled-e1742329543980.jpg","type":"image\/jpeg"}],"twitter_card":"summary_large_image","twitter_misc":{"Tiempo de lectura":"5 minutos"},"schema":{"@context":"https:\/\/schema.org","@graph":[{"@type":"WebPage","@id":"https:\/\/endhomelessness.org\/es\/blog\/ceo-corner-week-of-july-7\/","url":"https:\/\/endhomelessness.org\/es\/blog\/ceo-corner-week-of-july-7\/","name":"Rinc\u00f3n del director ejecutivo: semana del 7 de julio - Alianza Nacional para Erradicar la Falta de Vivienda","isPartOf":{"@id":"https:\/\/endhomelessness.org\/es\/#website"},"primaryImageOfPage":{"@id":"https:\/\/endhomelessness.org\/es\/blog\/ceo-corner-week-of-july-7\/#primaryimage"},"image":{"@id":"https:\/\/endhomelessness.org\/es\/blog\/ceo-corner-week-of-july-7\/#primaryimage"},"thumbnailUrl":"https:\/\/endhomelessness.org\/wp-content\/uploads\/2025\/03\/shutterstock_674041957-scaled-e1742329543980.jpg","datePublished":"2025-07-08T19:22:35+00:00","dateModified":"2025-07-09T17:02:06+00:00","description":"The National Alliance to End Homelessness is a nonpartisan, nonprofit organization committed to preventing and ending homelessness in the United States.","breadcrumb":{"@id":"https:\/\/endhomelessness.org\/es\/blog\/ceo-corner-week-of-july-7\/#breadcrumb"},"inLanguage":"es","potentialAction":[{"@type":"ReadAction","target":["https:\/\/endhomelessness.org\/es\/blog\/ceo-corner-week-of-july-7\/"]}]},{"@type":"ImageObject","inLanguage":"es","@id":"https:\/\/endhomelessness.org\/es\/blog\/ceo-corner-week-of-july-7\/#primaryimage","url":"https:\/\/endhomelessness.org\/wp-content\/uploads\/2025\/03\/shutterstock_674041957-scaled-e1742329543980.jpg","contentUrl":"https:\/\/endhomelessness.org\/wp-content\/uploads\/2025\/03\/shutterstock_674041957-scaled-e1742329543980.jpg","width":2560,"height":1143,"caption":"washington dc"},{"@type":"BreadcrumbList","@id":"https:\/\/endhomelessness.org\/es\/blog\/ceo-corner-week-of-july-7\/#breadcrumb","itemListElement":[{"@type":"ListItem","position":1,"name":"Inicio","item":"https:\/\/endhomelessness.org\/es\/home-page-2-2-2\/"},{"@type":"ListItem","position":2,"name":"Rinc\u00f3n del director ejecutivo: semana del 7 de julio"}]},{"@type":"WebSite","@id":"https:\/\/endhomelessness.org\/es\/#website","url":"https:\/\/endhomelessness.org\/es\/","name":"National Alliance to End Homelessness","description":"Organizaci\u00f3n no partidista para prevenir y erradicar la falta de vivienda en EE.UU.","publisher":{"@id":"https:\/\/endhomelessness.org\/es\/#organization"},"potentialAction":[{"@type":"SearchAction","target":{"@type":"EntryPoint","urlTemplate":"https:\/\/endhomelessness.org\/es\/?s={search_term_string}"},"query-input":{"@type":"PropertyValueSpecification","valueRequired":true,"valueName":"search_term_string"}}],"inLanguage":"es"},{"@type":"Organization","@id":"https:\/\/endhomelessness.org\/es\/#organization","name":"Alianza Nacional para Erradicar la Falta de Vivienda","url":"https:\/\/endhomelessness.org\/es\/","logo":{"@type":"ImageObject","inLanguage":"es","@id":"https:\/\/endhomelessness.org\/es\/#\/schema\/logo\/image\/","url":"https:\/\/endhomelessness.org\/wp-content\/uploads\/2024\/09\/logo-2.webp","contentUrl":"https:\/\/endhomelessness.org\/wp-content\/uploads\/2024\/09\/logo-2.webp","width":687,"height":361,"caption":"Alianza Nacional para Erradicar la Falta de Vivienda"},"image":{"@id":"https:\/\/endhomelessness.org\/es\/#\/schema\/logo\/image\/"},"sameAs":["https:\/\/www.facebook.com\/naehomelessness\/","https:\/\/www.youtube.com\/@EndingHomelessness","https:\/\/www.linkedin.com\/company\/national-alliance-to-end-homelessness\/","https:\/\/instagram.com\/naeh_endhomelessness"]}]}},"_links":{"self":[{"href":"https:\/\/endhomelessness.org\/es\/wp-json\/wp\/v2\/blog\/21023","targetHints":{"allow":["GET"]}}],"collection":[{"href":"https:\/\/endhomelessness.org\/es\/wp-json\/wp\/v2\/blog"}],"about":[{"href":"https:\/\/endhomelessness.org\/es\/wp-json\/wp\/v2\/types\/blog"}],"author":[{"embeddable":true,"href":"https:\/\/endhomelessness.org\/es\/wp-json\/wp\/v2\/users\/49"}],"version-history":[{"count":0,"href":"https:\/\/endhomelessness.org\/es\/wp-json\/wp\/v2\/blog\/21023\/revisions"}],"wp:featuredmedia":[{"embeddable":true,"href":"https:\/\/endhomelessness.org\/es\/wp-json\/wp\/v2\/media\/16475"}],"wp:attachment":[{"href":"https:\/\/endhomelessness.org\/es\/wp-json\/wp\/v2\/media?parent=21023"}],"wp:term":[{"taxonomy":"blog-category","embeddable":true,"href":"https:\/\/endhomelessness.org\/es\/wp-json\/wp\/v2\/blog-category?post=21023"},{"taxonomy":"blog-audience","embeddable":true,"href":"https:\/\/endhomelessness.org\/es\/wp-json\/wp\/v2\/blog-audience?post=21023"},{"taxonomy":"blog-best-practice","embeddable":true,"href":"https:\/\/endhomelessness.org\/es\/wp-json\/wp\/v2\/blog-best-practice?post=21023"},{"taxonomy":"blog-key-issue","embeddable":true,"href":"https:\/\/endhomelessness.org\/es\/wp-json\/wp\/v2\/blog-key-issue?post=21023"}],"curies":[{"name":"wp","href":"https:\/\/api.w.org\/{rel}","templated":true}]}}