{"id":22160,"date":"2025-08-26T14:06:12","date_gmt":"2025-08-26T18:06:12","guid":{"rendered":"https:\/\/endhomelessness.org\/blog\/rincon-del-ceo-semana-del-25-de-agosto\/"},"modified":"2025-08-26T14:25:29","modified_gmt":"2025-08-26T18:25:29","slug":"rincon-del-ceo-semana-del-25-de-agosto","status":"publish","type":"blog","link":"https:\/\/endhomelessness.org\/es\/blog\/rincon-del-ceo-semana-del-25-de-agosto\/","title":{"rendered":"Rinc\u00f3n del CEO: semana del 25 de agosto"},"content":{"rendered":"\n<section class=\"e-stn e-stn-849454e81f49c3e0996f0535d1fbe2e2a28a7f38 e-stn--bi-banner e-stn--blog-inner-banner e-mt-0\"><div class=\"container\">\n<div class=\"wp-block-b3rg-row e-row row\">\n<div class=\"wp-block-b3rg-column e-col e-col-91b2a281f1eebbf914649cf1a26a47ed2705bac9 e-col--blog-inner-banner-content-wrpr  col-sm-12 col-lg-6\">\n<div class=\"e-div e-div-839cbe8f6e018dc7e955381f3e384d2c27672e4b e-div--blog-inner-post-type-tag\"><span>BLOG<\/span>\n<\/div>\n\n\n<div class=\"e-mtf e-mtf--dlt  e-mtf--post-date\">Abr 28, 2026<\/div>\n\n<h1 class=\"wp-block-post-title\">Rinc\u00f3n del CEO: semana del 25 de agosto<\/h1>\n\n\n<div class=\"e-div e-div-3feadf93b0e32733e24997c3fb1117746e9f09bb e-div--bi-read-time\"><div class=\"e-mtf e-mtf--dlt  e-mtf--author-with-link\"><a href=\"https:\/\/endhomelessness.org\/es\/author\/aoliva\/\" class=\"post-author-url\">\n    <div class=\"post-author\">            <div class=\"post-author__content\">\n                <p class=\"post-author__name\">Ann Oliva<\/p>\n            <\/div>\n        <\/div>\n    <\/a><\/div>\n\n\n<div class=\"e-div e-div-557e62bd117c135dc32641f890e8494508d435f9\"><div class=\"e-mtf e-mtf--dlt  e-mtf--post-reading-time\"><div class=\"post-reading-time\"><span class=\"reading-time__time\">2<\/span> <span class=\"post-reading-time__label postfix\">min<\/span><\/div><\/div><\/div>\n<\/div>\n<\/div>\n\n\n\n<div class=\"wp-block-b3rg-column e-col e-col-81b626ca4373c287d7192790467945fd7a7f7a7c e-col--blog-inner-banner-media-wrpr  col-sm-12 col-lg-6\"><figure class=\"wp-block-post-featured-image\"><img loading=\"lazy\" decoding=\"async\" width=\"1068\" height=\"684\" src=\"https:\/\/endhomelessness.org\/wp-content\/uploads\/2014\/01\/Frame-222.png\" class=\"attachment-post-thumbnail size-post-thumbnail wp-post-image default-featured-img\" alt=\"National Alliance to End Homelessness logo\" style=\"object-fit:cover;\" srcset=\"https:\/\/endhomelessness.org\/wp-content\/uploads\/2014\/01\/Frame-222.png 1068w, https:\/\/endhomelessness.org\/wp-content\/uploads\/2014\/01\/Frame-222-300x192.png 300w, https:\/\/endhomelessness.org\/wp-content\/uploads\/2014\/01\/Frame-222-1024x656.png 1024w, https:\/\/endhomelessness.org\/wp-content\/uploads\/2014\/01\/Frame-222-768x492.png 768w, https:\/\/endhomelessness.org\/wp-content\/uploads\/2014\/01\/Frame-222-575x368.png 575w\" sizes=\"auto, (max-width: 1068px) 100vw, 1068px\" \/><\/figure><\/div>\n<\/div>\n<\/div><\/section>\n\n<section class=\"e-stn e-stn-c56641d9ef1501d00becad820de897cdddda74f8 e-stn--bi-content-with-media-section e-mt-0 e-pt-120  e-pt-sm-50 e-pb-60\"><div class=\"container\">\n<div class=\"wp-block-b3rg-row e-row row\">\n<div class=\"wp-block-b3rg-column e-col e-col-b6fcb39014cc55ca3861f29a75045c7515c65dde e-col--bi-content-with-media-section-content-wrapper e-col--blog-inner-contents  col-sm-12 col-lg-9\">\n<p>A principios de este verano, durante mi discurso de apertura en la Conferencia Nacional para Acabar con la Falta de Vivienda de 2025, habl\u00e9 sobre c\u00f3mo la palabra \u201ctenacidad\u201d encarna a quienes trabajamos para acabar con la falta de vivienda. Para m\u00ed, esto significa esp\u00edritu de lucha, resiliencia, determinaci\u00f3n, ingenio y una incapacidad general para rendirse. Esto es exactamente lo que estamos presenciando por parte de la comunidad de servicios para personas sin hogar en Washington, D.C., a medida que se llevan a cabo las agresivas acciones de la Administraci\u00f3n contra las personas sin hogar y otras.  <\/p>\n\n\n\n<p>A medida que otras ciudades como Chicago y Oakland se ven amenazadas con acciones similares, vamos a necesitar reunir cada gramo de esa tenacidad que tenemos para continuar nuestro trabajo de servir a cada persona con dignidad, compasi\u00f3n y evidencia.<\/p>\n\n\n\n<h2 class=\"wp-block-heading\" id=\"h-supporting-each-other\"><strong>Apoy\u00e1ndonos mutuamente<\/strong><\/h2>\n\n\n\n<p>La gente en nuestro campo es generosa en esp\u00edritu. En las \u00faltimas semanas, hemos escuchado a personas de todo el pa\u00eds que buscan formas de ayudar a las organizaciones locales sobre el terreno en Washington, D.C. En respuesta, hemos elaborado una lista de posibles formas de apoyar los esfuerzos locales: <a href=\"https:\/\/endhomelessness.org\/es\/blog\/how-you-can-help-d-c-service-providers-during-the-federal-homelessness-crackdown\/\" target=\"_blank\" rel=\"noreferrer noopener\">C\u00f3mo puede ayudar a los proveedores de servicios de D.C. durante la represi\u00f3n federal de la falta de vivienda &#8211; Alianza Nacional para Acabar con la Falta de Vivienda<\/a>. <\/p>\n\n\n\n<p>A medida que las t\u00e1cticas utilizadas por esta administraci\u00f3n contin\u00faan volvi\u00e9ndose m\u00e1s da\u00f1inas y agresivas, sigamos cuid\u00e1ndonos unos a otros.<\/p>\n\n\n\n<h2 class=\"wp-block-heading\" id=\"h-hud-ends-translation-services\"><strong>HUD finaliza los servicios de traducci\u00f3n<\/strong><\/h2>\n\n\n\n<p>A principios de este mes, HUD notific\u00f3 a los empleados que todos los servicios de traducci\u00f3n de materiales o servicios se suspender\u00edan. HUD ha eliminado su p\u00e1gina de la Iniciativa de Dominio Limitado del Ingl\u00e9s en su sitio web, y parece que han comenzado a eliminar materiales en l\u00ednea en idiomas distintos del ingl\u00e9s. Este cambio sin duda dificultar\u00e1 que aquellos con dominio limitado del ingl\u00e9s, incluidos los ciudadanos estadounidenses, accedan a la asistencia y orientaci\u00f3n gubernamentales necesarias. HUD ofreci\u00f3 anteriormente <a href=\"https:\/\/www.usccr.gov\/limited-english-proficiency-plan\">servicios<\/a> en m\u00e1s de 200 idiomas, incluidas l\u00edneas directas de traducci\u00f3n y formularios multiling\u00fces.   <\/p>\n\n\n\n<p><strong>En virtud del T\u00edtulo VI de la Ley de Derechos Civiles de 1964, instamos a las comunidades a que sigan tomando medidas razonables para garantizar que aquellos con dominio limitado del ingl\u00e9s tengan un acceso significativo a sus programas.<\/strong><\/p>\n\n\n\n<h2 class=\"wp-block-heading\" id=\"h-moving-forward\"><strong>Avanzando<\/strong><\/h2>\n\n\n\n<p>Puede que no siempre sea visible, pero por favor sepan que el equipo aqu\u00ed en la Alianza est\u00e1 trabajando arduamente para apoyarlos. Ya sea en las conversaciones que estamos teniendo en el Capitolio, la orientaci\u00f3n que estamos desarrollando o la investigaci\u00f3n en la que estamos trabajando, todo est\u00e1 al servicio de ustedes y de aquellos a quienes sirven en sus comunidades. Les agradecemos su confianza y colaboraci\u00f3n.  <\/p>\n\n\n\n<p>Esta semana lanzaremos un nuevo Bolet\u00edn de Defensa y un seminario web adjunto (mi\u00e9rcoles 27\/8 a la 1pm EST) exclusivamente para aquellos <a href=\"https:\/\/endhomelessness.org\/es\/accion\/\" target=\"_blank\" rel=\"noreferrer noopener\">inscritos en nuestras alertas de defensa<\/a>, que proporcionar\u00e1 actualizaciones clave, orientaci\u00f3n y m\u00e1s. En los pr\u00f3ximos meses, la Alianza pondr\u00e1 en marcha nuestros esfuerzos de comunicaci\u00f3n y defensa a toda marcha, encontrando nuevas formas de reunir a l\u00edderes de todo el pa\u00eds y desarrollando y difundiendo orientaci\u00f3n al campo. <\/p>\n<\/div>\n\n\n\n<div class=\"wp-block-b3rg-column e-col e-col-1bad2bb1301648438cb2ed0700e7ae206906d971 e-col--bi-right-side e-col--blog-inner-related-posts  col-sm-12 col-lg-3\">\n<div class=\"e-div e-div-aa0bd466f4aeede04dc8da3bd7352029542d2eb2 e-div--js-bi-sticky-left\">\n<div class=\"e-div e-div-ee3d7e421c95ad8dfd4a4a7ba8a705d9d1314334 e-div--bi-social-icons\">\n<div class=\"e-div e-div-afd662dcbf1b8539fd511c7304083e31dd498592 e-div--social-share-tooltip\"><div class=\"heateor_sss_sharing_container heateor_sss_horizontal_sharing\" data-heateor-ss-offset=\"0\" data-heateor-sss-href='https:\/\/endhomelessness.org\/es\/blog\/rincon-del-ceo-semana-del-25-de-agosto\/'><div class=\"heateor_sss_sharing_ul\"><a aria-label=\"Copy Link\" class=\"heateor_sss_button_copy_link\" title=\"Copy Link\" rel=\"noopener\" href=\"https:\/\/endhomelessness.org\/es\/blog\/rincon-del-ceo-semana-del-25-de-agosto\/\" onclick=\"event.preventDefault()\" style=\"font-size:32px!important;box-shadow:none;display:inline-block;vertical-align:middle\"><span class=\"heateor_sss_svg heateor_sss_s__default heateor_sss_s_copy_link\" style=\"background-color:#ffc112;width:35px;height:35px;border-radius:999px;display:inline-block;opacity:1;float:left;font-size:32px;box-shadow:none;display:inline-block;font-size:16px;padding:0 4px;vertical-align:middle;background-repeat:repeat;overflow:hidden;padding:0;cursor:pointer;box-sizing:content-box\"><svg style=\"display:block;border-radius:999px;\" focusable=\"false\" aria-hidden=\"true\" xmlns=\"http:\/\/www.w3.org\/2000\/svg\" width=\"100%\" height=\"100%\" viewBox=\"-4 -4 40 40\"><path fill=\"#fff\" d=\"M24.412 21.177c0-.36-.126-.665-.377-.917l-2.804-2.804a1.235 1.235 0 0 0-.913-.378c-.377 0-.7.144-.97.43.026.028.11.11.255.25.144.14.24.236.29.29s.117.14.2.256c.087.117.146.232.177.344.03.112.046.236.046.37 0 .36-.126.666-.377.918a1.25 1.25 0 0 1-.918.377 1.4 1.4 0 0 1-.373-.047 1.062 1.062 0 0 1-.345-.175 2.268 2.268 0 0 1-.256-.2 6.815 6.815 0 0 1-.29-.29c-.14-.142-.223-.23-.25-.254-.297.28-.445.607-.445.984 0 .36.126.664.377.916l2.778 2.79c.243.243.548.364.917.364.36 0 .665-.118.917-.35l1.982-1.97c.252-.25.378-.55.378-.9zm-9.477-9.504c0-.36-.126-.665-.377-.917l-2.777-2.79a1.235 1.235 0 0 0-.913-.378c-.35 0-.656.12-.917.364L7.967 9.92c-.254.252-.38.553-.38.903 0 .36.126.665.38.917l2.802 2.804c.242.243.547.364.916.364.377 0 .7-.14.97-.418-.026-.027-.11-.11-.255-.25s-.24-.235-.29-.29a2.675 2.675 0 0 1-.2-.255 1.052 1.052 0 0 1-.176-.344 1.396 1.396 0 0 1-.047-.37c0-.36.126-.662.377-.914.252-.252.557-.377.917-.377.136 0 .26.015.37.046.114.03.23.09.346.175.117.085.202.153.256.2.054.05.15.148.29.29.14.146.222.23.25.258.294-.278.442-.606.442-.983zM27 21.177c0 1.078-.382 1.99-1.146 2.736l-1.982 1.968c-.745.75-1.658 1.12-2.736 1.12-1.087 0-2.004-.38-2.75-1.143l-2.777-2.79c-.75-.747-1.12-1.66-1.12-2.737 0-1.106.392-2.046 1.183-2.818l-1.186-1.185c-.774.79-1.708 1.186-2.805 1.186-1.078 0-1.995-.376-2.75-1.13l-2.803-2.81C5.377 12.82 5 11.903 5 10.826c0-1.08.382-1.993 1.146-2.738L8.128 6.12C8.873 5.372 9.785 5 10.864 5c1.087 0 2.004.382 2.75 1.146l2.777 2.79c.75.747 1.12 1.66 1.12 2.737 0 1.105-.392 2.045-1.183 2.817l1.186 1.186c.774-.79 1.708-1.186 2.805-1.186 1.078 0 1.995.377 2.75 1.132l2.804 2.804c.754.755 1.13 1.672 1.13 2.75z\"\/><\/svg><\/span><\/a><a aria-label=\"Facebook\" class=\"heateor_sss_facebook\" href=\"https:\/\/www.facebook.com\/sharer\/sharer.php?u=https%3A%2F%2Fendhomelessness.org%2Fes%2Fblog%2Frincon-del-ceo-semana-del-25-de-agosto%2F\" title=\"Facebook\" rel=\"nofollow noopener\" target=\"_blank\" style=\"font-size:32px!important;box-shadow:none;display:inline-block;vertical-align:middle\"><span class=\"heateor_sss_svg\" style=\"background-color:#0765FE;width:35px;height:35px;border-radius:999px;display:inline-block;opacity:1;float:left;font-size:32px;box-shadow:none;display:inline-block;font-size:16px;padding:0 4px;vertical-align:middle;background-repeat:repeat;overflow:hidden;padding:0;cursor:pointer;box-sizing:content-box\"><svg style=\"display:block;border-radius:999px;\" focusable=\"false\" aria-hidden=\"true\" xmlns=\"http:\/\/www.w3.org\/2000\/svg\" width=\"100%\" height=\"100%\" viewBox=\"0 0 32 32\"><path fill=\"#fff\" d=\"M28 16c0-6.627-5.373-12-12-12S4 9.373 4 16c0 5.628 3.875 10.35 9.101 11.647v-7.98h-2.474V16H13.1v-1.58c0-4.085 1.849-5.978 5.859-5.978.76 0 2.072.15 2.608.298v3.325c-.283-.03-.775-.045-1.386-.045-1.967 0-2.728.745-2.728 2.683V16h3.92l-.673 3.667h-3.247v8.245C23.395 27.195 28 22.135 28 16Z\"><\/path><\/svg><\/span><\/a><a aria-label=\"Linkedin\" class=\"heateor_sss_button_linkedin\" href=\"https:\/\/www.linkedin.com\/sharing\/share-offsite\/?url=https%3A%2F%2Fendhomelessness.org%2Fes%2Fblog%2Frincon-del-ceo-semana-del-25-de-agosto%2F\" title=\"Linkedin\" rel=\"nofollow noopener\" target=\"_blank\" style=\"font-size:32px!important;box-shadow:none;display:inline-block;vertical-align:middle\"><span class=\"heateor_sss_svg heateor_sss_s__default heateor_sss_s_linkedin\" style=\"background-color:#0077b5;width:35px;height:35px;border-radius:999px;display:inline-block;opacity:1;float:left;font-size:32px;box-shadow:none;display:inline-block;font-size:16px;padding:0 4px;vertical-align:middle;background-repeat:repeat;overflow:hidden;padding:0;cursor:pointer;box-sizing:content-box\"><svg style=\"display:block;border-radius:999px;\" focusable=\"false\" aria-hidden=\"true\" xmlns=\"http:\/\/www.w3.org\/2000\/svg\" width=\"100%\" height=\"100%\" viewBox=\"0 0 32 32\"><path d=\"M6.227 12.61h4.19v13.48h-4.19V12.61zm2.095-6.7a2.43 2.43 0 0 1 0 4.86c-1.344 0-2.428-1.09-2.428-2.43s1.084-2.43 2.428-2.43m4.72 6.7h4.02v1.84h.058c.56-1.058 1.927-2.176 3.965-2.176 4.238 0 5.02 2.792 5.02 6.42v7.395h-4.183v-6.56c0-1.564-.03-3.574-2.178-3.574-2.18 0-2.514 1.7-2.514 3.46v6.668h-4.187V12.61z\" fill=\"#fff\"><\/path><\/svg><\/span><\/a><a aria-label=\"X\" class=\"heateor_sss_button_x\" href=\"https:\/\/twitter.com\/intent\/tweet?text=Coraje%20y%20solidaridad%3A%20defendiendo%20los%20servicios%20para%20personas%20sin%20hogar%20ante%20las%20crecientes%20amenazas%20federales&url=https%3A%2F%2Fendhomelessness.org%2Fes%2Fblog%2Frincon-del-ceo-semana-del-25-de-agosto%2F\" title=\"X\" rel=\"nofollow noopener\" target=\"_blank\" style=\"font-size:32px!important;box-shadow:none;display:inline-block;vertical-align:middle\"><span class=\"heateor_sss_svg heateor_sss_s__default heateor_sss_s_x\" style=\"background-color:#2a2a2a;width:35px;height:35px;border-radius:999px;display:inline-block;opacity:1;float:left;font-size:32px;box-shadow:none;display:inline-block;font-size:16px;padding:0 4px;vertical-align:middle;background-repeat:repeat;overflow:hidden;padding:0;cursor:pointer;box-sizing:content-box\"><svg width=\"100%\" height=\"100%\" style=\"display:block;border-radius:999px;\" focusable=\"false\" aria-hidden=\"true\" xmlns=\"http:\/\/www.w3.org\/2000\/svg\" viewBox=\"0 0 32 32\"><path fill=\"#fff\" d=\"M21.751 7h3.067l-6.7 7.658L26 25.078h-6.172l-4.833-6.32-5.531 6.32h-3.07l7.167-8.19L6 7h6.328l4.37 5.777L21.75 7Zm-1.076 16.242h1.7L11.404 8.74H9.58l11.094 14.503Z\"><\/path><\/svg><\/span><\/a><\/div><div class=\"heateorSssClear\"><\/div><\/div>\n<\/div>\n<\/div>\n\n\n\n<div class=\"e-div e-div-1fb4d2c48d23fedb9f65d0640a94854888310c16 e-div--bi-topics\">\n<h2 class=\"wp-block-heading has-rich-black-color has-text-color has-link-color wp-elements-44c1bfb0524dc8fb9ce2265c6b67cbdf\" id=\"h-tags\">Etiquetas<\/h2>\n\n\n<div class=\"e-mtf e-mtf--dlt e-mtf--taxonomy e-mtf--taxonomy-blog-tags\"><\/div><\/div>\n\n\n\n<div class=\"e-div e-div-fec75b8784b7a33dd1ec1cff6cfc0c97d1c3de2b e-div--bi-related-post\"><style><\/style>\n<h2 class=\"wp-block-heading has-rich-black-color has-text-color has-link-color wp-elements-2dd9931ec2e2ed34bd2a545ead11f424\" id=\"h-related-posts\">Publicaciones relacionadas<\/h2>\n\n\n\n<div class=\"e-div e-div-557e62bd117c135dc32641f890e8494508d435f9\">\n<\/div>\n<\/div>\n<\/div>\n<\/div>\n<\/div>\n<\/div><\/section>\n\n<section class=\"e-stn e-stn-89fb010dc551d9f97fabc06e8075979b266369b4 e-stn--related-post e-mt-60  e-mt-sm-0\"><style>@media only screen and (max-width: 9999px) {\n\t\t\t\t\t\t\t\t\t.e-stn.e-stn-89fb010dc551d9f97fabc06e8075979b266369b4 { \n\t\t\t\t\t\t\t\t\t\tbackground-color: #F3F8FC; \n\t\t\t\t\t\t\t\t\t}\n\t\t\t\t\t\t\t\t}<\/style><div class=\"container\">\n<div class=\"wp-block-b3rg-row e-row row e-row--title-with-description\">\n<div class=\"wp-block-b3rg-column e-col e-col-ace831841ae6ba6894718dbe446538456bed6c8a  col-sm-12\">\n<h2 class=\"wp-block-heading has-text-align-center\" id=\"h-you-might-also-be-interested-in\">Tambi\u00e9n le podr\u00eda interesar<\/h2>\n<\/div>\n<\/div>\n\n\n\n<div class=\"wp-block-b3rg-row e-row row\">\n<div class=\"wp-block-b3rg-column e-col e-col-ace831841ae6ba6894718dbe446538456bed6c8a  col-sm-12\"><div class=\"e-rlp e-rlp--dlt\" > <div class=\"e-sgp taxonomy-opcional taxonomy-legisladores-y-defensores taxonomy-continuos-de-atencion taxonomy-directores-y-gerentes-de-programas e-sgp--dlt  wrapper-link\" > <a class=\"b3rg-post__trigger\" href='https:\/\/endhomelessness.org\/es\/blog\/ceo-corner-week-of-july-28-2-2\/' target='_self'><div class=\"e-sgp__inner\">\n<div class=\"e-div e-div-1ae4fe23c011f868e057859fb2d119d2e6b61229 e-sgp__media\"><figure class=\"wp-block-post-featured-image\"><img decoding=\"async\" src=\"https:\/\/endhomelessness.org\/wp-content\/uploads\/2025\/08\/homeless-encampment-california.webp\" class=\"attachment-post-thumbnail size-post-thumbnail wp-post-image\" alt=\"homeless encampment\" style=\"object-fit:cover;\" srcset=\"https:\/\/endhomelessness.org\/wp-content\/uploads\/2025\/08\/homeless-encampment-california.webp 2400w, https:\/\/endhomelessness.org\/wp-content\/uploads\/2025\/08\/homeless-encampment-california-300x169.webp 300w, https:\/\/endhomelessness.org\/wp-content\/uploads\/2025\/08\/homeless-encampment-california-1024x576.webp 1024w, https:\/\/endhomelessness.org\/wp-content\/uploads\/2025\/08\/homeless-encampment-california-768x432.webp 768w, https:\/\/endhomelessness.org\/wp-content\/uploads\/2025\/08\/homeless-encampment-california-1536x864.webp 1536w, https:\/\/endhomelessness.org\/wp-content\/uploads\/2025\/08\/homeless-encampment-california-2048x1152.webp 2048w, https:\/\/endhomelessness.org\/wp-content\/uploads\/2025\/08\/homeless-encampment-california-575x323.webp 575w\" sizes=\"(max-width: 2400px) 100vw, 2400px\" \/><\/figure><\/div>\n\n<div class=\"e-div e-div-4d30b901071458efa84e26a6be39dd75970353ae e-sgp__content\">\n<div class=\"e-div e-div-557e62bd117c135dc32641f890e8494508d435f9\"><div class=\"wp-block-post-date\"><time datetime=\"2025-08-05T10:41:34-04:00\">5 de agosto de 2025<\/time><\/div>\n\n\n<div class=\"e-div e-div-557e62bd117c135dc32641f890e8494508d435f9\"><div class=\"e-mtf e-mtf--dlt  e-mtf--post-reading-time\"><div class=\"post-reading-time\"><span class=\"reading-time__time\">5<\/span> <span class=\"post-reading-time__label postfix\">min<\/span><\/div><\/div><\/div>\n<\/div>\n\n\n<div class=\"e-mtf e-mtf--dlt  e-mtf--author-details\"><div class=\"post-author\"><div class=\"post-author__avatar\"><img decoding=\"async\" src=\"https:\/\/secure.gravatar.com\/avatar\/7e583bdc0ba839dc7c95a56a8bb43f0ceda09353b4d2bf0eb17d50a180f8e2aa?s=96&#038;d=mm&#038;r=g\" alt=\"\"\/><\/div>                        <div class=\"post-author__content\">\n                            <p class=\"post-author__name\">Mary Frances Kenion<\/p>\n                        <\/div><\/div><\/div>\n\n<h2 class=\"wp-block-post-title\">Rinc\u00f3n del CEO: semana del 4 de agosto<\/h2>\n\n<div class=\"wp-block-post-excerpt\"><p class=\"wp-block-post-excerpt__excerpt\"> <\/p><\/div>\n\n<div class=\"e-mtf e-mtf--dlt e-mtf--taxonomy e-mtf--taxonomy-blog-tags\"><\/div>\n\n<div class=\"e-mtf e-mtf--dlt  e-mtf--learn-more-label\"><span class=\"btn\"><\/span><\/div><\/div>\n<\/div><\/a><\/div><div class=\"e-sgp taxonomy-opcional taxonomy-divulgacion-en-la-calle taxonomy-falta-de-vivienda-en-situacion-de-calle taxonomy-continuos-de-atencion taxonomy-directores-y-gerentes-de-programas taxonomy-recopilacion-y-evaluacion-de-datos e-sgp--dlt  wrapper-link\" > <a class=\"b3rg-post__trigger\" href='https:\/\/endhomelessness.org\/es\/blog\/ceo-corner-week-of-august-18\/' target='_self'><div class=\"e-sgp__inner\">\n<div class=\"e-div e-div-1ae4fe23c011f868e057859fb2d119d2e6b61229 e-sgp__media\"><figure class=\"wp-block-post-featured-image\"><img loading=\"lazy\" decoding=\"async\" width=\"1068\" height=\"684\" src=\"https:\/\/endhomelessness.org\/wp-content\/uploads\/2014\/01\/Frame-222.png\" class=\"attachment-post-thumbnail size-post-thumbnail wp-post-image default-featured-img\" alt=\"National Alliance to End Homelessness logo\" style=\"object-fit:cover;\" srcset=\"https:\/\/endhomelessness.org\/wp-content\/uploads\/2014\/01\/Frame-222.png 1068w, https:\/\/endhomelessness.org\/wp-content\/uploads\/2014\/01\/Frame-222-300x192.png 300w, https:\/\/endhomelessness.org\/wp-content\/uploads\/2014\/01\/Frame-222-1024x656.png 1024w, https:\/\/endhomelessness.org\/wp-content\/uploads\/2014\/01\/Frame-222-768x492.png 768w, https:\/\/endhomelessness.org\/wp-content\/uploads\/2014\/01\/Frame-222-575x368.png 575w\" sizes=\"auto, (max-width: 1068px) 100vw, 1068px\" \/><\/figure><\/div>\n\n<div class=\"e-div e-div-4d30b901071458efa84e26a6be39dd75970353ae e-sgp__content\">\n<div class=\"e-div e-div-557e62bd117c135dc32641f890e8494508d435f9\"><div class=\"wp-block-post-date\"><time datetime=\"2025-08-19T13:18:13-04:00\">19 de agosto de 2025<\/time><\/div>\n\n\n<div class=\"e-div e-div-557e62bd117c135dc32641f890e8494508d435f9\"><div class=\"e-mtf e-mtf--dlt  e-mtf--post-reading-time\"><div class=\"post-reading-time\"><span class=\"reading-time__time\">5<\/span> <span class=\"post-reading-time__label postfix\">min<\/span><\/div><\/div><\/div>\n<\/div>\n\n\n<div class=\"e-mtf e-mtf--dlt  e-mtf--author-details\"><div class=\"post-author\"><div class=\"post-author__avatar\"><img decoding=\"async\" src=\"https:\/\/secure.gravatar.com\/avatar\/ea86b2b9f946d9233bda9c93f5134672349f8d7d350c75901efd5845c144a57d?s=96&#038;d=mm&#038;r=g\" alt=\"\"\/><\/div>                        <div class=\"post-author__content\">\n                            <p class=\"post-author__name\">Ann Oliva<\/p>\n                        <\/div><\/div><\/div>\n\n<h2 class=\"wp-block-post-title\">Rinc\u00f3n del director ejecutivo: semana del 18 de agosto<\/h2>\n\n<div class=\"wp-block-post-excerpt\"><p class=\"wp-block-post-excerpt__excerpt\"> <\/p><\/div>\n\n<div class=\"e-mtf e-mtf--dlt e-mtf--taxonomy e-mtf--taxonomy-blog-tags\"><\/div>\n\n<div class=\"e-mtf e-mtf--dlt  e-mtf--learn-more-label\"><span class=\"btn\"><\/span><\/div><\/div>\n<\/div><\/a><\/div><div class=\"e-sgp taxonomy-opcional taxonomy-legisladores-y-defensores taxonomy-continuos-de-atencion taxonomy-directores-y-gerentes-de-programas taxonomy-financiacion-federal e-sgp--dlt  wrapper-link\" > <a class=\"b3rg-post__trigger\" href='https:\/\/endhomelessness.org\/es\/blog\/rincon-del-director-ejecutivo-edicion-presupuestaria-semana-del-2-de-junio\/' target='_self'><div class=\"e-sgp__inner\">\n<div class=\"e-div e-div-1ae4fe23c011f868e057859fb2d119d2e6b61229 e-sgp__media\"><figure class=\"wp-block-post-featured-image\"><img loading=\"lazy\" decoding=\"async\" width=\"1068\" height=\"684\" src=\"https:\/\/endhomelessness.org\/wp-content\/uploads\/2014\/01\/Frame-222.png\" class=\"attachment-post-thumbnail size-post-thumbnail wp-post-image default-featured-img\" alt=\"National Alliance to End Homelessness logo\" style=\"object-fit:cover;\" srcset=\"https:\/\/endhomelessness.org\/wp-content\/uploads\/2014\/01\/Frame-222.png 1068w, https:\/\/endhomelessness.org\/wp-content\/uploads\/2014\/01\/Frame-222-300x192.png 300w, https:\/\/endhomelessness.org\/wp-content\/uploads\/2014\/01\/Frame-222-1024x656.png 1024w, https:\/\/endhomelessness.org\/wp-content\/uploads\/2014\/01\/Frame-222-768x492.png 768w, https:\/\/endhomelessness.org\/wp-content\/uploads\/2014\/01\/Frame-222-575x368.png 575w\" sizes=\"auto, (max-width: 1068px) 100vw, 1068px\" \/><\/figure><\/div>\n\n<div class=\"e-div e-div-4d30b901071458efa84e26a6be39dd75970353ae e-sgp__content\">\n<div class=\"e-div e-div-557e62bd117c135dc32641f890e8494508d435f9\"><div class=\"wp-block-post-date\"><time datetime=\"2025-06-03T14:02:29-04:00\">3 de junio de 2025<\/time><\/div>\n\n\n<div class=\"e-div e-div-557e62bd117c135dc32641f890e8494508d435f9\"><div class=\"e-mtf e-mtf--dlt  e-mtf--post-reading-time\"><div class=\"post-reading-time\"><span class=\"reading-time__time\">6<\/span> <span class=\"post-reading-time__label postfix\">min<\/span><\/div><\/div><\/div>\n<\/div>\n\n\n<div class=\"e-mtf e-mtf--dlt  e-mtf--author-details\"><div class=\"post-author\"><div class=\"post-author__avatar\"><img decoding=\"async\" src=\"https:\/\/secure.gravatar.com\/avatar\/ea86b2b9f946d9233bda9c93f5134672349f8d7d350c75901efd5845c144a57d?s=96&#038;d=mm&#038;r=g\" alt=\"\"\/><\/div>                        <div class=\"post-author__content\">\n                            <p class=\"post-author__name\">Ann Oliva<\/p>\n                        <\/div><\/div><\/div>\n\n<h2 class=\"wp-block-post-title\">Rinc\u00f3n del Director Ejecutivo, edici\u00f3n presupuestaria: semana del 2 de junio<\/h2>\n\n<div class=\"wp-block-post-excerpt\"><p class=\"wp-block-post-excerpt__excerpt\"> <\/p><\/div>\n\n<div class=\"e-mtf e-mtf--dlt e-mtf--taxonomy e-mtf--taxonomy-blog-tags\"><\/div>\n\n<div class=\"e-mtf e-mtf--dlt  e-mtf--learn-more-label\"><span class=\"btn\"><\/span><\/div><\/div>\n<\/div><\/a><\/div><\/div><\/div>\n<\/div>\n<\/div><\/section>\n\n<section class=\"e-stn e-stn-fecd9f248d71f1b43eea1791ae2aa16e613ea50d e-stn--subscription-form\"><div class=\"container\">\n<div class=\"wp-block-b3rg-row e-row row\">\n<div class=\"wp-block-b3rg-column e-col e-col-5e53f80929c6668a38540fba03c97241dc5f6888 e-col--left  col-sm-12 col-lg-6\">\n<h2 class=\"wp-block-heading has-pure-white-color has-text-color has-link-color wp-elements-cec0e497456012f6e859233bfca8aaa4\"><strong>Mant\u00e9ngase informado: Soluciones, historias y formas de generar impacto<\/strong><\/h2>\n\n\n\n<p>Reg\u00edstrese para recibir actualizaciones sobre el trabajo de la Alianza, incluyendo las \u00faltimas investigaciones, esfuerzos de promoci\u00f3n e historias reales de progreso \u2014 adem\u00e1s de formas en las que puede ayudar a impulsar un cambio duradero.<\/p>\n<\/div>\n\n\n\n<div class=\"wp-block-b3rg-column e-col e-col-117d0cb7e6b4934330c33fb3a4c7ee0ab7e9abd4 e-col--right e-col--email-cta-form-wrpr  col-sm-12 col-lg-6\">\n<div id=\"mc_embed_shell\">\n      <link href=\"\/\/cdn-images.mailchimp.com\/embedcode\/classic-061523.css\" rel=\"stylesheet\" type=\"text\/css\"\/>\n  <style type=\"text\/css\">\n        #mc_embed_signup{background:#fff; false;clear:left; font:14px Helvetica,Arial,sans-serif; width: 600px;}\n        \/* Add your own Mailchimp form style overrides in your site stylesheet or in this style block.\n           We recommend moving this block and the preceding CSS link to the HEAD of your HTML file. *\/\n<\/style>\n<div id=\"mc_embed_signup\">\n    <form action=\"https:\/\/endhomelessness.us9.list-manage.com\/subscribe\/post?u=466b34a51377a9504fb2ebd8f&#038;id=1cf64328bb&#038;f_id=00f7f2e0f0\" method=\"post\" id=\"mc-embedded-subscribe-form\" name=\"mc-embedded-subscribe-form\" class=\"validate\" target=\"_blank\">\n        <div id=\"mc_embed_signup_scroll\">\n            <div class=\"indicates-required\"><span class=\"asterisk\">*<\/span> indica campo obligatorio<\/div>\n            <div class=\"mc-field-group\"><label for=\"mce-EMAIL\">Direcci\u00f3n de correo electr\u00f3nico <span class=\"asterisk\">*<\/span><\/label><input type=\"email\" name=\"EMAIL\" class=\"required email\" id=\"mce-EMAIL\" required=\"\" value=\"\"\/><\/div><div class=\"mc-field-group input-group\"><strong>\u00bfC\u00f3mo deber\u00edamos comunicarnos con usted? <\/strong><ul><li><input type=\"checkbox\" name=\"group[17873][1]\" id=\"mce-group[17873]-17873-0\" value=\"\"\/><label for=\"mce-group[17873]-17873-0\">Deseo recibir semanalmente herramientas, recursos y noticias sobre la falta de vivienda<\/label><\/li><li><input type=\"checkbox\" name=\"group[17873][2]\" id=\"mce-group[17873]-17873-1\" value=\"\"\/><label for=\"mce-group[17873]-17873-1\">Deseo recibir noticias generales y actualizaciones sobre el trabajo de la Alianza<\/label><\/li><\/ul><\/div><div class=\"mc-field-group\"><label for=\"mce-FNAME\">Nombre <\/label><input type=\"text\" name=\"FNAME\" class=\" text\" id=\"mce-FNAME\" value=\"\"\/><\/div><div class=\"mc-field-group\"><label for=\"mce-LNAME\">Apellido <\/label><input type=\"text\" name=\"LNAME\" class=\" text\" id=\"mce-LNAME\" value=\"\"\/><\/div>\n<div hidden=\"\"><input type=\"hidden\" name=\"tags\" value=\"12777910\"\/><\/div>\n        <div id=\"mce-responses\" class=\"clear\">\n            <div class=\"response\" id=\"mce-error-response\" style=\"display: none;\"><\/div>\n            <div class=\"response\" id=\"mce-success-response\" style=\"display: none;\"><\/div>\n        <\/div><div aria-hidden=\"true\" style=\"position: absolute; left: -5000px;\"><input type=\"text\" name=\"b_466b34a51377a9504fb2ebd8f_1cf64328bb\" tabindex=\"-1\" value=\"\"\/><\/div><div class=\"clear\"><input type=\"submit\" name=\"subscribe\" id=\"mc-embedded-subscribe\" class=\"button\" value=\"Suscribirse\"\/><\/div>\n    <\/div>\n<\/form>\n<\/div>\n<script type=\"text\/javascript\" src=\"\/\/s3.amazonaws.com\/downloads.mailchimp.com\/js\/mc-validate.js\"><\/script><script type=\"text\/javascript\">(function($) {window.fnames = new Array(); window.ftypes = new Array();fnames[0]='EMAIL';ftypes[0]='email';fnames[1]='FNAME';ftypes[1]='text';fnames[2]='LNAME';ftypes[2]='text';fnames[12]='MMERGE12';ftypes[12]='zip';fnames[4]='MMERGE4';ftypes[4]='text';fnames[7]='CITY';ftypes[7]='text';fnames[8]='STATE';ftypes[8]='text';fnames[11]='MMERGE11';ftypes[11]='text';fnames[13]='MMERGE13';ftypes[13]='text';fnames[3]='MMERGE3';ftypes[3]='text';fnames[5]='MMERGE5';ftypes[5]='text';}(jQuery));var $mcj = jQuery.noConflict(true);<\/script><\/div>\n<\/div>\n<\/div>\n<\/div><\/section>\n","protected":false},"excerpt":{"rendered":"","protected":false},"author":49,"featured_media":14222,"template":"","meta":{"_acf_changed":false,"show_custom_date":false,"custom_date":"","featured":false,"featured_image":0,"learn_more_label":"","image_alt_text":"","learn_more_type":"","show_popup":false,"learn_more_link_file":0,"event_date":false,"event_start_date":"","event_end_date":"","place_holder_image_url":"","post_reading_time":"2","notification_enabled":false,"notification_text":"","notification_logo":"","notification_expiration_time":0,"is_enable_transparent_header":false,"hide_from_list_view":false,"selected_taxonomy_terms":{"blog-category":[],"blog-audience":[465,468],"blog-best-practice":[459],"blog-key-issue":[],"translation_priority":[66]},"selected_primary_terms":[],"learn_more_link":[],"featured_page_list":[],"notification_enabled_post_list":[],"_relevanssi_hide_post":"","_relevanssi_hide_content":"","_relevanssi_pin_for_all":"","_relevanssi_pin_keywords":"","_relevanssi_unpin_keywords":"","_relevanssi_related_keywords":"","_relevanssi_related_include_ids":"","_relevanssi_related_exclude_ids":"","_relevanssi_related_no_append":"","_relevanssi_related_not_related":"","_relevanssi_related_posts":"21517,21807,20400","_relevanssi_noindex_reason":"","inline_featured_image":false,"news_publication":"","footnotes":""},"blog-category":[],"blog-audience":[465,468],"blog-best-practice":[459],"blog-key-issue":[],"class_list":["post-22160","blog","type-blog","status-publish","has-post-thumbnail","hentry","blog-audience-continuos-de-atencion","blog-audience-directores-y-gerentes-de-programas","blog-best-practice-abogacia"],"acf":[],"yoast_head":"<!-- This site is optimized with the Yoast SEO Premium plugin v24.7 (Yoast SEO v27.4) - https:\/\/yoast.com\/product\/yoast-seo-premium-wordpress\/ -->\n<title>Coraje y solidaridad: defendiendo los servicios para personas sin hogar ante las crecientes amenazas federales<\/title>\n<meta name=\"description\" content=\"A medida que las acciones federales se vuelven m\u00e1s agresivas, Ann Oliva y Steve Berg reflexionan sobre la resiliencia de los defensores de las personas sin hogar y comparten c\u00f3mo puede apoyar a los proveedores de D.C., proteger los derechos civiles y mantenerse involucrado a trav\u00e9s de las nuevas herramientas de defensa de Alliance.\" \/>\n<meta name=\"robots\" content=\"index, follow, max-snippet:-1, max-image-preview:large, max-video-preview:-1\" \/>\n<link rel=\"canonical\" href=\"https:\/\/endhomelessness.org\/es\/blog\/rincon-del-ceo-semana-del-25-de-agosto\/\" \/>\n<meta property=\"og:locale\" content=\"es_ES\" \/>\n<meta property=\"og:type\" content=\"article\" \/>\n<meta property=\"og:title\" content=\"Coraje y solidaridad: defendiendo los servicios para personas sin hogar ante las crecientes amenazas federales\" \/>\n<meta property=\"og:description\" content=\"A medida que las acciones federales se vuelven m\u00e1s agresivas, Ann Oliva y Steve Berg reflexionan sobre la resiliencia de los defensores de las personas sin hogar y comparten c\u00f3mo puede apoyar a los proveedores de D.C., proteger los derechos civiles y mantenerse involucrado a trav\u00e9s de las nuevas herramientas de defensa de Alliance.\" \/>\n<meta property=\"og:url\" content=\"https:\/\/endhomelessness.org\/es\/blog\/rincon-del-ceo-semana-del-25-de-agosto\/\" \/>\n<meta property=\"og:site_name\" content=\"Alianza Nacional para Erradicar la Falta de Vivienda\" \/>\n<meta property=\"article:publisher\" content=\"https:\/\/www.facebook.com\/naehomelessness\/\" \/>\n<meta property=\"article:modified_time\" content=\"2025-08-26T18:25:29+00:00\" \/>\n<meta property=\"og:image\" content=\"https:\/\/endhomelessness.org\/wp-content\/uploads\/2014\/01\/Frame-222.png\" \/>\n\t<meta property=\"og:image:width\" content=\"1068\" \/>\n\t<meta property=\"og:image:height\" content=\"684\" \/>\n\t<meta property=\"og:image:type\" content=\"image\/png\" \/>\n<meta name=\"twitter:card\" content=\"summary_large_image\" \/>\n<meta name=\"twitter:title\" content=\"Coraje y solidaridad: defendiendo los servicios para personas sin hogar ante las crecientes amenazas federales\" \/>\n<meta name=\"twitter:description\" content=\"A medida que las acciones federales se vuelven m\u00e1s agresivas, Ann Oliva y Steve Berg reflexionan sobre la resiliencia de los defensores de las personas sin hogar y comparten c\u00f3mo puede apoyar a los proveedores de D.C., proteger los derechos civiles y mantenerse involucrado a trav\u00e9s de las nuevas herramientas de defensa de Alliance.\" \/>\n<meta name=\"twitter:label1\" content=\"Tiempo de lectura\" \/>\n\t<meta name=\"twitter:data1\" content=\"3 minutos\" \/>\n<script type=\"application\/ld+json\" class=\"yoast-schema-graph\">{\"@context\":\"https:\\\/\\\/schema.org\",\"@graph\":[{\"@type\":\"WebPage\",\"@id\":\"https:\\\/\\\/endhomelessness.org\\\/es\\\/blog\\\/rincon-del-ceo-semana-del-25-de-agosto\\\/\",\"url\":\"https:\\\/\\\/endhomelessness.org\\\/es\\\/blog\\\/rincon-del-ceo-semana-del-25-de-agosto\\\/\",\"name\":\"Coraje y solidaridad: defendiendo los servicios para personas sin hogar ante las crecientes amenazas federales\",\"isPartOf\":{\"@id\":\"https:\\\/\\\/endhomelessness.org\\\/es\\\/#website\"},\"primaryImageOfPage\":{\"@id\":\"https:\\\/\\\/endhomelessness.org\\\/es\\\/blog\\\/rincon-del-ceo-semana-del-25-de-agosto\\\/#primaryimage\"},\"image\":{\"@id\":\"https:\\\/\\\/endhomelessness.org\\\/es\\\/blog\\\/rincon-del-ceo-semana-del-25-de-agosto\\\/#primaryimage\"},\"thumbnailUrl\":\"https:\\\/\\\/endhomelessness.org\\\/wp-content\\\/uploads\\\/2014\\\/01\\\/Frame-222.png\",\"datePublished\":\"2025-08-26T18:06:12+00:00\",\"dateModified\":\"2025-08-26T18:25:29+00:00\",\"description\":\"A medida que las acciones federales se vuelven m\u00e1s agresivas, Ann Oliva y Steve Berg reflexionan sobre la resiliencia de los defensores de las personas sin hogar y comparten c\u00f3mo puede apoyar a los proveedores de D.C., proteger los derechos civiles y mantenerse involucrado a trav\u00e9s de las nuevas herramientas de defensa de Alliance.\",\"breadcrumb\":{\"@id\":\"https:\\\/\\\/endhomelessness.org\\\/es\\\/blog\\\/rincon-del-ceo-semana-del-25-de-agosto\\\/#breadcrumb\"},\"inLanguage\":\"es\",\"potentialAction\":[{\"@type\":\"ReadAction\",\"target\":[\"https:\\\/\\\/endhomelessness.org\\\/es\\\/blog\\\/rincon-del-ceo-semana-del-25-de-agosto\\\/\"]}]},{\"@type\":\"ImageObject\",\"inLanguage\":\"es\",\"@id\":\"https:\\\/\\\/endhomelessness.org\\\/es\\\/blog\\\/rincon-del-ceo-semana-del-25-de-agosto\\\/#primaryimage\",\"url\":\"https:\\\/\\\/endhomelessness.org\\\/wp-content\\\/uploads\\\/2014\\\/01\\\/Frame-222.png\",\"contentUrl\":\"https:\\\/\\\/endhomelessness.org\\\/wp-content\\\/uploads\\\/2014\\\/01\\\/Frame-222.png\",\"width\":1068,\"height\":684,\"caption\":\"National Alliance to End Homelessness logo\"},{\"@type\":\"BreadcrumbList\",\"@id\":\"https:\\\/\\\/endhomelessness.org\\\/es\\\/blog\\\/rincon-del-ceo-semana-del-25-de-agosto\\\/#breadcrumb\",\"itemListElement\":[{\"@type\":\"ListItem\",\"position\":1,\"name\":\"Inicio\",\"item\":\"https:\\\/\\\/endhomelessness.org\\\/es\\\/home-page-2-2-2\\\/\"},{\"@type\":\"ListItem\",\"position\":2,\"name\":\"Rinc\u00f3n del CEO: semana del 25 de agosto\"}]},{\"@type\":\"WebSite\",\"@id\":\"https:\\\/\\\/endhomelessness.org\\\/es\\\/#website\",\"url\":\"https:\\\/\\\/endhomelessness.org\\\/es\\\/\",\"name\":\"National Alliance to End Homelessness\",\"description\":\"Organizaci\u00f3n no partidista para prevenir y erradicar la falta de vivienda en EE.UU.\",\"publisher\":{\"@id\":\"https:\\\/\\\/endhomelessness.org\\\/es\\\/#organization\"},\"potentialAction\":[{\"@type\":\"SearchAction\",\"target\":{\"@type\":\"EntryPoint\",\"urlTemplate\":\"https:\\\/\\\/endhomelessness.org\\\/es\\\/?s={search_term_string}\"},\"query-input\":{\"@type\":\"PropertyValueSpecification\",\"valueRequired\":true,\"valueName\":\"search_term_string\"}}],\"inLanguage\":\"es\"},{\"@type\":\"Organization\",\"@id\":\"https:\\\/\\\/endhomelessness.org\\\/es\\\/#organization\",\"name\":\"Alianza Nacional para Erradicar la Falta de Vivienda\",\"url\":\"https:\\\/\\\/endhomelessness.org\\\/es\\\/\",\"logo\":{\"@type\":\"ImageObject\",\"inLanguage\":\"es\",\"@id\":\"https:\\\/\\\/endhomelessness.org\\\/es\\\/#\\\/schema\\\/logo\\\/image\\\/\",\"url\":\"https:\\\/\\\/endhomelessness.org\\\/wp-content\\\/uploads\\\/2024\\\/09\\\/logo-2.webp\",\"contentUrl\":\"https:\\\/\\\/endhomelessness.org\\\/wp-content\\\/uploads\\\/2024\\\/09\\\/logo-2.webp\",\"width\":687,\"height\":361,\"caption\":\"Alianza Nacional para Erradicar la Falta de Vivienda\"},\"image\":{\"@id\":\"https:\\\/\\\/endhomelessness.org\\\/es\\\/#\\\/schema\\\/logo\\\/image\\\/\"},\"sameAs\":[\"https:\\\/\\\/www.facebook.com\\\/naehomelessness\\\/\",\"https:\\\/\\\/www.youtube.com\\\/@EndingHomelessness\",\"https:\\\/\\\/www.linkedin.com\\\/company\\\/national-alliance-to-end-homelessness\\\/\",\"https:\\\/\\\/instagram.com\\\/naeh_endhomelessness\"]}]}<\/script>\n<!-- \/ Yoast SEO Premium plugin. -->","yoast_head_json":{"title":"Coraje y solidaridad: defendiendo los servicios para personas sin hogar ante las crecientes amenazas federales","description":"A medida que las acciones federales se vuelven m\u00e1s agresivas, Ann Oliva y Steve Berg reflexionan sobre la resiliencia de los defensores de las personas sin hogar y comparten c\u00f3mo puede apoyar a los proveedores de D.C., proteger los derechos civiles y mantenerse involucrado a trav\u00e9s de las nuevas herramientas de defensa de Alliance.","robots":{"index":"index","follow":"follow","max-snippet":"max-snippet:-1","max-image-preview":"max-image-preview:large","max-video-preview":"max-video-preview:-1"},"canonical":"https:\/\/endhomelessness.org\/es\/blog\/rincon-del-ceo-semana-del-25-de-agosto\/","og_locale":"es_ES","og_type":"article","og_title":"Coraje y solidaridad: defendiendo los servicios para personas sin hogar ante las crecientes amenazas federales","og_description":"A medida que las acciones federales se vuelven m\u00e1s agresivas, Ann Oliva y Steve Berg reflexionan sobre la resiliencia de los defensores de las personas sin hogar y comparten c\u00f3mo puede apoyar a los proveedores de D.C., proteger los derechos civiles y mantenerse involucrado a trav\u00e9s de las nuevas herramientas de defensa de Alliance.","og_url":"https:\/\/endhomelessness.org\/es\/blog\/rincon-del-ceo-semana-del-25-de-agosto\/","og_site_name":"Alianza Nacional para Erradicar la Falta de Vivienda","article_publisher":"https:\/\/www.facebook.com\/naehomelessness\/","article_modified_time":"2025-08-26T18:25:29+00:00","og_image":[{"width":1068,"height":684,"url":"https:\/\/endhomelessness.org\/wp-content\/uploads\/2014\/01\/Frame-222.png","type":"image\/png"}],"twitter_card":"summary_large_image","twitter_title":"Coraje y solidaridad: defendiendo los servicios para personas sin hogar ante las crecientes amenazas federales","twitter_description":"A medida que las acciones federales se vuelven m\u00e1s agresivas, Ann Oliva y Steve Berg reflexionan sobre la resiliencia de los defensores de las personas sin hogar y comparten c\u00f3mo puede apoyar a los proveedores de D.C., proteger los derechos civiles y mantenerse involucrado a trav\u00e9s de las nuevas herramientas de defensa de Alliance.","twitter_misc":{"Tiempo de lectura":"3 minutos"},"schema":{"@context":"https:\/\/schema.org","@graph":[{"@type":"WebPage","@id":"https:\/\/endhomelessness.org\/es\/blog\/rincon-del-ceo-semana-del-25-de-agosto\/","url":"https:\/\/endhomelessness.org\/es\/blog\/rincon-del-ceo-semana-del-25-de-agosto\/","name":"Coraje y solidaridad: defendiendo los servicios para personas sin hogar ante las crecientes amenazas federales","isPartOf":{"@id":"https:\/\/endhomelessness.org\/es\/#website"},"primaryImageOfPage":{"@id":"https:\/\/endhomelessness.org\/es\/blog\/rincon-del-ceo-semana-del-25-de-agosto\/#primaryimage"},"image":{"@id":"https:\/\/endhomelessness.org\/es\/blog\/rincon-del-ceo-semana-del-25-de-agosto\/#primaryimage"},"thumbnailUrl":"https:\/\/endhomelessness.org\/wp-content\/uploads\/2014\/01\/Frame-222.png","datePublished":"2025-08-26T18:06:12+00:00","dateModified":"2025-08-26T18:25:29+00:00","description":"A medida que las acciones federales se vuelven m\u00e1s agresivas, Ann Oliva y Steve Berg reflexionan sobre la resiliencia de los defensores de las personas sin hogar y comparten c\u00f3mo puede apoyar a los proveedores de D.C., proteger los derechos civiles y mantenerse involucrado a trav\u00e9s de las nuevas herramientas de defensa de Alliance.","breadcrumb":{"@id":"https:\/\/endhomelessness.org\/es\/blog\/rincon-del-ceo-semana-del-25-de-agosto\/#breadcrumb"},"inLanguage":"es","potentialAction":[{"@type":"ReadAction","target":["https:\/\/endhomelessness.org\/es\/blog\/rincon-del-ceo-semana-del-25-de-agosto\/"]}]},{"@type":"ImageObject","inLanguage":"es","@id":"https:\/\/endhomelessness.org\/es\/blog\/rincon-del-ceo-semana-del-25-de-agosto\/#primaryimage","url":"https:\/\/endhomelessness.org\/wp-content\/uploads\/2014\/01\/Frame-222.png","contentUrl":"https:\/\/endhomelessness.org\/wp-content\/uploads\/2014\/01\/Frame-222.png","width":1068,"height":684,"caption":"National Alliance to End Homelessness logo"},{"@type":"BreadcrumbList","@id":"https:\/\/endhomelessness.org\/es\/blog\/rincon-del-ceo-semana-del-25-de-agosto\/#breadcrumb","itemListElement":[{"@type":"ListItem","position":1,"name":"Inicio","item":"https:\/\/endhomelessness.org\/es\/home-page-2-2-2\/"},{"@type":"ListItem","position":2,"name":"Rinc\u00f3n del CEO: semana del 25 de agosto"}]},{"@type":"WebSite","@id":"https:\/\/endhomelessness.org\/es\/#website","url":"https:\/\/endhomelessness.org\/es\/","name":"National Alliance to End Homelessness","description":"Organizaci\u00f3n no partidista para prevenir y erradicar la falta de vivienda en EE.UU.","publisher":{"@id":"https:\/\/endhomelessness.org\/es\/#organization"},"potentialAction":[{"@type":"SearchAction","target":{"@type":"EntryPoint","urlTemplate":"https:\/\/endhomelessness.org\/es\/?s={search_term_string}"},"query-input":{"@type":"PropertyValueSpecification","valueRequired":true,"valueName":"search_term_string"}}],"inLanguage":"es"},{"@type":"Organization","@id":"https:\/\/endhomelessness.org\/es\/#organization","name":"Alianza Nacional para Erradicar la Falta de Vivienda","url":"https:\/\/endhomelessness.org\/es\/","logo":{"@type":"ImageObject","inLanguage":"es","@id":"https:\/\/endhomelessness.org\/es\/#\/schema\/logo\/image\/","url":"https:\/\/endhomelessness.org\/wp-content\/uploads\/2024\/09\/logo-2.webp","contentUrl":"https:\/\/endhomelessness.org\/wp-content\/uploads\/2024\/09\/logo-2.webp","width":687,"height":361,"caption":"Alianza Nacional para Erradicar la Falta de Vivienda"},"image":{"@id":"https:\/\/endhomelessness.org\/es\/#\/schema\/logo\/image\/"},"sameAs":["https:\/\/www.facebook.com\/naehomelessness\/","https:\/\/www.youtube.com\/@EndingHomelessness","https:\/\/www.linkedin.com\/company\/national-alliance-to-end-homelessness\/","https:\/\/instagram.com\/naeh_endhomelessness"]}]}},"_links":{"self":[{"href":"https:\/\/endhomelessness.org\/es\/wp-json\/wp\/v2\/blog\/22160","targetHints":{"allow":["GET"]}}],"collection":[{"href":"https:\/\/endhomelessness.org\/es\/wp-json\/wp\/v2\/blog"}],"about":[{"href":"https:\/\/endhomelessness.org\/es\/wp-json\/wp\/v2\/types\/blog"}],"author":[{"embeddable":true,"href":"https:\/\/endhomelessness.org\/es\/wp-json\/wp\/v2\/users\/49"}],"version-history":[{"count":0,"href":"https:\/\/endhomelessness.org\/es\/wp-json\/wp\/v2\/blog\/22160\/revisions"}],"wp:featuredmedia":[{"embeddable":true,"href":"https:\/\/endhomelessness.org\/es\/wp-json\/wp\/v2\/media\/14222"}],"wp:attachment":[{"href":"https:\/\/endhomelessness.org\/es\/wp-json\/wp\/v2\/media?parent=22160"}],"wp:term":[{"taxonomy":"blog-category","embeddable":true,"href":"https:\/\/endhomelessness.org\/es\/wp-json\/wp\/v2\/blog-category?post=22160"},{"taxonomy":"blog-audience","embeddable":true,"href":"https:\/\/endhomelessness.org\/es\/wp-json\/wp\/v2\/blog-audience?post=22160"},{"taxonomy":"blog-best-practice","embeddable":true,"href":"https:\/\/endhomelessness.org\/es\/wp-json\/wp\/v2\/blog-best-practice?post=22160"},{"taxonomy":"blog-key-issue","embeddable":true,"href":"https:\/\/endhomelessness.org\/es\/wp-json\/wp\/v2\/blog-key-issue?post=22160"}],"curies":[{"name":"wp","href":"https:\/\/api.w.org\/{rel}","templated":true}]}}