{"id":24215,"date":"2025-11-24T11:45:24","date_gmt":"2025-11-24T16:45:24","guid":{"rendered":"https:\/\/endhomelessness.org\/blog\/por-que-necesita-empezar-a-planificar-para-imprevistos-ahora\/"},"modified":"2025-11-24T12:11:29","modified_gmt":"2025-11-24T17:11:29","slug":"por-que-necesita-empezar-a-planificar-para-imprevistos-ahora","status":"publish","type":"blog","link":"https:\/\/endhomelessness.org\/es\/blog\/por-que-necesita-empezar-a-planificar-para-imprevistos-ahora\/","title":{"rendered":"\u00bfPor qu\u00e9 necesita empezar a planificar para imprevistos, ahora?"},"content":{"rendered":"\n<section class=\"e-stn e-stn-a3bc432b2c8239bffd3c2b46d0a40ccd7c3c6035 e-stn--bi-banner e-stn--blog-inner-banner e-mt-0\"><div class=\"container\">\n<div class=\"wp-block-b3rg-row e-row row\">\n<div class=\"wp-block-b3rg-column e-col e-col-f292e03f78260462168deab8171f2e6f4e7abf39 e-col--blog-inner-banner-content-wrpr  col-sm-12 col-lg-6\">\n<div class=\"e-div e-div-f62979f2fbf95e5a09f7db7a683d3f89b49164ab e-div--blog-inner-post-type-tag\"><span>BLOG<\/span>\n<\/div>\n\n\n<div class=\"e-mtf e-mtf--dlt  e-mtf--post-date\">Abr 30, 2026<\/div>\n\n<h1 class=\"wp-block-post-title\">\u00bfPor qu\u00e9 necesita empezar a planificar para imprevistos, ahora?<\/h1>\n\n\n<div class=\"e-div e-div-ede73609778db33acaa6271b4c919b23f7f93a97 e-div--bi-read-time\"><div class=\"e-mtf e-mtf--dlt  e-mtf--author-with-link\"><a href=\"https:\/\/endhomelessness.org\/es\/author\/mkenion\/\" class=\"post-author-url\">\n    <div class=\"post-author\">            <div class=\"post-author__content\">\n                <p class=\"post-author__name\">Mary Frances Kenion<\/p>\n            <\/div>\n        <\/div>\n    <\/a><\/div>\n\n\n<div class=\"e-div e-div-599a0d156d57a1ed7b9153d257ec7d0afab3a5a0\"><div class=\"e-mtf e-mtf--dlt  e-mtf--post-reading-time\"><div class=\"post-reading-time\"><span class=\"reading-time__time\">3<\/span> <span class=\"post-reading-time__label postfix\">min<\/span><\/div><\/div><\/div>\n<\/div>\n<\/div>\n\n\n\n<div class=\"wp-block-b3rg-column e-col e-col-83fac2c7c6c2b0d9e3fc879765b40d0c15a7c374 e-col--blog-inner-banner-media-wrpr  col-sm-12 col-lg-6\"><figure class=\"wp-block-post-featured-image\"><img decoding=\"async\" src=\"https:\/\/endhomelessness.org\/wp-content\/uploads\/2025\/11\/community-food-distribution-scaled.jpg\" class=\"attachment-post-thumbnail size-post-thumbnail wp-post-image\" alt=\"\" style=\"object-fit:cover;\" srcset=\"https:\/\/endhomelessness.org\/wp-content\/uploads\/2025\/11\/community-food-distribution-scaled.jpg 2560w, https:\/\/endhomelessness.org\/wp-content\/uploads\/2025\/11\/community-food-distribution-300x200.jpg 300w, https:\/\/endhomelessness.org\/wp-content\/uploads\/2025\/11\/community-food-distribution-1024x683.jpg 1024w, https:\/\/endhomelessness.org\/wp-content\/uploads\/2025\/11\/community-food-distribution-768x512.jpg 768w, https:\/\/endhomelessness.org\/wp-content\/uploads\/2025\/11\/community-food-distribution-1536x1024.jpg 1536w, https:\/\/endhomelessness.org\/wp-content\/uploads\/2025\/11\/community-food-distribution-2048x1365.jpg 2048w, https:\/\/endhomelessness.org\/wp-content\/uploads\/2025\/11\/community-food-distribution-575x383.jpg 575w\" sizes=\"(max-width: 2560px) 100vw, 2560px\" \/><\/figure><\/div>\n<\/div>\n<\/div><\/section>\n\n<section class=\"e-stn e-stn-dee7abf6c85ecbe93ddee929eb758fac0ac32d7d e-stn--bi-content-with-media-section e-mt-0 e-pt-120  e-pt-sm-50 e-pb-60\"><div class=\"container\">\n<div class=\"wp-block-b3rg-row e-row row\">\n<div class=\"wp-block-b3rg-column e-col e-col-a4d38f12ad71222f16e95f6229ee19f6255f7bff e-col--bi-content-with-media-section-content-wrapper e-col--blog-inner-contents  col-sm-12 col-lg-9\">\n<p>Tras la <a href=\"https:\/\/endhomelessness.org\/es\/blog\/orientacion-sobre-servicios-para-personas-sin-hogar-en-relacion-con-la-suspension-de-subvenciones-prestamos-federales\/\">pausa de subvenciones\/pr\u00e9stamos federales<\/a> por parte de la Administraci\u00f3n Trump a principios de 2025, la Alianza inst\u00f3 a las comunidades a llevar a cabo un an\u00e1lisis de impacto y una evaluaci\u00f3n de las necesidades de la financiaci\u00f3n federal que apoya los esfuerzos para prevenir y acabar con la falta de vivienda.<\/p>\n\n\n\n<p class=\"has-small-font-size\">Seg\u00fan nuestro <a href=\"https:\/\/endhomelessness.org\/wp-content\/uploads\/2025\/11\/FY2025-CoC-Program-NOFO-Full-Analysis.pdf\">an\u00e1lisis<\/a> de los cambios en el Aviso de Oportunidad de Financiaci\u00f3n (NOFO) del Programa Continuum of Care (CoC) del a\u00f1o fiscal 2025 y todos los dem\u00e1s cambios en los programas federales de la red de seguridad, <strong>ahora es el momento<\/strong> de que las comunidades mantengan conversaciones sobre la planificaci\u00f3n para imprevistos.<\/p>\n\n\n\n<h2 class=\"wp-block-heading has-midnight-express-color has-text-color has-link-color wp-elements-4cd10b7151624d442be66dea50031345\" id=\"h-understanding-the-impact\">Comprender el impacto <\/h2>\n\n\n\n<p class=\"has-small-font-size\"><strong>El impacto de este NOFO sin duda causar\u00e1 un da\u00f1o desproporcionado a\u00fan mayor a ciertos grupos.<\/strong> Sabemos que los antecedentes de una persona (incluida la discapacidad, la raza, la identidad de g\u00e9nero, la edad o la ubicaci\u00f3n) pueden influir negativamente en su acceso a una vivienda estable. Acabar con la falta de vivienda de forma integral requiere abordar y reducir estas desigualdades en los esfuerzos de planificaci\u00f3n locales: haciendo que los servicios respondan mejor a las diversas necesidades de la comunidad y centrando la experiencia, las preocupaciones y las ideas de las personas con experiencia vital en la falta de vivienda. <\/p>\n\n\n\n<h2 class=\"wp-block-heading has-midnight-express-color has-text-color has-link-color wp-elements-a91c5dcef64344e48e756c6a0fba4b36\" id=\"h-resources-to-help-you-plan\">Recursos para ayudarle a planificar <\/h2>\n\n\n\n<p class=\"has-small-font-size\">La Alianza se ha asociado con Canavan Associates y Darlene Mathews, Inc. para proporcionar a las comunidades un <a href=\"https:\/\/endhomelessness.org\/resources\/toolkits-and-training-materials\/the-system-series\/#contingencyplanning\"><strong>conjunto de herramientas de planificaci\u00f3n de contingencia<\/strong><\/a> de tres partes mientras afrontan las dif\u00edciles decisiones que se avecinan. Comprender el impacto es esencial para la planificaci\u00f3n de contingencia; este conjunto de herramientas se centrar\u00e1 en evaluar y prepararse para las interrupciones a nivel comunitario en materia de vivienda y refugio. <\/p>\n\n\n\n<p class=\"has-small-font-size\">El conjunto de herramientas incluir\u00e1:<\/p>\n\n\n\n<ul class=\"wp-block-list\">\n<li class=\"has-small-font-size\">Una <strong><a href=\"https:\/\/endhomelessness.org\/wp-content\/uploads\/2025\/11\/NAEH-Product-1-Community-Impact-Assessment_Final.docx\">plantilla de encuesta de evaluaci\u00f3n del impacto comunitario<\/a><\/strong> para crear y mantener una conciencia compartida del impacto comunitario en la red de seguridad social m\u00e1s amplia de su comunidad. Esta plantilla se puede personalizar para satisfacer las necesidades locales y se puede cargar f\u00e1cilmente en formato electr\u00f3nico. <\/li>\n\n\n\n<li class=\"has-small-font-size\">Una <strong><a href=\"https:\/\/endhomelessness.org\/wp-content\/uploads\/2025\/11\/NAEH-Product-2-Decision-Support-Tool_Final.pptx\">herramienta de apoyo a la toma de decisiones<\/a><\/strong> para aprovechar la evaluaci\u00f3n del impacto de su comunidad y planificar con sus socios para minimizar los da\u00f1os causados por los recortes repentinos de financiaci\u00f3n. Esta herramienta ayudar\u00e1 a las comunidades a comprender las formas en que los hogares vulnerables utilizan los apoyos comunitarios para ayudar a priorizar los recursos y crear estrategias para proteger los sistemas de la red de seguridad. <\/li>\n\n\n\n<li class=\"has-small-font-size\">La tercera y \u00faltima parte, una <strong>Lista de Consideraciones para Proyectos<\/strong><em>, <\/em>est\u00e1 enfocada a nivel de proyecto para los proveedores de servicios y se publicar\u00e1 a <strong>principios de 2026<\/strong>.<\/li>\n<\/ul>\n\n\n\n<p class=\"has-small-font-size\">Este conjunto de herramientas ayudar\u00e1 a las comunidades a mantener una conversaci\u00f3n informada y precisa con los socios comunitarios que tambi\u00e9n se ver\u00e1n afectados. Los materiales del conjunto de herramientas ayudar\u00e1n a preparar a las comunidades para tener un di\u00e1logo informado y productivo centrado en toda la red de seguridad adyacente o integrada con la vivienda (por ejemplo, salud f\u00edsica y conductual, estabilidad alimentaria, seguridad p\u00fablica, educaci\u00f3n y otros). Aseg\u00farese de registrarse para un <a href=\"https:\/\/us02web.zoom.us\/webinar\/register\/WN_lTPXpCvNT726DqWQQbQ4Xw#\/registration\">pr\u00f3ximo seminario web (12\/2) sobre el Conjunto de Herramientas de Planificaci\u00f3n para Imprevistos<\/a> para explorar estos materiales con mayor detalle.  <\/p>\n\n\n\n<p class=\"has-small-font-size\">De la misma manera que las comunidades no pueden prepararse completamente para los impactos de un desastre natural, no podemos saber completamente cu\u00e1les ser\u00e1n los impactos de este desastre provocado por el hombre. Pero al hacer planes para imprevistos, podemos estar lo m\u00e1s equipados posible para manejar los eventos que se avecinan.  <\/p>\n<\/div>\n\n\n\n<div class=\"wp-block-b3rg-column e-col e-col-c7e6690a9b9a99586e7d792ce0dcd5f727eb42fb e-col--bi-right-side e-col--blog-inner-related-posts  col-sm-12 col-lg-3\">\n<div class=\"e-div e-div-8661fe5561a27dcd9d56d7c41eebfe981ab223ce e-div--js-bi-sticky-left\">\n<div class=\"e-div e-div-6783371f78b599a5bb0cc6e2ec9b8d8dd10ccd05 e-div--bi-social-icons\">\n<div class=\"e-div e-div-0bd8fc27367e1ecdabfe93ba40406d6065beb6cb e-div--social-share-tooltip\"><div class=\"heateor_sss_sharing_container heateor_sss_horizontal_sharing\" data-heateor-ss-offset=\"0\" data-heateor-sss-href='https:\/\/endhomelessness.org\/es\/blog\/por-que-necesita-empezar-a-planificar-para-imprevistos-ahora\/'><div class=\"heateor_sss_sharing_ul\"><a aria-label=\"Copy Link\" class=\"heateor_sss_button_copy_link\" title=\"Copy Link\" rel=\"noopener\" href=\"https:\/\/endhomelessness.org\/es\/blog\/por-que-necesita-empezar-a-planificar-para-imprevistos-ahora\/\" onclick=\"event.preventDefault()\" style=\"font-size:32px!important;box-shadow:none;display:inline-block;vertical-align:middle\"><span class=\"heateor_sss_svg heateor_sss_s__default heateor_sss_s_copy_link\" style=\"background-color:#ffc112;width:35px;height:35px;border-radius:999px;display:inline-block;opacity:1;float:left;font-size:32px;box-shadow:none;display:inline-block;font-size:16px;padding:0 4px;vertical-align:middle;background-repeat:repeat;overflow:hidden;padding:0;cursor:pointer;box-sizing:content-box\"><svg style=\"display:block;border-radius:999px;\" focusable=\"false\" aria-hidden=\"true\" xmlns=\"http:\/\/www.w3.org\/2000\/svg\" width=\"100%\" height=\"100%\" viewBox=\"-4 -4 40 40\"><path fill=\"#fff\" d=\"M24.412 21.177c0-.36-.126-.665-.377-.917l-2.804-2.804a1.235 1.235 0 0 0-.913-.378c-.377 0-.7.144-.97.43.026.028.11.11.255.25.144.14.24.236.29.29s.117.14.2.256c.087.117.146.232.177.344.03.112.046.236.046.37 0 .36-.126.666-.377.918a1.25 1.25 0 0 1-.918.377 1.4 1.4 0 0 1-.373-.047 1.062 1.062 0 0 1-.345-.175 2.268 2.268 0 0 1-.256-.2 6.815 6.815 0 0 1-.29-.29c-.14-.142-.223-.23-.25-.254-.297.28-.445.607-.445.984 0 .36.126.664.377.916l2.778 2.79c.243.243.548.364.917.364.36 0 .665-.118.917-.35l1.982-1.97c.252-.25.378-.55.378-.9zm-9.477-9.504c0-.36-.126-.665-.377-.917l-2.777-2.79a1.235 1.235 0 0 0-.913-.378c-.35 0-.656.12-.917.364L7.967 9.92c-.254.252-.38.553-.38.903 0 .36.126.665.38.917l2.802 2.804c.242.243.547.364.916.364.377 0 .7-.14.97-.418-.026-.027-.11-.11-.255-.25s-.24-.235-.29-.29a2.675 2.675 0 0 1-.2-.255 1.052 1.052 0 0 1-.176-.344 1.396 1.396 0 0 1-.047-.37c0-.36.126-.662.377-.914.252-.252.557-.377.917-.377.136 0 .26.015.37.046.114.03.23.09.346.175.117.085.202.153.256.2.054.05.15.148.29.29.14.146.222.23.25.258.294-.278.442-.606.442-.983zM27 21.177c0 1.078-.382 1.99-1.146 2.736l-1.982 1.968c-.745.75-1.658 1.12-2.736 1.12-1.087 0-2.004-.38-2.75-1.143l-2.777-2.79c-.75-.747-1.12-1.66-1.12-2.737 0-1.106.392-2.046 1.183-2.818l-1.186-1.185c-.774.79-1.708 1.186-2.805 1.186-1.078 0-1.995-.376-2.75-1.13l-2.803-2.81C5.377 12.82 5 11.903 5 10.826c0-1.08.382-1.993 1.146-2.738L8.128 6.12C8.873 5.372 9.785 5 10.864 5c1.087 0 2.004.382 2.75 1.146l2.777 2.79c.75.747 1.12 1.66 1.12 2.737 0 1.105-.392 2.045-1.183 2.817l1.186 1.186c.774-.79 1.708-1.186 2.805-1.186 1.078 0 1.995.377 2.75 1.132l2.804 2.804c.754.755 1.13 1.672 1.13 2.75z\"\/><\/svg><\/span><\/a><a aria-label=\"Facebook\" class=\"heateor_sss_facebook\" href=\"https:\/\/www.facebook.com\/sharer\/sharer.php?u=https%3A%2F%2Fendhomelessness.org%2Fes%2Fblog%2Fpor-que-necesita-empezar-a-planificar-para-imprevistos-ahora%2F\" title=\"Facebook\" rel=\"nofollow noopener\" target=\"_blank\" style=\"font-size:32px!important;box-shadow:none;display:inline-block;vertical-align:middle\"><span class=\"heateor_sss_svg\" style=\"background-color:#0765FE;width:35px;height:35px;border-radius:999px;display:inline-block;opacity:1;float:left;font-size:32px;box-shadow:none;display:inline-block;font-size:16px;padding:0 4px;vertical-align:middle;background-repeat:repeat;overflow:hidden;padding:0;cursor:pointer;box-sizing:content-box\"><svg style=\"display:block;border-radius:999px;\" focusable=\"false\" aria-hidden=\"true\" xmlns=\"http:\/\/www.w3.org\/2000\/svg\" width=\"100%\" height=\"100%\" viewBox=\"0 0 32 32\"><path fill=\"#fff\" d=\"M28 16c0-6.627-5.373-12-12-12S4 9.373 4 16c0 5.628 3.875 10.35 9.101 11.647v-7.98h-2.474V16H13.1v-1.58c0-4.085 1.849-5.978 5.859-5.978.76 0 2.072.15 2.608.298v3.325c-.283-.03-.775-.045-1.386-.045-1.967 0-2.728.745-2.728 2.683V16h3.92l-.673 3.667h-3.247v8.245C23.395 27.195 28 22.135 28 16Z\"><\/path><\/svg><\/span><\/a><a aria-label=\"Linkedin\" class=\"heateor_sss_button_linkedin\" href=\"https:\/\/www.linkedin.com\/sharing\/share-offsite\/?url=https%3A%2F%2Fendhomelessness.org%2Fes%2Fblog%2Fpor-que-necesita-empezar-a-planificar-para-imprevistos-ahora%2F\" title=\"Linkedin\" rel=\"nofollow noopener\" target=\"_blank\" style=\"font-size:32px!important;box-shadow:none;display:inline-block;vertical-align:middle\"><span class=\"heateor_sss_svg heateor_sss_s__default heateor_sss_s_linkedin\" style=\"background-color:#0077b5;width:35px;height:35px;border-radius:999px;display:inline-block;opacity:1;float:left;font-size:32px;box-shadow:none;display:inline-block;font-size:16px;padding:0 4px;vertical-align:middle;background-repeat:repeat;overflow:hidden;padding:0;cursor:pointer;box-sizing:content-box\"><svg style=\"display:block;border-radius:999px;\" focusable=\"false\" aria-hidden=\"true\" xmlns=\"http:\/\/www.w3.org\/2000\/svg\" width=\"100%\" height=\"100%\" viewBox=\"0 0 32 32\"><path d=\"M6.227 12.61h4.19v13.48h-4.19V12.61zm2.095-6.7a2.43 2.43 0 0 1 0 4.86c-1.344 0-2.428-1.09-2.428-2.43s1.084-2.43 2.428-2.43m4.72 6.7h4.02v1.84h.058c.56-1.058 1.927-2.176 3.965-2.176 4.238 0 5.02 2.792 5.02 6.42v7.395h-4.183v-6.56c0-1.564-.03-3.574-2.178-3.574-2.18 0-2.514 1.7-2.514 3.46v6.668h-4.187V12.61z\" fill=\"#fff\"><\/path><\/svg><\/span><\/a><a aria-label=\"X\" class=\"heateor_sss_button_x\" href=\"https:\/\/twitter.com\/intent\/tweet?text=%C2%BFPor%20qu%C3%A9%20necesita%20empezar%20a%20planificar%20para%20imprevistos%2C%20ahora%3F&url=https%3A%2F%2Fendhomelessness.org%2Fes%2Fblog%2Fpor-que-necesita-empezar-a-planificar-para-imprevistos-ahora%2F\" title=\"X\" rel=\"nofollow noopener\" target=\"_blank\" style=\"font-size:32px!important;box-shadow:none;display:inline-block;vertical-align:middle\"><span class=\"heateor_sss_svg heateor_sss_s__default heateor_sss_s_x\" style=\"background-color:#2a2a2a;width:35px;height:35px;border-radius:999px;display:inline-block;opacity:1;float:left;font-size:32px;box-shadow:none;display:inline-block;font-size:16px;padding:0 4px;vertical-align:middle;background-repeat:repeat;overflow:hidden;padding:0;cursor:pointer;box-sizing:content-box\"><svg width=\"100%\" height=\"100%\" style=\"display:block;border-radius:999px;\" focusable=\"false\" aria-hidden=\"true\" xmlns=\"http:\/\/www.w3.org\/2000\/svg\" viewBox=\"0 0 32 32\"><path fill=\"#fff\" d=\"M21.751 7h3.067l-6.7 7.658L26 25.078h-6.172l-4.833-6.32-5.531 6.32h-3.07l7.167-8.19L6 7h6.328l4.37 5.777L21.75 7Zm-1.076 16.242h1.7L11.404 8.74H9.58l11.094 14.503Z\"><\/path><\/svg><\/span><\/a><\/div><div class=\"heateorSssClear\"><\/div><\/div>\n<\/div>\n<\/div>\n\n\n\n<div class=\"e-div e-div-af7eb1a5ea5020b880f9de14a3d3c89ad21e836b e-div--bi-topics\">\n<h2 class=\"wp-block-heading has-rich-black-color has-text-color has-link-color wp-elements-44c1bfb0524dc8fb9ce2265c6b67cbdf\" id=\"h-tags\">Etiquetas<\/h2>\n\n\n<div class=\"e-mtf e-mtf--dlt e-mtf--taxonomy e-mtf--taxonomy-blog-tags\"><\/div><\/div>\n\n\n\n<div class=\"e-div e-div-3359dcc64b5aa52be4b646b92bee9cedcb7692d8 e-div--bi-related-post\"><style><\/style>\n<h2 class=\"wp-block-heading has-rich-black-color has-text-color has-link-color wp-elements-2dd9931ec2e2ed34bd2a545ead11f424\" id=\"h-related-posts\">Publicaciones relacionadas<\/h2>\n\n\n\n<div class=\"e-div e-div-599a0d156d57a1ed7b9153d257ec7d0afab3a5a0\">\n<\/div>\n<\/div>\n<\/div>\n<\/div>\n<\/div>\n<\/div><\/section>\n\n<section class=\"e-stn e-stn-dd2c7e211ef7e2ab7c420b663178e10125389ca5 e-stn--related-post e-mt-60  e-mt-sm-0\"><style>@media only screen and (max-width: 9999px) {\n\t\t\t\t\t\t\t\t\t.e-stn.e-stn-dd2c7e211ef7e2ab7c420b663178e10125389ca5 { \n\t\t\t\t\t\t\t\t\t\tbackground-color: #F3F8FC; \n\t\t\t\t\t\t\t\t\t}\n\t\t\t\t\t\t\t\t}<\/style><div class=\"container\">\n<div class=\"wp-block-b3rg-row e-row row e-row--title-with-description\">\n<div class=\"wp-block-b3rg-column e-col e-col-39cfa9d404ac019aa00fc49744dc7db02252e1b1  col-sm-12\">\n<h2 class=\"wp-block-heading has-text-align-center\" id=\"h-you-might-also-be-interested-in\">Tambi\u00e9n le podr\u00eda interesar<\/h2>\n<\/div>\n<\/div>\n\n\n\n<div class=\"wp-block-b3rg-row e-row row\">\n<div class=\"wp-block-b3rg-column e-col e-col-39cfa9d404ac019aa00fc49744dc7db02252e1b1  col-sm-12\"><div class=\"e-rlp e-rlp--dlt\" > <div class=\"e-sgp taxonomy-opcional taxonomy-falta-de-vivienda-en-situacion-de-calle taxonomy-continuos-de-atencion e-sgp--dlt  wrapper-link\" > <a class=\"b3rg-post__trigger\" href='https:\/\/endhomelessness.org\/es\/blog\/sesion-plenaria-de-apertura-conferencia-sobre-innovaciones-y-soluciones-para-erradicar-el-sinhogarismo-no-albergado-marzo-de-2024\/' target='_self'><div class=\"e-sgp__inner\">\n<div class=\"e-div e-div-c53e97a9a9559166a32068894e0bbde0332d81f5 e-sgp__media\"><figure class=\"wp-block-post-featured-image\"><img decoding=\"async\" src=\"https:\/\/endhomelessness.org\/wp-content\/uploads\/2024\/10\/support-our-work-e1611776502991-3.jpg\" class=\"attachment-post-thumbnail size-post-thumbnail wp-post-image\" alt=\"Written by Marcy Thompson\" style=\"object-fit:cover;\" srcset=\"https:\/\/endhomelessness.org\/wp-content\/uploads\/2024\/10\/support-our-work-e1611776502991-3.jpg 1200w, https:\/\/endhomelessness.org\/wp-content\/uploads\/2024\/10\/support-our-work-e1611776502991-3-300x119.jpg 300w, https:\/\/endhomelessness.org\/wp-content\/uploads\/2024\/10\/support-our-work-e1611776502991-3-1024x407.jpg 1024w, https:\/\/endhomelessness.org\/wp-content\/uploads\/2024\/10\/support-our-work-e1611776502991-3-768x305.jpg 768w, https:\/\/endhomelessness.org\/wp-content\/uploads\/2024\/10\/support-our-work-e1611776502991-3-575x229.jpg 575w\" sizes=\"(max-width: 1200px) 100vw, 1200px\" \/><\/figure><\/div>\n\n<div class=\"e-div e-div-2c44d94220681ab77dbb9ea2b16f2b7b5296237b e-sgp__content\">\n<div class=\"e-div e-div-599a0d156d57a1ed7b9153d257ec7d0afab3a5a0\"><div class=\"wp-block-post-date\"><time datetime=\"2024-03-19T08:59:00-04:00\">19 de marzo de 2024<\/time><\/div>\n\n\n<div class=\"e-div e-div-599a0d156d57a1ed7b9153d257ec7d0afab3a5a0\"><div class=\"e-mtf e-mtf--dlt  e-mtf--post-reading-time\"><div class=\"post-reading-time\"><span class=\"reading-time__time\">12<\/span> <span class=\"post-reading-time__label postfix\">min<\/span><\/div><\/div><\/div>\n<\/div>\n\n\n<div class=\"e-mtf e-mtf--dlt  e-mtf--author-details\"><div class=\"post-author\"><div class=\"post-author__avatar\"><img decoding=\"async\" src=\"https:\/\/secure.gravatar.com\/avatar\/ea86b2b9f946d9233bda9c93f5134672349f8d7d350c75901efd5845c144a57d?s=96&#038;d=mm&#038;r=g\" alt=\"\"\/><\/div>                        <div class=\"post-author__content\">\n                            <p class=\"post-author__name\">Ann Oliva<\/p>\n                        <\/div><\/div><\/div>\n\n<h2 class=\"wp-block-post-title\">Sesi\u00f3n plenaria de apertura: Conferencia sobre innovaciones y soluciones para erradicar el sinhogarismo no albergado, marzo de 2024<\/h2>\n\n<div class=\"wp-block-post-excerpt\"><p class=\"wp-block-post-excerpt__excerpt\">\u00a1Buenas tardes a todos! Es sumamente gratificante verlos a todos aqu\u00ed en San Francisco para la Conferencia de la Alianza del 2024 sobre innovaciones y soluciones para erradicar el sinhogarismo no albergado&#8230;. <\/p><\/div>\n\n<div class=\"e-mtf e-mtf--dlt e-mtf--taxonomy e-mtf--taxonomy-blog-tags\"><\/div>\n\n<div class=\"e-mtf e-mtf--dlt  e-mtf--learn-more-label\"><span class=\"btn\"><\/span><\/div><\/div>\n<\/div><\/a><\/div><div class=\"e-sgp taxonomy-opcional taxonomy-legisladores-y-defensores taxonomy-financiacion-federal e-sgp--dlt  wrapper-link\" > <a class=\"b3rg-post__trigger\" href='https:\/\/endhomelessness.org\/es\/blog\/fy26-appropriations-update-on-homelessness-and-housing-funds\/' target='_self'><div class=\"e-sgp__inner\">\n<div class=\"e-div e-div-c53e97a9a9559166a32068894e0bbde0332d81f5 e-sgp__media\"><figure class=\"wp-block-post-featured-image\"><img decoding=\"async\" src=\"https:\/\/endhomelessness.org\/wp-content\/uploads\/2024\/10\/policy-slider-e1756232709101.jpg\" class=\"attachment-post-thumbnail size-post-thumbnail wp-post-image\" alt=\"Written by Steve Berg\" style=\"object-fit:cover;\" \/><\/figure><\/div>\n\n<div class=\"e-div e-div-2c44d94220681ab77dbb9ea2b16f2b7b5296237b e-sgp__content\">\n<div class=\"e-div e-div-599a0d156d57a1ed7b9153d257ec7d0afab3a5a0\"><div class=\"wp-block-post-date\"><time datetime=\"2025-07-17T15:34:31-04:00\">17 de julio de 2025<\/time><\/div>\n\n\n<div class=\"e-div e-div-599a0d156d57a1ed7b9153d257ec7d0afab3a5a0\"><div class=\"e-mtf e-mtf--dlt  e-mtf--post-reading-time\"><div class=\"post-reading-time\"><span class=\"reading-time__time\">6<\/span> <span class=\"post-reading-time__label postfix\">min<\/span><\/div><\/div><\/div>\n<\/div>\n\n\n<div class=\"e-mtf e-mtf--dlt  e-mtf--author-details\"><div class=\"post-author\"><div class=\"post-author__avatar\"><img decoding=\"async\" src=\"https:\/\/secure.gravatar.com\/avatar\/37505a89f078f631bf564b023a9187c37a3c3bb201cac28944a5871e9229f338?s=96&#038;d=mm&#038;r=g\" alt=\"\"\/><\/div>                        <div class=\"post-author__content\">\n                            <p class=\"post-author__name\">Steve Berg<\/p>\n                        <\/div><\/div><\/div>\n\n<h2 class=\"wp-block-post-title\">Apropiaciones para el a\u00f1o fiscal 26: actualizaci\u00f3n sobre fondos para personas sin hogar y vivienda<\/h2>\n\n<div class=\"wp-block-post-excerpt\"><p class=\"wp-block-post-excerpt__excerpt\"> <\/p><\/div>\n\n<div class=\"e-mtf e-mtf--dlt e-mtf--taxonomy e-mtf--taxonomy-blog-tags\"><\/div>\n\n<div class=\"e-mtf e-mtf--dlt  e-mtf--learn-more-label\"><span class=\"btn\"><\/span><\/div><\/div>\n<\/div><\/a><\/div><div class=\"e-sgp taxonomy-legisladores-y-defensores taxonomy-vivienda-primero taxonomy-academicos-e-investigadores taxonomy-vales-de-vivienda e-sgp--dlt  wrapper-link\" > <a class=\"b3rg-post__trigger\" href='https:\/\/endhomelessness.org\/es\/blog\/los-sistemas-para-personas-sin-hogar-son-mas-eficientes-pero-que-esta-impulsando-el-aumento-de-la-falta-de-vivienda\/' target='_self'><div class=\"e-sgp__inner\">\n<div class=\"e-div e-div-c53e97a9a9559166a32068894e0bbde0332d81f5 e-sgp__media\"><figure class=\"wp-block-post-featured-image\"><img decoding=\"async\" src=\"https:\/\/endhomelessness.org\/wp-content\/uploads\/2024\/10\/dayne-topkin-101956-unsplash-1024x683-1.jpg\" class=\"attachment-post-thumbnail size-post-thumbnail wp-post-image\" alt=\"Written by Steve Berg\" style=\"object-fit:cover;\" srcset=\"https:\/\/endhomelessness.org\/wp-content\/uploads\/2024\/10\/dayne-topkin-101956-unsplash-1024x683-1.jpg 1024w, https:\/\/endhomelessness.org\/wp-content\/uploads\/2024\/10\/dayne-topkin-101956-unsplash-1024x683-1-300x200.jpg 300w, https:\/\/endhomelessness.org\/wp-content\/uploads\/2024\/10\/dayne-topkin-101956-unsplash-1024x683-1-768x512.jpg 768w, https:\/\/endhomelessness.org\/wp-content\/uploads\/2024\/10\/dayne-topkin-101956-unsplash-1024x683-1-575x384.jpg 575w\" sizes=\"(max-width: 1024px) 100vw, 1024px\" \/><\/figure><\/div>\n\n<div class=\"e-div e-div-2c44d94220681ab77dbb9ea2b16f2b7b5296237b e-sgp__content\">\n<div class=\"e-div e-div-599a0d156d57a1ed7b9153d257ec7d0afab3a5a0\"><div class=\"wp-block-post-date\"><time datetime=\"2023-12-19T08:59:00-05:00\">19 de diciembre de 2023<\/time><\/div>\n\n\n<div class=\"e-div e-div-599a0d156d57a1ed7b9153d257ec7d0afab3a5a0\"><div class=\"e-mtf e-mtf--dlt  e-mtf--post-reading-time\"><div class=\"post-reading-time\"><span class=\"reading-time__time\">6<\/span> <span class=\"post-reading-time__label postfix\">min<\/span><\/div><\/div><\/div>\n<\/div>\n\n\n<div class=\"e-mtf e-mtf--dlt  e-mtf--author-details\"><div class=\"post-author\"><div class=\"post-author__avatar\"><img decoding=\"async\" src=\"https:\/\/secure.gravatar.com\/avatar\/37505a89f078f631bf564b023a9187c37a3c3bb201cac28944a5871e9229f338?s=96&#038;d=mm&#038;r=g\" alt=\"\"\/><\/div>                        <div class=\"post-author__content\">\n                            <p class=\"post-author__name\">Steve Berg<\/p>\n                        <\/div><\/div><\/div>\n\n<h2 class=\"wp-block-post-title\">Los sistemas para personas sin hogar son m\u00e1s eficientes &#8211; \u00bfPero qu\u00e9 est\u00e1 impulsando el aumento de la falta de vivienda?<\/h2>\n\n<div class=\"wp-block-post-excerpt\"><p class=\"wp-block-post-excerpt__excerpt\">La semana pasada, el Departamento de Vivienda y Desarrollo Urbano de los Estados Unidos (HUD, por sus siglas en ingl\u00e9s) public\u00f3 su informe anual sobre los recuentos puntuales (PIT, por sus siglas en ingl\u00e9s) de enero de 2023 de personas que viven en albergues y en las&#8230; <\/p><\/div>\n\n<div class=\"e-mtf e-mtf--dlt e-mtf--taxonomy e-mtf--taxonomy-blog-tags\"><\/div>\n\n<div class=\"e-mtf e-mtf--dlt  e-mtf--learn-more-label\"><span class=\"btn\"><\/span><\/div><\/div>\n<\/div><\/a><\/div><\/div><\/div>\n<\/div>\n<\/div><\/section>\n\n<section class=\"e-stn e-stn-fecd9f248d71f1b43eea1791ae2aa16e613ea50d e-stn--subscription-form\"><div class=\"container\">\n<div class=\"wp-block-b3rg-row e-row row\">\n<div class=\"wp-block-b3rg-column e-col e-col-5e53f80929c6668a38540fba03c97241dc5f6888 e-col--left  col-sm-12 col-lg-6\">\n<h2 class=\"wp-block-heading has-pure-white-color has-text-color has-link-color wp-elements-cec0e497456012f6e859233bfca8aaa4\"><strong>Mant\u00e9ngase informado: Soluciones, historias y formas de generar impacto<\/strong><\/h2>\n\n\n\n<p>Reg\u00edstrese para recibir actualizaciones sobre el trabajo de la Alianza, incluyendo las \u00faltimas investigaciones, esfuerzos de promoci\u00f3n e historias reales de progreso \u2014 adem\u00e1s de formas en las que puede ayudar a impulsar un cambio duradero.<\/p>\n<\/div>\n\n\n\n<div class=\"wp-block-b3rg-column e-col e-col-117d0cb7e6b4934330c33fb3a4c7ee0ab7e9abd4 e-col--right e-col--email-cta-form-wrpr  col-sm-12 col-lg-6\">\n<div id=\"mc_embed_shell\">\n      <link href=\"\/\/cdn-images.mailchimp.com\/embedcode\/classic-061523.css\" rel=\"stylesheet\" type=\"text\/css\"\/>\n  <style type=\"text\/css\">\n        #mc_embed_signup{background:#fff; false;clear:left; font:14px Helvetica,Arial,sans-serif; width: 600px;}\n        \/* Add your own Mailchimp form style overrides in your site stylesheet or in this style block.\n           We recommend moving this block and the preceding CSS link to the HEAD of your HTML file. *\/\n<\/style>\n<div id=\"mc_embed_signup\">\n    <form action=\"https:\/\/endhomelessness.us9.list-manage.com\/subscribe\/post?u=466b34a51377a9504fb2ebd8f&#038;id=1cf64328bb&#038;f_id=00f7f2e0f0\" method=\"post\" id=\"mc-embedded-subscribe-form\" name=\"mc-embedded-subscribe-form\" class=\"validate\" target=\"_blank\">\n        <div id=\"mc_embed_signup_scroll\">\n            <div class=\"indicates-required\"><span class=\"asterisk\">*<\/span> indica campo obligatorio<\/div>\n            <div class=\"mc-field-group\"><label for=\"mce-EMAIL\">Direcci\u00f3n de correo electr\u00f3nico <span class=\"asterisk\">*<\/span><\/label><input type=\"email\" name=\"EMAIL\" class=\"required email\" id=\"mce-EMAIL\" required=\"\" value=\"\"\/><\/div><div class=\"mc-field-group input-group\"><strong>\u00bfC\u00f3mo deber\u00edamos comunicarnos con usted? <\/strong><ul><li><input type=\"checkbox\" name=\"group[17873][1]\" id=\"mce-group[17873]-17873-0\" value=\"\"\/><label for=\"mce-group[17873]-17873-0\">Deseo recibir semanalmente herramientas, recursos y noticias sobre la falta de vivienda<\/label><\/li><li><input type=\"checkbox\" name=\"group[17873][2]\" id=\"mce-group[17873]-17873-1\" value=\"\"\/><label for=\"mce-group[17873]-17873-1\">Deseo recibir noticias generales y actualizaciones sobre el trabajo de la Alianza<\/label><\/li><\/ul><\/div><div class=\"mc-field-group\"><label for=\"mce-FNAME\">Nombre <\/label><input type=\"text\" name=\"FNAME\" class=\" text\" id=\"mce-FNAME\" value=\"\"\/><\/div><div class=\"mc-field-group\"><label for=\"mce-LNAME\">Apellido <\/label><input type=\"text\" name=\"LNAME\" class=\" text\" id=\"mce-LNAME\" value=\"\"\/><\/div>\n<div hidden=\"\"><input type=\"hidden\" name=\"tags\" value=\"12777910\"\/><\/div>\n        <div id=\"mce-responses\" class=\"clear\">\n            <div class=\"response\" id=\"mce-error-response\" style=\"display: none;\"><\/div>\n            <div class=\"response\" id=\"mce-success-response\" style=\"display: none;\"><\/div>\n        <\/div><div aria-hidden=\"true\" style=\"position: absolute; left: -5000px;\"><input type=\"text\" name=\"b_466b34a51377a9504fb2ebd8f_1cf64328bb\" tabindex=\"-1\" value=\"\"\/><\/div><div class=\"clear\"><input type=\"submit\" name=\"subscribe\" id=\"mc-embedded-subscribe\" class=\"button\" value=\"Suscribirse\"\/><\/div>\n    <\/div>\n<\/form>\n<\/div>\n<script type=\"text\/javascript\" src=\"\/\/s3.amazonaws.com\/downloads.mailchimp.com\/js\/mc-validate.js\"><\/script><script type=\"text\/javascript\">(function($) {window.fnames = new Array(); window.ftypes = new Array();fnames[0]='EMAIL';ftypes[0]='email';fnames[1]='FNAME';ftypes[1]='text';fnames[2]='LNAME';ftypes[2]='text';fnames[12]='MMERGE12';ftypes[12]='zip';fnames[4]='MMERGE4';ftypes[4]='text';fnames[7]='CITY';ftypes[7]='text';fnames[8]='STATE';ftypes[8]='text';fnames[11]='MMERGE11';ftypes[11]='text';fnames[13]='MMERGE13';ftypes[13]='text';fnames[3]='MMERGE3';ftypes[3]='text';fnames[5]='MMERGE5';ftypes[5]='text';}(jQuery));var $mcj = jQuery.noConflict(true);<\/script><\/div>\n<\/div>\n<\/div>\n<\/div><\/section>\n","protected":false},"excerpt":{"rendered":"","protected":false},"author":6,"featured_media":24211,"template":"","meta":{"_acf_changed":false,"show_custom_date":false,"custom_date":"","featured":false,"featured_image":0,"learn_more_label":"","image_alt_text":"","learn_more_type":"","show_popup":false,"learn_more_link_file":0,"event_date":false,"event_start_date":"","event_end_date":"","place_holder_image_url":"","post_reading_time":"3","notification_enabled":false,"notification_text":"","notification_logo":"","notification_expiration_time":0,"is_enable_transparent_header":false,"hide_from_list_view":false,"selected_taxonomy_terms":{"blog-category":[],"blog-audience":[465],"blog-best-practice":[],"blog-key-issue":[472],"translation_priority":[66]},"selected_primary_terms":[],"learn_more_link":[],"featured_page_list":[],"notification_enabled_post_list":[],"_relevanssi_hide_post":"","_relevanssi_hide_content":"","_relevanssi_pin_for_all":"","_relevanssi_pin_keywords":"","_relevanssi_unpin_keywords":"","_relevanssi_related_keywords":"","_relevanssi_related_include_ids":"","_relevanssi_related_exclude_ids":"","_relevanssi_related_no_append":"","_relevanssi_related_not_related":"","_relevanssi_related_posts":"18460,21128,18325","_relevanssi_noindex_reason":"","inline_featured_image":false,"news_publication":"","footnotes":""},"blog-category":[],"blog-audience":[465],"blog-best-practice":[],"blog-key-issue":[472],"class_list":["post-24215","blog","type-blog","status-publish","has-post-thumbnail","hentry","blog-audience-continuos-de-atencion","blog-key-issue-financiacion-federal"],"acf":[],"yoast_head":"<!-- This site is optimized with the Yoast SEO Premium plugin v24.7 (Yoast SEO v27.4) - https:\/\/yoast.com\/product\/yoast-seo-premium-wordpress\/ -->\n<title>\u00bfPor qu\u00e9 necesita empezar a planificar para imprevistos, ahora? - Alianza Nacional para Erradicar la Falta de Vivienda<\/title>\n<meta name=\"description\" content=\"Los cambios en los programas federales de la red de seguridad implican que ahora es el momento de que las comunidades mantengan conversaciones sobre la planificaci\u00f3n para imprevistos.\" \/>\n<meta name=\"robots\" content=\"index, follow, max-snippet:-1, max-image-preview:large, max-video-preview:-1\" \/>\n<link rel=\"canonical\" href=\"https:\/\/endhomelessness.org\/es\/blog\/por-que-necesita-empezar-a-planificar-para-imprevistos-ahora\/\" \/>\n<meta property=\"og:locale\" content=\"es_ES\" \/>\n<meta property=\"og:type\" content=\"article\" \/>\n<meta property=\"og:title\" content=\"\u00bfPor qu\u00e9 necesita empezar a planificar para imprevistos, ahora?\" \/>\n<meta property=\"og:description\" content=\"Los cambios en los programas federales de la red de seguridad implican que ahora es el momento de que las comunidades mantengan conversaciones sobre la planificaci\u00f3n para imprevistos.\" \/>\n<meta property=\"og:url\" content=\"https:\/\/endhomelessness.org\/es\/blog\/por-que-necesita-empezar-a-planificar-para-imprevistos-ahora\/\" \/>\n<meta property=\"og:site_name\" content=\"Alianza Nacional para Erradicar la Falta de Vivienda\" \/>\n<meta property=\"article:publisher\" content=\"https:\/\/www.facebook.com\/naehomelessness\/\" \/>\n<meta property=\"article:modified_time\" content=\"2025-11-24T17:11:29+00:00\" \/>\n<meta property=\"og:image\" content=\"https:\/\/endhomelessness.org\/wp-content\/uploads\/2025\/11\/community-food-distribution-scaled.jpg\" \/>\n\t<meta property=\"og:image:width\" content=\"2560\" \/>\n\t<meta property=\"og:image:height\" content=\"1707\" \/>\n\t<meta property=\"og:image:type\" content=\"image\/jpeg\" \/>\n<meta name=\"twitter:card\" content=\"summary_large_image\" \/>\n<meta name=\"twitter:label1\" content=\"Tiempo de lectura\" \/>\n\t<meta name=\"twitter:data1\" content=\"3 minutos\" \/>\n<script type=\"application\/ld+json\" class=\"yoast-schema-graph\">{\"@context\":\"https:\\\/\\\/schema.org\",\"@graph\":[{\"@type\":\"WebPage\",\"@id\":\"https:\\\/\\\/endhomelessness.org\\\/es\\\/blog\\\/por-que-necesita-empezar-a-planificar-para-imprevistos-ahora\\\/\",\"url\":\"https:\\\/\\\/endhomelessness.org\\\/es\\\/blog\\\/por-que-necesita-empezar-a-planificar-para-imprevistos-ahora\\\/\",\"name\":\"\u00bfPor qu\u00e9 necesita empezar a planificar para imprevistos, ahora? - Alianza Nacional para Erradicar la Falta de Vivienda\",\"isPartOf\":{\"@id\":\"https:\\\/\\\/endhomelessness.org\\\/es\\\/#website\"},\"primaryImageOfPage\":{\"@id\":\"https:\\\/\\\/endhomelessness.org\\\/es\\\/blog\\\/por-que-necesita-empezar-a-planificar-para-imprevistos-ahora\\\/#primaryimage\"},\"image\":{\"@id\":\"https:\\\/\\\/endhomelessness.org\\\/es\\\/blog\\\/por-que-necesita-empezar-a-planificar-para-imprevistos-ahora\\\/#primaryimage\"},\"thumbnailUrl\":\"https:\\\/\\\/endhomelessness.org\\\/wp-content\\\/uploads\\\/2025\\\/11\\\/community-food-distribution-scaled.jpg\",\"datePublished\":\"2025-11-24T16:45:24+00:00\",\"dateModified\":\"2025-11-24T17:11:29+00:00\",\"description\":\"Los cambios en los programas federales de la red de seguridad implican que ahora es el momento de que las comunidades mantengan conversaciones sobre la planificaci\u00f3n para imprevistos.\",\"breadcrumb\":{\"@id\":\"https:\\\/\\\/endhomelessness.org\\\/es\\\/blog\\\/por-que-necesita-empezar-a-planificar-para-imprevistos-ahora\\\/#breadcrumb\"},\"inLanguage\":\"es\",\"potentialAction\":[{\"@type\":\"ReadAction\",\"target\":[\"https:\\\/\\\/endhomelessness.org\\\/es\\\/blog\\\/por-que-necesita-empezar-a-planificar-para-imprevistos-ahora\\\/\"]}]},{\"@type\":\"ImageObject\",\"inLanguage\":\"es\",\"@id\":\"https:\\\/\\\/endhomelessness.org\\\/es\\\/blog\\\/por-que-necesita-empezar-a-planificar-para-imprevistos-ahora\\\/#primaryimage\",\"url\":\"https:\\\/\\\/endhomelessness.org\\\/wp-content\\\/uploads\\\/2025\\\/11\\\/community-food-distribution-scaled.jpg\",\"contentUrl\":\"https:\\\/\\\/endhomelessness.org\\\/wp-content\\\/uploads\\\/2025\\\/11\\\/community-food-distribution-scaled.jpg\",\"width\":2560,\"height\":1707},{\"@type\":\"BreadcrumbList\",\"@id\":\"https:\\\/\\\/endhomelessness.org\\\/es\\\/blog\\\/por-que-necesita-empezar-a-planificar-para-imprevistos-ahora\\\/#breadcrumb\",\"itemListElement\":[{\"@type\":\"ListItem\",\"position\":1,\"name\":\"Inicio\",\"item\":\"https:\\\/\\\/endhomelessness.org\\\/es\\\/home-page-2-2-2\\\/\"},{\"@type\":\"ListItem\",\"position\":2,\"name\":\"\u00bfPor qu\u00e9 necesita empezar a planificar para imprevistos, ahora?\"}]},{\"@type\":\"WebSite\",\"@id\":\"https:\\\/\\\/endhomelessness.org\\\/es\\\/#website\",\"url\":\"https:\\\/\\\/endhomelessness.org\\\/es\\\/\",\"name\":\"National Alliance to End Homelessness\",\"description\":\"Organizaci\u00f3n no partidista para prevenir y erradicar la falta de vivienda en EE.UU.\",\"publisher\":{\"@id\":\"https:\\\/\\\/endhomelessness.org\\\/es\\\/#organization\"},\"potentialAction\":[{\"@type\":\"SearchAction\",\"target\":{\"@type\":\"EntryPoint\",\"urlTemplate\":\"https:\\\/\\\/endhomelessness.org\\\/es\\\/?s={search_term_string}\"},\"query-input\":{\"@type\":\"PropertyValueSpecification\",\"valueRequired\":true,\"valueName\":\"search_term_string\"}}],\"inLanguage\":\"es\"},{\"@type\":\"Organization\",\"@id\":\"https:\\\/\\\/endhomelessness.org\\\/es\\\/#organization\",\"name\":\"Alianza Nacional para Erradicar la Falta de Vivienda\",\"url\":\"https:\\\/\\\/endhomelessness.org\\\/es\\\/\",\"logo\":{\"@type\":\"ImageObject\",\"inLanguage\":\"es\",\"@id\":\"https:\\\/\\\/endhomelessness.org\\\/es\\\/#\\\/schema\\\/logo\\\/image\\\/\",\"url\":\"https:\\\/\\\/endhomelessness.org\\\/wp-content\\\/uploads\\\/2024\\\/09\\\/logo-2.webp\",\"contentUrl\":\"https:\\\/\\\/endhomelessness.org\\\/wp-content\\\/uploads\\\/2024\\\/09\\\/logo-2.webp\",\"width\":687,\"height\":361,\"caption\":\"Alianza Nacional para Erradicar la Falta de Vivienda\"},\"image\":{\"@id\":\"https:\\\/\\\/endhomelessness.org\\\/es\\\/#\\\/schema\\\/logo\\\/image\\\/\"},\"sameAs\":[\"https:\\\/\\\/www.facebook.com\\\/naehomelessness\\\/\",\"https:\\\/\\\/www.youtube.com\\\/@EndingHomelessness\",\"https:\\\/\\\/www.linkedin.com\\\/company\\\/national-alliance-to-end-homelessness\\\/\",\"https:\\\/\\\/instagram.com\\\/naeh_endhomelessness\"]}]}<\/script>\n<!-- \/ Yoast SEO Premium plugin. -->","yoast_head_json":{"title":"\u00bfPor qu\u00e9 necesita empezar a planificar para imprevistos, ahora? - Alianza Nacional para Erradicar la Falta de Vivienda","description":"Los cambios en los programas federales de la red de seguridad implican que ahora es el momento de que las comunidades mantengan conversaciones sobre la planificaci\u00f3n para imprevistos.","robots":{"index":"index","follow":"follow","max-snippet":"max-snippet:-1","max-image-preview":"max-image-preview:large","max-video-preview":"max-video-preview:-1"},"canonical":"https:\/\/endhomelessness.org\/es\/blog\/por-que-necesita-empezar-a-planificar-para-imprevistos-ahora\/","og_locale":"es_ES","og_type":"article","og_title":"\u00bfPor qu\u00e9 necesita empezar a planificar para imprevistos, ahora?","og_description":"Los cambios en los programas federales de la red de seguridad implican que ahora es el momento de que las comunidades mantengan conversaciones sobre la planificaci\u00f3n para imprevistos.","og_url":"https:\/\/endhomelessness.org\/es\/blog\/por-que-necesita-empezar-a-planificar-para-imprevistos-ahora\/","og_site_name":"Alianza Nacional para Erradicar la Falta de Vivienda","article_publisher":"https:\/\/www.facebook.com\/naehomelessness\/","article_modified_time":"2025-11-24T17:11:29+00:00","og_image":[{"width":2560,"height":1707,"url":"https:\/\/endhomelessness.org\/wp-content\/uploads\/2025\/11\/community-food-distribution-scaled.jpg","type":"image\/jpeg"}],"twitter_card":"summary_large_image","twitter_misc":{"Tiempo de lectura":"3 minutos"},"schema":{"@context":"https:\/\/schema.org","@graph":[{"@type":"WebPage","@id":"https:\/\/endhomelessness.org\/es\/blog\/por-que-necesita-empezar-a-planificar-para-imprevistos-ahora\/","url":"https:\/\/endhomelessness.org\/es\/blog\/por-que-necesita-empezar-a-planificar-para-imprevistos-ahora\/","name":"\u00bfPor qu\u00e9 necesita empezar a planificar para imprevistos, ahora? - Alianza Nacional para Erradicar la Falta de Vivienda","isPartOf":{"@id":"https:\/\/endhomelessness.org\/es\/#website"},"primaryImageOfPage":{"@id":"https:\/\/endhomelessness.org\/es\/blog\/por-que-necesita-empezar-a-planificar-para-imprevistos-ahora\/#primaryimage"},"image":{"@id":"https:\/\/endhomelessness.org\/es\/blog\/por-que-necesita-empezar-a-planificar-para-imprevistos-ahora\/#primaryimage"},"thumbnailUrl":"https:\/\/endhomelessness.org\/wp-content\/uploads\/2025\/11\/community-food-distribution-scaled.jpg","datePublished":"2025-11-24T16:45:24+00:00","dateModified":"2025-11-24T17:11:29+00:00","description":"Los cambios en los programas federales de la red de seguridad implican que ahora es el momento de que las comunidades mantengan conversaciones sobre la planificaci\u00f3n para imprevistos.","breadcrumb":{"@id":"https:\/\/endhomelessness.org\/es\/blog\/por-que-necesita-empezar-a-planificar-para-imprevistos-ahora\/#breadcrumb"},"inLanguage":"es","potentialAction":[{"@type":"ReadAction","target":["https:\/\/endhomelessness.org\/es\/blog\/por-que-necesita-empezar-a-planificar-para-imprevistos-ahora\/"]}]},{"@type":"ImageObject","inLanguage":"es","@id":"https:\/\/endhomelessness.org\/es\/blog\/por-que-necesita-empezar-a-planificar-para-imprevistos-ahora\/#primaryimage","url":"https:\/\/endhomelessness.org\/wp-content\/uploads\/2025\/11\/community-food-distribution-scaled.jpg","contentUrl":"https:\/\/endhomelessness.org\/wp-content\/uploads\/2025\/11\/community-food-distribution-scaled.jpg","width":2560,"height":1707},{"@type":"BreadcrumbList","@id":"https:\/\/endhomelessness.org\/es\/blog\/por-que-necesita-empezar-a-planificar-para-imprevistos-ahora\/#breadcrumb","itemListElement":[{"@type":"ListItem","position":1,"name":"Inicio","item":"https:\/\/endhomelessness.org\/es\/home-page-2-2-2\/"},{"@type":"ListItem","position":2,"name":"\u00bfPor qu\u00e9 necesita empezar a planificar para imprevistos, ahora?"}]},{"@type":"WebSite","@id":"https:\/\/endhomelessness.org\/es\/#website","url":"https:\/\/endhomelessness.org\/es\/","name":"National Alliance to End Homelessness","description":"Organizaci\u00f3n no partidista para prevenir y erradicar la falta de vivienda en EE.UU.","publisher":{"@id":"https:\/\/endhomelessness.org\/es\/#organization"},"potentialAction":[{"@type":"SearchAction","target":{"@type":"EntryPoint","urlTemplate":"https:\/\/endhomelessness.org\/es\/?s={search_term_string}"},"query-input":{"@type":"PropertyValueSpecification","valueRequired":true,"valueName":"search_term_string"}}],"inLanguage":"es"},{"@type":"Organization","@id":"https:\/\/endhomelessness.org\/es\/#organization","name":"Alianza Nacional para Erradicar la Falta de Vivienda","url":"https:\/\/endhomelessness.org\/es\/","logo":{"@type":"ImageObject","inLanguage":"es","@id":"https:\/\/endhomelessness.org\/es\/#\/schema\/logo\/image\/","url":"https:\/\/endhomelessness.org\/wp-content\/uploads\/2024\/09\/logo-2.webp","contentUrl":"https:\/\/endhomelessness.org\/wp-content\/uploads\/2024\/09\/logo-2.webp","width":687,"height":361,"caption":"Alianza Nacional para Erradicar la Falta de Vivienda"},"image":{"@id":"https:\/\/endhomelessness.org\/es\/#\/schema\/logo\/image\/"},"sameAs":["https:\/\/www.facebook.com\/naehomelessness\/","https:\/\/www.youtube.com\/@EndingHomelessness","https:\/\/www.linkedin.com\/company\/national-alliance-to-end-homelessness\/","https:\/\/instagram.com\/naeh_endhomelessness"]}]}},"_links":{"self":[{"href":"https:\/\/endhomelessness.org\/es\/wp-json\/wp\/v2\/blog\/24215","targetHints":{"allow":["GET"]}}],"collection":[{"href":"https:\/\/endhomelessness.org\/es\/wp-json\/wp\/v2\/blog"}],"about":[{"href":"https:\/\/endhomelessness.org\/es\/wp-json\/wp\/v2\/types\/blog"}],"author":[{"embeddable":true,"href":"https:\/\/endhomelessness.org\/es\/wp-json\/wp\/v2\/users\/6"}],"version-history":[{"count":0,"href":"https:\/\/endhomelessness.org\/es\/wp-json\/wp\/v2\/blog\/24215\/revisions"}],"wp:featuredmedia":[{"embeddable":true,"href":"https:\/\/endhomelessness.org\/es\/wp-json\/wp\/v2\/media\/24211"}],"wp:attachment":[{"href":"https:\/\/endhomelessness.org\/es\/wp-json\/wp\/v2\/media?parent=24215"}],"wp:term":[{"taxonomy":"blog-category","embeddable":true,"href":"https:\/\/endhomelessness.org\/es\/wp-json\/wp\/v2\/blog-category?post=24215"},{"taxonomy":"blog-audience","embeddable":true,"href":"https:\/\/endhomelessness.org\/es\/wp-json\/wp\/v2\/blog-audience?post=24215"},{"taxonomy":"blog-best-practice","embeddable":true,"href":"https:\/\/endhomelessness.org\/es\/wp-json\/wp\/v2\/blog-best-practice?post=24215"},{"taxonomy":"blog-key-issue","embeddable":true,"href":"https:\/\/endhomelessness.org\/es\/wp-json\/wp\/v2\/blog-key-issue?post=24215"}],"curies":[{"name":"wp","href":"https:\/\/api.w.org\/{rel}","templated":true}]}}