{"id":18431,"date":"2022-01-31T12:00:00","date_gmt":"2022-01-31T17:00:00","guid":{"rendered":"https:\/\/endhomelessness.org\/news\/declaracion-sobre-el-nombramiento-de-jeff-olivet-como-director-ejecutivo-del-usich\/"},"modified":"2025-04-07T00:25:04","modified_gmt":"2025-04-07T04:25:04","slug":"declaracion-sobre-el-nombramiento-de-jeff-olivet-como-director-ejecutivo-del-usich","status":"publish","type":"naeh-news","link":"https:\/\/endhomelessness.org\/es\/news\/declaracion-sobre-el-nombramiento-de-jeff-olivet-como-director-ejecutivo-del-usich\/","title":{"rendered":"Declaraci\u00f3n sobre el nombramiento de Jeff Olivet como Director Ejecutivo del USICH"},"content":{"rendered":"\n<section class=\"e-stn e-stn-642edd2d478cb6d72ad11a3f94eb096b46aa8c61 e-stn--bi-banner e-stn--blog-inner-banner e-mt-0\"><div class=\"container\">\n<div class=\"wp-block-b3rg-row e-row row\">\n<div class=\"wp-block-b3rg-column e-col e-col-29e7a2cb609cd205ad4d5f1c678d0db824fdda16 e-col--blog-inner-banner-content-wrpr  col-sm-12 col-lg-9\">\n<div class=\"e-div e-div-368784d6f024bd28fc93462eb0616dec8d069665 e-div--blog-inner-post-type-tag\"><span>NEWS<\/span>\n<\/div>\n\n\n<div class=\"e-mtf e-mtf--dlt  e-mtf--post-date\">Abr 29, 2026<\/div>\n\n<h1 class=\"wp-block-post-title\">Declaraci\u00f3n sobre el nombramiento de Jeff Olivet como Director Ejecutivo del USICH<\/h1>\n\n\n<div class=\"e-div e-div-976a3f7724ffcd71e737afe4e1bbffbbf3dd036f e-div--bi-read-time\">\n<div class=\"e-div e-div-0162dd5adc5b84600d5bea230d8c418559af071d\"><div class=\"e-mtf e-mtf--dlt  e-mtf--post-reading-time\"><div class=\"post-reading-time\"><span class=\"reading-time__time\">2<\/span> <span class=\"post-reading-time__label postfix\">min<\/span><\/div><\/div><\/div>\n<\/div>\n<\/div>\n<\/div>\n<\/div><\/section>\n\n<section class=\"e-stn e-stn-ad75c7bf6c94c4c74b1ce488ab717de8fdff6ca2 e-stn--bi-content-with-media-section e-mt-0 e-pt-120  e-pt-sm-50 e-pb-60\"><div class=\"container\">\n<div class=\"wp-block-b3rg-row e-row row\">\n<div class=\"wp-block-b3rg-column e-col e-col-f1092f68b065a750a7ad99323cbd3499d1ad2b1c e-col--bi-content-with-media-section-content-wrapper e-col--blog-inner-contents  col-sm-12 col-lg-9\">\n<p><strong>31 de enero de 2022, Washington, D.C.<\/strong> \u2013 La Alianza Nacional para Erradicar la Falta de Vivienda expres\u00f3 hoy su apoyo a Jeff Olivet, el recientemente nombrado Director Ejecutivo del Consejo Interagencial de los Estados Unidos sobre la Falta de Vivienda (USICH, por sus siglas en ingl\u00e9s), con efecto a partir del 31 de enero de 2022.<\/p>\n\n\n\n<p>El Consejo Interagencial est\u00e1 compuesto por representantes de las 19 agencias federales que tienen responsabilidad directa en la asistencia a personas que experimentan la falta de vivienda. Olivet liderar\u00e1 el personal del Consejo, que tiene la tarea de coordinar los esfuerzos federales para erradicar la falta de vivienda, as\u00ed como trabajar con otros niveles de gobierno y el sector privado. <\/p>\n\n\n\n<p>En su funci\u00f3n, Olivet ser\u00e1 responsable de garantizar que las agencias federales utilicen sus programas e inversiones para erradicar la falta de vivienda de la manera m\u00e1s estrat\u00e9gica y colaborativa, centr\u00e1ndose en intervenciones probadas, efectivas y eficientes. Tambi\u00e9n ser\u00e1 responsable de coordinar estas agencias en diversas \u00e1reas, incluyendo vivienda, atenci\u00f3n m\u00e9dica, asistencia a veteranos, educaci\u00f3n, cuidado infantil, empleo, salud conductual y m\u00e1s. <\/p>\n\n\n\n<p>Olivet se encuentra entre los defensores m\u00e1s destacados a nivel nacional de la priorizaci\u00f3n de la equidad racial dentro del sector de la falta de vivienda. Sus primeras investigaciones y liderazgo en este tema fueron revolucionarios, conduciendo a numerosos cambios en el campo. Adem\u00e1s de su trabajo previo como trabajador de alcance comunitario, gestor de casos familiares y coordinador de viviendas de apoyo, Olivet es el fundador de Racial Equity Partners y ex director ejecutivo del Centro para la Innovaci\u00f3n Social, aportando una extensa experiencia en falta de vivienda y pol\u00edtica social al USICH.  <\/p>\n\n\n\n<p>\u00abErradicar la falta de vivienda es una cuesti\u00f3n de justicia y equidad, y estos se encuentran entre los valores fundamentales de Jeff\u00bb, declar\u00f3 Nan Roman, Directora Ejecutiva de la Alianza Nacional para Erradicar la Falta de Vivienda. \u00abLa Alianza est\u00e1 sumamente entusiasmada de continuar su colaboraci\u00f3n con el USICH bajo el liderazgo de Jeff, y espera un enfoque sostenido y fortalecido en la equidad dentro del trabajo del gobierno federal sobre la falta de vivienda.\u00bb <\/p>\n\n\n\n<p><strong>Acerca de la Alianza Nacional para Erradicar la Falta de Vivienda<\/strong><\/p>\n\n\n\n<p>La Alianza Nacional para Erradicar la Falta de Vivienda es una organizaci\u00f3n sin fines de lucro y no partidista comprometida con la prevenci\u00f3n y eliminaci\u00f3n de la falta de vivienda en los Estados Unidos. Como voz l\u00edder en el tema de la falta de vivienda, la Alianza analiza pol\u00edticas y desarrolla soluciones pragm\u00e1ticas y rentables; trabaja en colaboraci\u00f3n con los sectores p\u00fablico, privado y sin fines de lucro para desarrollar capacidades estatales y locales; y proporciona datos e investigaciones a los legisladores y funcionarios electos con el fin de informar los debates sobre pol\u00edticas y educar al p\u00fablico y a los l\u00edderes de opini\u00f3n en todo el pa\u00eds. <\/p>\n<\/div>\n\n\n\n<div class=\"wp-block-b3rg-column e-col e-col-07ab2b4105c7c9441fb36c05bc0c1bc8023c6e2c e-col--bi-right-side e-col--blog-inner-related-posts  col-sm-12 col-lg-3\">\n<div class=\"e-div e-div-59078f910ce4d15d28fcab7c9003952a96233d13 e-div--js-bi-sticky-left\">\n<div class=\"e-div e-div-6ff6ea2961c0f998010e1194547bb1cb17285b20 e-div--bi-social-icons\">\n<div class=\"e-div e-div-8fd4c05a3f9dd204e3dd79e614332da9f57f6b56 e-div--social-share-tooltip\"><div class=\"heateor_sss_sharing_container heateor_sss_horizontal_sharing\" data-heateor-ss-offset=\"0\" data-heateor-sss-href='https:\/\/endhomelessness.org\/es\/news\/declaracion-sobre-el-nombramiento-de-jeff-olivet-como-director-ejecutivo-del-usich\/'><div class=\"heateor_sss_sharing_ul\"><a aria-label=\"Copy Link\" class=\"heateor_sss_button_copy_link\" title=\"Copy Link\" rel=\"noopener\" href=\"https:\/\/endhomelessness.org\/es\/news\/declaracion-sobre-el-nombramiento-de-jeff-olivet-como-director-ejecutivo-del-usich\/\" onclick=\"event.preventDefault()\" style=\"font-size:32px!important;box-shadow:none;display:inline-block;vertical-align:middle\"><span class=\"heateor_sss_svg heateor_sss_s__default heateor_sss_s_copy_link\" style=\"background-color:#ffc112;width:35px;height:35px;border-radius:999px;display:inline-block;opacity:1;float:left;font-size:32px;box-shadow:none;display:inline-block;font-size:16px;padding:0 4px;vertical-align:middle;background-repeat:repeat;overflow:hidden;padding:0;cursor:pointer;box-sizing:content-box\"><svg style=\"display:block;border-radius:999px;\" focusable=\"false\" aria-hidden=\"true\" xmlns=\"http:\/\/www.w3.org\/2000\/svg\" width=\"100%\" height=\"100%\" viewBox=\"-4 -4 40 40\"><path fill=\"#fff\" d=\"M24.412 21.177c0-.36-.126-.665-.377-.917l-2.804-2.804a1.235 1.235 0 0 0-.913-.378c-.377 0-.7.144-.97.43.026.028.11.11.255.25.144.14.24.236.29.29s.117.14.2.256c.087.117.146.232.177.344.03.112.046.236.046.37 0 .36-.126.666-.377.918a1.25 1.25 0 0 1-.918.377 1.4 1.4 0 0 1-.373-.047 1.062 1.062 0 0 1-.345-.175 2.268 2.268 0 0 1-.256-.2 6.815 6.815 0 0 1-.29-.29c-.14-.142-.223-.23-.25-.254-.297.28-.445.607-.445.984 0 .36.126.664.377.916l2.778 2.79c.243.243.548.364.917.364.36 0 .665-.118.917-.35l1.982-1.97c.252-.25.378-.55.378-.9zm-9.477-9.504c0-.36-.126-.665-.377-.917l-2.777-2.79a1.235 1.235 0 0 0-.913-.378c-.35 0-.656.12-.917.364L7.967 9.92c-.254.252-.38.553-.38.903 0 .36.126.665.38.917l2.802 2.804c.242.243.547.364.916.364.377 0 .7-.14.97-.418-.026-.027-.11-.11-.255-.25s-.24-.235-.29-.29a2.675 2.675 0 0 1-.2-.255 1.052 1.052 0 0 1-.176-.344 1.396 1.396 0 0 1-.047-.37c0-.36.126-.662.377-.914.252-.252.557-.377.917-.377.136 0 .26.015.37.046.114.03.23.09.346.175.117.085.202.153.256.2.054.05.15.148.29.29.14.146.222.23.25.258.294-.278.442-.606.442-.983zM27 21.177c0 1.078-.382 1.99-1.146 2.736l-1.982 1.968c-.745.75-1.658 1.12-2.736 1.12-1.087 0-2.004-.38-2.75-1.143l-2.777-2.79c-.75-.747-1.12-1.66-1.12-2.737 0-1.106.392-2.046 1.183-2.818l-1.186-1.185c-.774.79-1.708 1.186-2.805 1.186-1.078 0-1.995-.376-2.75-1.13l-2.803-2.81C5.377 12.82 5 11.903 5 10.826c0-1.08.382-1.993 1.146-2.738L8.128 6.12C8.873 5.372 9.785 5 10.864 5c1.087 0 2.004.382 2.75 1.146l2.777 2.79c.75.747 1.12 1.66 1.12 2.737 0 1.105-.392 2.045-1.183 2.817l1.186 1.186c.774-.79 1.708-1.186 2.805-1.186 1.078 0 1.995.377 2.75 1.132l2.804 2.804c.754.755 1.13 1.672 1.13 2.75z\"\/><\/svg><\/span><\/a><a aria-label=\"Facebook\" class=\"heateor_sss_facebook\" href=\"https:\/\/www.facebook.com\/sharer\/sharer.php?u=https%3A%2F%2Fendhomelessness.org%2Fes%2Fnews%2Fdeclaracion-sobre-el-nombramiento-de-jeff-olivet-como-director-ejecutivo-del-usich%2F\" title=\"Facebook\" rel=\"nofollow noopener\" target=\"_blank\" style=\"font-size:32px!important;box-shadow:none;display:inline-block;vertical-align:middle\"><span class=\"heateor_sss_svg\" style=\"background-color:#0765FE;width:35px;height:35px;border-radius:999px;display:inline-block;opacity:1;float:left;font-size:32px;box-shadow:none;display:inline-block;font-size:16px;padding:0 4px;vertical-align:middle;background-repeat:repeat;overflow:hidden;padding:0;cursor:pointer;box-sizing:content-box\"><svg style=\"display:block;border-radius:999px;\" focusable=\"false\" aria-hidden=\"true\" xmlns=\"http:\/\/www.w3.org\/2000\/svg\" width=\"100%\" height=\"100%\" viewBox=\"0 0 32 32\"><path fill=\"#fff\" d=\"M28 16c0-6.627-5.373-12-12-12S4 9.373 4 16c0 5.628 3.875 10.35 9.101 11.647v-7.98h-2.474V16H13.1v-1.58c0-4.085 1.849-5.978 5.859-5.978.76 0 2.072.15 2.608.298v3.325c-.283-.03-.775-.045-1.386-.045-1.967 0-2.728.745-2.728 2.683V16h3.92l-.673 3.667h-3.247v8.245C23.395 27.195 28 22.135 28 16Z\"><\/path><\/svg><\/span><\/a><a aria-label=\"Linkedin\" class=\"heateor_sss_button_linkedin\" href=\"https:\/\/www.linkedin.com\/sharing\/share-offsite\/?url=https%3A%2F%2Fendhomelessness.org%2Fes%2Fnews%2Fdeclaracion-sobre-el-nombramiento-de-jeff-olivet-como-director-ejecutivo-del-usich%2F\" title=\"Linkedin\" rel=\"nofollow noopener\" target=\"_blank\" style=\"font-size:32px!important;box-shadow:none;display:inline-block;vertical-align:middle\"><span class=\"heateor_sss_svg heateor_sss_s__default heateor_sss_s_linkedin\" style=\"background-color:#0077b5;width:35px;height:35px;border-radius:999px;display:inline-block;opacity:1;float:left;font-size:32px;box-shadow:none;display:inline-block;font-size:16px;padding:0 4px;vertical-align:middle;background-repeat:repeat;overflow:hidden;padding:0;cursor:pointer;box-sizing:content-box\"><svg style=\"display:block;border-radius:999px;\" focusable=\"false\" aria-hidden=\"true\" xmlns=\"http:\/\/www.w3.org\/2000\/svg\" width=\"100%\" height=\"100%\" viewBox=\"0 0 32 32\"><path d=\"M6.227 12.61h4.19v13.48h-4.19V12.61zm2.095-6.7a2.43 2.43 0 0 1 0 4.86c-1.344 0-2.428-1.09-2.428-2.43s1.084-2.43 2.428-2.43m4.72 6.7h4.02v1.84h.058c.56-1.058 1.927-2.176 3.965-2.176 4.238 0 5.02 2.792 5.02 6.42v7.395h-4.183v-6.56c0-1.564-.03-3.574-2.178-3.574-2.18 0-2.514 1.7-2.514 3.46v6.668h-4.187V12.61z\" fill=\"#fff\"><\/path><\/svg><\/span><\/a><a aria-label=\"X\" class=\"heateor_sss_button_x\" href=\"https:\/\/twitter.com\/intent\/tweet?text=Declaraci%C3%B3n%20sobre%20el%20nombramiento%20de%20Jeff%20Olivet%20como%20Director%20Ejecutivo%20del%20USICH&url=https%3A%2F%2Fendhomelessness.org%2Fes%2Fnews%2Fdeclaracion-sobre-el-nombramiento-de-jeff-olivet-como-director-ejecutivo-del-usich%2F\" title=\"X\" rel=\"nofollow noopener\" target=\"_blank\" style=\"font-size:32px!important;box-shadow:none;display:inline-block;vertical-align:middle\"><span class=\"heateor_sss_svg heateor_sss_s__default heateor_sss_s_x\" style=\"background-color:#2a2a2a;width:35px;height:35px;border-radius:999px;display:inline-block;opacity:1;float:left;font-size:32px;box-shadow:none;display:inline-block;font-size:16px;padding:0 4px;vertical-align:middle;background-repeat:repeat;overflow:hidden;padding:0;cursor:pointer;box-sizing:content-box\"><svg width=\"100%\" height=\"100%\" style=\"display:block;border-radius:999px;\" focusable=\"false\" aria-hidden=\"true\" xmlns=\"http:\/\/www.w3.org\/2000\/svg\" viewBox=\"0 0 32 32\"><path fill=\"#fff\" d=\"M21.751 7h3.067l-6.7 7.658L26 25.078h-6.172l-4.833-6.32-5.531 6.32h-3.07l7.167-8.19L6 7h6.328l4.37 5.777L21.75 7Zm-1.076 16.242h1.7L11.404 8.74H9.58l11.094 14.503Z\"><\/path><\/svg><\/span><\/a><\/div><div class=\"heateorSssClear\"><\/div><\/div>\n<\/div>\n<\/div>\n\n\n\n<div class=\"e-div e-div-1a5a32aa7dcbe57c6b9a8a8c9a37785edf82434d e-div--bi-topics\">\n<h2 class=\"wp-block-heading has-rich-black-color has-text-color has-link-color wp-elements-be6bdbd00a494032c0ae3c9d7a69a331\">Etiquetas<\/h2>\n\n\n<div class=\"e-mtf e-mtf--dlt e-mtf--taxonomy e-mtf--taxonomy-blog-tags\"><\/div><\/div>\n\n\n\n<div class=\"e-div e-div-275b8ff6f2bffd3e4cc054055156f9110887442d e-div--bi-related-post\"><style><\/style>\n<h2 class=\"wp-block-heading has-rich-black-color has-text-color has-link-color wp-elements-e435b81f6878ebba01997b7c42400d88\">Publicaciones relacionadas<\/h2>\n\n\n\n<div class=\"e-div e-div-0162dd5adc5b84600d5bea230d8c418559af071d\">\n<\/div>\n<\/div>\n<\/div>\n<\/div>\n<\/div>\n<\/div><\/section>\n\n<section class=\"e-stn e-stn-af33064b18769c0dcbd144d5242c41c8ff25e8a2 e-stn--related-post e-mt-60  e-mt-sm-0\"><style>@media only screen and (max-width: 9999px) {\n\t\t\t\t\t\t\t\t\t.e-stn.e-stn-af33064b18769c0dcbd144d5242c41c8ff25e8a2 { \n\t\t\t\t\t\t\t\t\t\tbackground-color: #F3F8FC; \n\t\t\t\t\t\t\t\t\t}\n\t\t\t\t\t\t\t\t}<\/style><div class=\"container\">\n<div class=\"wp-block-b3rg-row e-row row e-row--title-with-description\">\n<div class=\"wp-block-b3rg-column e-col e-col-3fd29a26ff70780ecd7ff03db8f4638045c8c9d8  col-sm-12\">\n<h2 class=\"wp-block-heading has-text-align-center\">Tambi\u00e9n le podr\u00eda interesar<\/h2>\n<\/div>\n<\/div>\n\n\n\n<div class=\"wp-block-b3rg-row e-row row\">\n<div class=\"wp-block-b3rg-column e-col e-col-3fd29a26ff70780ecd7ff03db8f4638045c8c9d8  col-sm-12\"><div class=\"e-rlp e-rlp--dlt\" > <div class=\"e-sgp taxonomy-comunicados-de-prensa e-sgp--dlt  wrapper-link\" > <a class=\"b3rg-post__trigger\" href='https:\/\/endhomelessness.org\/es\/media\/news-releases\/declaracion-sobre-el-nombramiento-de-la-representante-marcia-fudge-como-secretaria-del-hud\/' target='_self'><div class=\"e-sgp__inner\">\n<div class=\"e-div e-div-39c9483d5c365ef0cd3af0137228c52c9e3c2277 e-sgp__media\"><figure class=\"wp-block-post-featured-image\"><img loading=\"lazy\" decoding=\"async\" width=\"1068\" height=\"684\" src=\"https:\/\/endhomelessness.org\/wp-content\/uploads\/2014\/01\/Frame-222.png\" class=\"attachment-post-thumbnail size-post-thumbnail wp-post-image default-featured-img\" alt=\"National Alliance to End Homelessness logo\" style=\"object-fit:cover;\" srcset=\"https:\/\/endhomelessness.org\/wp-content\/uploads\/2014\/01\/Frame-222.png 1068w, https:\/\/endhomelessness.org\/wp-content\/uploads\/2014\/01\/Frame-222-300x192.png 300w, https:\/\/endhomelessness.org\/wp-content\/uploads\/2014\/01\/Frame-222-1024x656.png 1024w, https:\/\/endhomelessness.org\/wp-content\/uploads\/2014\/01\/Frame-222-768x492.png 768w, https:\/\/endhomelessness.org\/wp-content\/uploads\/2014\/01\/Frame-222-575x368.png 575w\" sizes=\"auto, (max-width: 1068px) 100vw, 1068px\" \/><\/figure><\/div>\n\n<div class=\"e-div e-div-9345c3010e68f662cc8801eb2da3df07e835db1c e-sgp__content\">\n<div class=\"e-div e-div-0162dd5adc5b84600d5bea230d8c418559af071d\"><div class=\"wp-block-post-date\"><time datetime=\"2020-12-09T12:00:00-05:00\">9 de diciembre de 2020<\/time><\/div>\n\n\n<div class=\"e-div e-div-0162dd5adc5b84600d5bea230d8c418559af071d\"><div class=\"e-mtf e-mtf--dlt  e-mtf--post-reading-time\"><div class=\"post-reading-time\"><span class=\"reading-time__time\">2<\/span> <span class=\"post-reading-time__label postfix\">min<\/span><\/div><\/div><\/div>\n<\/div>\n\n\n<h2 class=\"wp-block-post-title\">Declaraci\u00f3n sobre el nombramiento de la representante Marcia Fudge como Secretaria del HUD<\/h2>\n\n<div class=\"wp-block-post-excerpt\"><p class=\"wp-block-post-excerpt__excerpt\">La falta de vivienda en los Estados Unidos se encuentra actualmente en los niveles m\u00e1s altos en la historia de los registros del Departamento de Vivienda y Desarrollo Urbano de los Estados Unidos. Aunque una extensa investigaci\u00f3n se\u00f1ala la prolongada crisis de vivienda asequible de la naci\u00f3n como el principal impulsor de este aumento, persiste&#8230; <\/p><\/div>\n\n<div class=\"e-mtf e-mtf--dlt e-mtf--taxonomy e-mtf--taxonomy-blog-tags\"><\/div>\n\n<div class=\"e-mtf e-mtf--dlt  e-mtf--learn-more-label\"><span class=\"btn\"><\/span><\/div><\/div>\n<\/div><\/a><\/div><div class=\"e-sgp taxonomy-opcional taxonomy-comunicados-de-prensa e-sgp--dlt  wrapper-link\" > <a class=\"b3rg-post__trigger\" href='https:\/\/endhomelessness.org\/es\/media\/news-releases\/declaracion-de-la-alianza-nacional-para-erradicar-la-falta-de-vivienda-sobre-el-retroceso-del-gobierno-federal-en-la-respuesta-basada-en-evidencia-a-la-falta-de-vivienda\/' target='_self'><div class=\"e-sgp__inner\">\n<div class=\"e-div e-div-39c9483d5c365ef0cd3af0137228c52c9e3c2277 e-sgp__media\"><figure class=\"wp-block-post-featured-image\"><img decoding=\"async\" src=\"https:\/\/endhomelessness.org\/wp-content\/uploads\/2014\/01\/Frame-222.png\" class=\"attachment-post-thumbnail size-post-thumbnail wp-post-image\" alt=\"National Alliance to End Homelessness logo\" style=\"object-fit:cover;\" srcset=\"https:\/\/endhomelessness.org\/wp-content\/uploads\/2014\/01\/Frame-222.png 1068w, https:\/\/endhomelessness.org\/wp-content\/uploads\/2014\/01\/Frame-222-300x192.png 300w, https:\/\/endhomelessness.org\/wp-content\/uploads\/2014\/01\/Frame-222-1024x656.png 1024w, https:\/\/endhomelessness.org\/wp-content\/uploads\/2014\/01\/Frame-222-768x492.png 768w, https:\/\/endhomelessness.org\/wp-content\/uploads\/2014\/01\/Frame-222-575x368.png 575w\" sizes=\"(max-width: 1068px) 100vw, 1068px\" \/><\/figure><\/div>\n\n<div class=\"e-div e-div-9345c3010e68f662cc8801eb2da3df07e835db1c e-sgp__content\">\n<div class=\"e-div e-div-0162dd5adc5b84600d5bea230d8c418559af071d\"><div class=\"wp-block-post-date\"><time datetime=\"2025-03-18T12:54:27-04:00\">18 de marzo de 2025<\/time><\/div>\n\n\n<div class=\"e-div e-div-0162dd5adc5b84600d5bea230d8c418559af071d\"><div class=\"e-mtf e-mtf--dlt  e-mtf--post-reading-time\"><div class=\"post-reading-time\"><span class=\"reading-time__time\">5<\/span> <span class=\"post-reading-time__label postfix\">min<\/span><\/div><\/div><\/div>\n<\/div>\n\n\n<h2 class=\"wp-block-post-title\">Declaraci\u00f3n de la Alianza Nacional para Erradicar la Falta de Vivienda sobre el Retroceso del Gobierno Federal en la Respuesta Basada en Evidencia a la Falta de Vivienda<\/h2>\n\n<div class=\"wp-block-post-excerpt\"><p class=\"wp-block-post-excerpt__excerpt\">A finales de la semana pasada, la Administraci\u00f3n Trump emiti\u00f3 una Orden Ejecutiva para desmantelar en gran medida la capacidad del Consejo Interagencial de los Estados Unidos sobre la Falta de Vivienda (USICH, por sus siglas en ingl\u00e9s) para cumplir su misi\u00f3n. Esta medida extiende una serie de acciones que demuestran el retroceso de esta&#8230; <\/p><\/div>\n\n<div class=\"e-mtf e-mtf--dlt e-mtf--taxonomy e-mtf--taxonomy-blog-tags\"><\/div>\n\n<div class=\"e-mtf e-mtf--dlt  e-mtf--learn-more-label\"><span class=\"btn\"><\/span><\/div><\/div>\n<\/div><\/a><\/div><div class=\"e-sgp taxonomy-comunicados-de-prensa e-sgp--dlt  wrapper-link\" > <a class=\"b3rg-post__trigger\" href='https:\/\/endhomelessness.org\/es\/media\/news-releases\/declaracion-conjunta-de-naeh-nlihc-y-cbpp-sobre-la-publicacion-del-informe-de-evaluacion-anual-de-personas-sin-hogar-de-2023-del-hud-parte-1\/' target='_self'><div class=\"e-sgp__inner\">\n<div class=\"e-div e-div-39c9483d5c365ef0cd3af0137228c52c9e3c2277 e-sgp__media\"><figure class=\"wp-block-post-featured-image\"><img loading=\"lazy\" decoding=\"async\" width=\"1068\" height=\"684\" src=\"https:\/\/endhomelessness.org\/wp-content\/uploads\/2014\/01\/Frame-222.png\" class=\"attachment-post-thumbnail size-post-thumbnail wp-post-image default-featured-img\" alt=\"National Alliance to End Homelessness logo\" style=\"object-fit:cover;\" srcset=\"https:\/\/endhomelessness.org\/wp-content\/uploads\/2014\/01\/Frame-222.png 1068w, https:\/\/endhomelessness.org\/wp-content\/uploads\/2014\/01\/Frame-222-300x192.png 300w, https:\/\/endhomelessness.org\/wp-content\/uploads\/2014\/01\/Frame-222-1024x656.png 1024w, https:\/\/endhomelessness.org\/wp-content\/uploads\/2014\/01\/Frame-222-768x492.png 768w, https:\/\/endhomelessness.org\/wp-content\/uploads\/2014\/01\/Frame-222-575x368.png 575w\" sizes=\"auto, (max-width: 1068px) 100vw, 1068px\" \/><\/figure><\/div>\n\n<div class=\"e-div e-div-9345c3010e68f662cc8801eb2da3df07e835db1c e-sgp__content\">\n<div class=\"e-div e-div-0162dd5adc5b84600d5bea230d8c418559af071d\"><div class=\"wp-block-post-date\"><time datetime=\"2023-12-15T16:30:00-05:00\">15 de diciembre de 2023<\/time><\/div>\n\n\n<div class=\"e-div e-div-0162dd5adc5b84600d5bea230d8c418559af071d\"><div class=\"e-mtf e-mtf--dlt  e-mtf--post-reading-time\"><div class=\"post-reading-time\"><span class=\"reading-time__time\">5<\/span> <span class=\"post-reading-time__label postfix\">min<\/span><\/div><\/div><\/div>\n<\/div>\n\n\n<h2 class=\"wp-block-post-title\">Declaraci\u00f3n conjunta de NAEH, NLIHC y CBPP sobre la publicaci\u00f3n del Informe de Evaluaci\u00f3n Anual de Personas sin Hogar de 2023 del HUD: Parte 1<\/h2>\n\n<div class=\"wp-block-post-excerpt\"><p class=\"wp-block-post-excerpt__excerpt\">El HUD ha publicado recientemente su Informe de Evaluaci\u00f3n Anual de Personas sin Hogar (AHAR) de 2023: Parte 1. El informe proporciona una estimaci\u00f3n anual puntual (PIT) del n\u00famero de personas que experimentan la falta de vivienda en los Estados Unidos, ofreciendo una instant\u00e1nea de la situaci\u00f3n de las personas sin hogar tanto albergadas como&#8230; <\/p><\/div>\n\n<div class=\"e-mtf e-mtf--dlt e-mtf--taxonomy e-mtf--taxonomy-blog-tags\"><\/div>\n\n<div class=\"e-mtf e-mtf--dlt  e-mtf--learn-more-label\"><span class=\"btn\"><\/span><\/div><\/div>\n<\/div><\/a><\/div><\/div><\/div>\n<\/div>\n<\/div><\/section>\n\n<section class=\"e-stn e-stn-fecd9f248d71f1b43eea1791ae2aa16e613ea50d e-stn--subscription-form\"><div class=\"container\">\n<div class=\"wp-block-b3rg-row e-row row\">\n<div class=\"wp-block-b3rg-column e-col e-col-5e53f80929c6668a38540fba03c97241dc5f6888 e-col--left  col-sm-12 col-lg-6\">\n<h2 class=\"wp-block-heading has-pure-white-color has-text-color has-link-color wp-elements-cec0e497456012f6e859233bfca8aaa4\"><strong>Mant\u00e9ngase informado: Soluciones, historias y formas de generar impacto<\/strong><\/h2>\n\n\n\n<p>Reg\u00edstrese para recibir actualizaciones sobre el trabajo de la Alianza, incluyendo las \u00faltimas investigaciones, esfuerzos de promoci\u00f3n e historias reales de progreso \u2014 adem\u00e1s de formas en las que puede ayudar a impulsar un cambio duradero.<\/p>\n<\/div>\n\n\n\n<div class=\"wp-block-b3rg-column e-col e-col-117d0cb7e6b4934330c33fb3a4c7ee0ab7e9abd4 e-col--right e-col--email-cta-form-wrpr  col-sm-12 col-lg-6\">\n<div id=\"mc_embed_shell\">\n      <link href=\"\/\/cdn-images.mailchimp.com\/embedcode\/classic-061523.css\" rel=\"stylesheet\" type=\"text\/css\"\/>\n  <style type=\"text\/css\">\n        #mc_embed_signup{background:#fff; false;clear:left; font:14px Helvetica,Arial,sans-serif; width: 600px;}\n        \/* Add your own Mailchimp form style overrides in your site stylesheet or in this style block.\n           We recommend moving this block and the preceding CSS link to the HEAD of your HTML file. *\/\n<\/style>\n<div id=\"mc_embed_signup\">\n    <form action=\"https:\/\/endhomelessness.us9.list-manage.com\/subscribe\/post?u=466b34a51377a9504fb2ebd8f&#038;id=1cf64328bb&#038;f_id=00f7f2e0f0\" method=\"post\" id=\"mc-embedded-subscribe-form\" name=\"mc-embedded-subscribe-form\" class=\"validate\" target=\"_blank\">\n        <div id=\"mc_embed_signup_scroll\">\n            <div class=\"indicates-required\"><span class=\"asterisk\">*<\/span> indica campo obligatorio<\/div>\n            <div class=\"mc-field-group\"><label for=\"mce-EMAIL\">Direcci\u00f3n de correo electr\u00f3nico <span class=\"asterisk\">*<\/span><\/label><input type=\"email\" name=\"EMAIL\" class=\"required email\" id=\"mce-EMAIL\" required=\"\" value=\"\"\/><\/div><div class=\"mc-field-group input-group\"><strong>\u00bfC\u00f3mo deber\u00edamos comunicarnos con usted? <\/strong><ul><li><input type=\"checkbox\" name=\"group[17873][1]\" id=\"mce-group[17873]-17873-0\" value=\"\"\/><label for=\"mce-group[17873]-17873-0\">Deseo recibir semanalmente herramientas, recursos y noticias sobre la falta de vivienda<\/label><\/li><li><input type=\"checkbox\" name=\"group[17873][2]\" id=\"mce-group[17873]-17873-1\" value=\"\"\/><label for=\"mce-group[17873]-17873-1\">Deseo recibir noticias generales y actualizaciones sobre el trabajo de la Alianza<\/label><\/li><\/ul><\/div><div class=\"mc-field-group\"><label for=\"mce-FNAME\">Nombre <\/label><input type=\"text\" name=\"FNAME\" class=\" text\" id=\"mce-FNAME\" value=\"\"\/><\/div><div class=\"mc-field-group\"><label for=\"mce-LNAME\">Apellido <\/label><input type=\"text\" name=\"LNAME\" class=\" text\" id=\"mce-LNAME\" value=\"\"\/><\/div>\n<div hidden=\"\"><input type=\"hidden\" name=\"tags\" value=\"12777910\"\/><\/div>\n        <div id=\"mce-responses\" class=\"clear\">\n            <div class=\"response\" id=\"mce-error-response\" style=\"display: none;\"><\/div>\n            <div class=\"response\" id=\"mce-success-response\" style=\"display: none;\"><\/div>\n        <\/div><div aria-hidden=\"true\" style=\"position: absolute; left: -5000px;\"><input type=\"text\" name=\"b_466b34a51377a9504fb2ebd8f_1cf64328bb\" tabindex=\"-1\" value=\"\"\/><\/div><div class=\"clear\"><input type=\"submit\" name=\"subscribe\" id=\"mc-embedded-subscribe\" class=\"button\" value=\"Suscribirse\"\/><\/div>\n    <\/div>\n<\/form>\n<\/div>\n<script type=\"text\/javascript\" src=\"\/\/s3.amazonaws.com\/downloads.mailchimp.com\/js\/mc-validate.js\"><\/script><script type=\"text\/javascript\">(function($) {window.fnames = new Array(); window.ftypes = new Array();fnames[0]='EMAIL';ftypes[0]='email';fnames[1]='FNAME';ftypes[1]='text';fnames[2]='LNAME';ftypes[2]='text';fnames[12]='MMERGE12';ftypes[12]='zip';fnames[4]='MMERGE4';ftypes[4]='text';fnames[7]='CITY';ftypes[7]='text';fnames[8]='STATE';ftypes[8]='text';fnames[11]='MMERGE11';ftypes[11]='text';fnames[13]='MMERGE13';ftypes[13]='text';fnames[3]='MMERGE3';ftypes[3]='text';fnames[5]='MMERGE5';ftypes[5]='text';}(jQuery));var $mcj = jQuery.noConflict(true);<\/script><\/div>\n<\/div>\n<\/div>\n<\/div><\/section>\n","protected":false},"excerpt":{"rendered":"<p>La falta de vivienda en los Estados Unidos se encuentra actualmente en los niveles m\u00e1s altos en la historia de los registros del Departamento de Vivienda y Desarrollo Urbano de los Estados Unidos. Aunque una extensa investigaci\u00f3n se\u00f1ala la prolongada crisis de vivienda asequible de la naci\u00f3n como el principal impulsor de este aumento, persiste entre el p\u00fablico una incomprensi\u00f3n generalizada de las causas y las soluciones para acabar con la falta de vivienda. <\/p>\n","protected":false},"author":29,"featured_media":14222,"template":"","meta":{"_acf_changed":false,"show_custom_date":false,"custom_date":"","featured":false,"featured_image":0,"learn_more_label":"","image_alt_text":"","learn_more_type":"","show_popup":false,"learn_more_link_file":0,"event_date":false,"event_start_date":"","event_end_date":"","place_holder_image_url":"","post_reading_time":"2","notification_enabled":false,"notification_text":"","notification_logo":"","notification_expiration_time":0,"is_enable_transparent_header":false,"hide_from_list_view":false,"selected_taxonomy_terms":{"naeh-news-category":[495],"naeh-news-media":[],"naeh-news-focus":[],"translation_priority":[]},"selected_primary_terms":[],"learn_more_link":[],"featured_page_list":[],"notification_enabled_post_list":[],"_relevanssi_hide_post":"","_relevanssi_hide_content":"","_relevanssi_pin_for_all":"","_relevanssi_pin_keywords":"","_relevanssi_unpin_keywords":"","_relevanssi_related_keywords":"","_relevanssi_related_include_ids":"","_relevanssi_related_exclude_ids":"","_relevanssi_related_no_append":"","_relevanssi_related_not_related":"","_relevanssi_related_posts":"18488,18340,18528","_relevanssi_noindex_reason":"","inline_featured_image":false,"news_publication":"","footnotes":""},"naeh-news-category":[495],"naeh-news-media":[],"naeh-news-focus":[],"class_list":["post-18431","naeh-news","type-naeh-news","status-publish","has-post-thumbnail","hentry","naeh-news-category-comunicados-de-prensa"],"acf":[],"yoast_head":"<!-- This site is optimized with the Yoast SEO Premium plugin v24.7 (Yoast SEO v27.4) - https:\/\/yoast.com\/product\/yoast-seo-premium-wordpress\/ -->\n<title>Declaraci\u00f3n sobre el nombramiento de Jeff Olivet como Director Ejecutivo del USICH - Alianza Nacional para Erradicar la Falta de Vivienda<\/title>\n<meta name=\"description\" content=\"The National Alliance to End Homelessness is a nonpartisan, nonprofit organization committed to preventing and ending homelessness in the United States.\" \/>\n<meta name=\"robots\" content=\"index, follow, max-snippet:-1, max-image-preview:large, max-video-preview:-1\" \/>\n<link rel=\"canonical\" href=\"https:\/\/endhomelessness.org\/es\/news\/declaracion-sobre-el-nombramiento-de-jeff-olivet-como-director-ejecutivo-del-usich\/\" \/>\n<meta property=\"og:locale\" content=\"es_ES\" \/>\n<meta property=\"og:type\" content=\"article\" \/>\n<meta property=\"og:title\" content=\"Declaraci\u00f3n sobre el nombramiento de Jeff Olivet como Director Ejecutivo del USICH\" \/>\n<meta property=\"og:description\" content=\"The National Alliance to End Homelessness is a nonpartisan, nonprofit organization committed to preventing and ending homelessness in the United States.\" \/>\n<meta property=\"og:url\" content=\"https:\/\/endhomelessness.org\/es\/news\/declaracion-sobre-el-nombramiento-de-jeff-olivet-como-director-ejecutivo-del-usich\/\" \/>\n<meta property=\"og:site_name\" content=\"Alianza Nacional para Erradicar la Falta de Vivienda\" \/>\n<meta property=\"article:publisher\" content=\"https:\/\/www.facebook.com\/naehomelessness\/\" \/>\n<meta property=\"article:modified_time\" content=\"2025-04-07T04:25:04+00:00\" \/>\n<meta property=\"og:image\" content=\"https:\/\/endhomelessness.org\/wp-content\/uploads\/2014\/01\/Frame-222.png\" \/>\n\t<meta property=\"og:image:width\" content=\"1068\" \/>\n\t<meta property=\"og:image:height\" content=\"684\" \/>\n\t<meta property=\"og:image:type\" content=\"image\/png\" \/>\n<meta name=\"twitter:card\" content=\"summary_large_image\" \/>\n<meta name=\"twitter:label1\" content=\"Tiempo de lectura\" \/>\n\t<meta name=\"twitter:data1\" content=\"3 minutos\" \/>\n<script type=\"application\/ld+json\" class=\"yoast-schema-graph\">{\"@context\":\"https:\\\/\\\/schema.org\",\"@graph\":[{\"@type\":\"WebPage\",\"@id\":\"https:\\\/\\\/endhomelessness.org\\\/es\\\/news\\\/declaracion-sobre-el-nombramiento-de-jeff-olivet-como-director-ejecutivo-del-usich\\\/\",\"url\":\"https:\\\/\\\/endhomelessness.org\\\/es\\\/news\\\/declaracion-sobre-el-nombramiento-de-jeff-olivet-como-director-ejecutivo-del-usich\\\/\",\"name\":\"Declaraci\u00f3n sobre el nombramiento de Jeff Olivet como Director Ejecutivo del USICH - Alianza Nacional para Erradicar la Falta de Vivienda\",\"isPartOf\":{\"@id\":\"https:\\\/\\\/endhomelessness.org\\\/es\\\/#website\"},\"primaryImageOfPage\":{\"@id\":\"https:\\\/\\\/endhomelessness.org\\\/es\\\/news\\\/declaracion-sobre-el-nombramiento-de-jeff-olivet-como-director-ejecutivo-del-usich\\\/#primaryimage\"},\"image\":{\"@id\":\"https:\\\/\\\/endhomelessness.org\\\/es\\\/news\\\/declaracion-sobre-el-nombramiento-de-jeff-olivet-como-director-ejecutivo-del-usich\\\/#primaryimage\"},\"thumbnailUrl\":\"https:\\\/\\\/endhomelessness.org\\\/wp-content\\\/uploads\\\/2014\\\/01\\\/Frame-222.png\",\"datePublished\":\"2022-01-31T17:00:00+00:00\",\"dateModified\":\"2025-04-07T04:25:04+00:00\",\"description\":\"The National Alliance to End Homelessness is a nonpartisan, nonprofit organization committed to preventing and ending homelessness in the United States.\",\"breadcrumb\":{\"@id\":\"https:\\\/\\\/endhomelessness.org\\\/es\\\/news\\\/declaracion-sobre-el-nombramiento-de-jeff-olivet-como-director-ejecutivo-del-usich\\\/#breadcrumb\"},\"inLanguage\":\"es\",\"potentialAction\":[{\"@type\":\"ReadAction\",\"target\":[\"https:\\\/\\\/endhomelessness.org\\\/es\\\/news\\\/declaracion-sobre-el-nombramiento-de-jeff-olivet-como-director-ejecutivo-del-usich\\\/\"]}]},{\"@type\":\"ImageObject\",\"inLanguage\":\"es\",\"@id\":\"https:\\\/\\\/endhomelessness.org\\\/es\\\/news\\\/declaracion-sobre-el-nombramiento-de-jeff-olivet-como-director-ejecutivo-del-usich\\\/#primaryimage\",\"url\":\"https:\\\/\\\/endhomelessness.org\\\/wp-content\\\/uploads\\\/2014\\\/01\\\/Frame-222.png\",\"contentUrl\":\"https:\\\/\\\/endhomelessness.org\\\/wp-content\\\/uploads\\\/2014\\\/01\\\/Frame-222.png\",\"width\":1068,\"height\":684,\"caption\":\"National Alliance to End Homelessness logo\"},{\"@type\":\"BreadcrumbList\",\"@id\":\"https:\\\/\\\/endhomelessness.org\\\/es\\\/news\\\/declaracion-sobre-el-nombramiento-de-jeff-olivet-como-director-ejecutivo-del-usich\\\/#breadcrumb\",\"itemListElement\":[{\"@type\":\"ListItem\",\"position\":1,\"name\":\"Inicio\",\"item\":\"https:\\\/\\\/endhomelessness.org\\\/es\\\/home-page-2-2-2\\\/\"},{\"@type\":\"ListItem\",\"position\":2,\"name\":\"Declaraci\u00f3n sobre el nombramiento de Jeff Olivet como Director Ejecutivo del USICH\"}]},{\"@type\":\"WebSite\",\"@id\":\"https:\\\/\\\/endhomelessness.org\\\/es\\\/#website\",\"url\":\"https:\\\/\\\/endhomelessness.org\\\/es\\\/\",\"name\":\"National Alliance to End Homelessness\",\"description\":\"Organizaci\u00f3n no partidista para prevenir y erradicar la falta de vivienda en EE.UU.\",\"publisher\":{\"@id\":\"https:\\\/\\\/endhomelessness.org\\\/es\\\/#organization\"},\"potentialAction\":[{\"@type\":\"SearchAction\",\"target\":{\"@type\":\"EntryPoint\",\"urlTemplate\":\"https:\\\/\\\/endhomelessness.org\\\/es\\\/?s={search_term_string}\"},\"query-input\":{\"@type\":\"PropertyValueSpecification\",\"valueRequired\":true,\"valueName\":\"search_term_string\"}}],\"inLanguage\":\"es\"},{\"@type\":\"Organization\",\"@id\":\"https:\\\/\\\/endhomelessness.org\\\/es\\\/#organization\",\"name\":\"Alianza Nacional para Erradicar la Falta de Vivienda\",\"url\":\"https:\\\/\\\/endhomelessness.org\\\/es\\\/\",\"logo\":{\"@type\":\"ImageObject\",\"inLanguage\":\"es\",\"@id\":\"https:\\\/\\\/endhomelessness.org\\\/es\\\/#\\\/schema\\\/logo\\\/image\\\/\",\"url\":\"https:\\\/\\\/endhomelessness.org\\\/wp-content\\\/uploads\\\/2024\\\/09\\\/logo-2.webp\",\"contentUrl\":\"https:\\\/\\\/endhomelessness.org\\\/wp-content\\\/uploads\\\/2024\\\/09\\\/logo-2.webp\",\"width\":687,\"height\":361,\"caption\":\"Alianza Nacional para Erradicar la Falta de Vivienda\"},\"image\":{\"@id\":\"https:\\\/\\\/endhomelessness.org\\\/es\\\/#\\\/schema\\\/logo\\\/image\\\/\"},\"sameAs\":[\"https:\\\/\\\/www.facebook.com\\\/naehomelessness\\\/\",\"https:\\\/\\\/www.youtube.com\\\/@EndingHomelessness\",\"https:\\\/\\\/www.linkedin.com\\\/company\\\/national-alliance-to-end-homelessness\\\/\",\"https:\\\/\\\/instagram.com\\\/naeh_endhomelessness\"]}]}<\/script>\n<!-- \/ Yoast SEO Premium plugin. -->","yoast_head_json":{"title":"Declaraci\u00f3n sobre el nombramiento de Jeff Olivet como Director Ejecutivo del USICH - Alianza Nacional para Erradicar la Falta de Vivienda","description":"The National Alliance to End Homelessness is a nonpartisan, nonprofit organization committed to preventing and ending homelessness in the United States.","robots":{"index":"index","follow":"follow","max-snippet":"max-snippet:-1","max-image-preview":"max-image-preview:large","max-video-preview":"max-video-preview:-1"},"canonical":"https:\/\/endhomelessness.org\/es\/news\/declaracion-sobre-el-nombramiento-de-jeff-olivet-como-director-ejecutivo-del-usich\/","og_locale":"es_ES","og_type":"article","og_title":"Declaraci\u00f3n sobre el nombramiento de Jeff Olivet como Director Ejecutivo del USICH","og_description":"The National Alliance to End Homelessness is a nonpartisan, nonprofit organization committed to preventing and ending homelessness in the United States.","og_url":"https:\/\/endhomelessness.org\/es\/news\/declaracion-sobre-el-nombramiento-de-jeff-olivet-como-director-ejecutivo-del-usich\/","og_site_name":"Alianza Nacional para Erradicar la Falta de Vivienda","article_publisher":"https:\/\/www.facebook.com\/naehomelessness\/","article_modified_time":"2025-04-07T04:25:04+00:00","og_image":[{"width":1068,"height":684,"url":"https:\/\/endhomelessness.org\/wp-content\/uploads\/2014\/01\/Frame-222.png","type":"image\/png"}],"twitter_card":"summary_large_image","twitter_misc":{"Tiempo de lectura":"3 minutos"},"schema":{"@context":"https:\/\/schema.org","@graph":[{"@type":"WebPage","@id":"https:\/\/endhomelessness.org\/es\/news\/declaracion-sobre-el-nombramiento-de-jeff-olivet-como-director-ejecutivo-del-usich\/","url":"https:\/\/endhomelessness.org\/es\/news\/declaracion-sobre-el-nombramiento-de-jeff-olivet-como-director-ejecutivo-del-usich\/","name":"Declaraci\u00f3n sobre el nombramiento de Jeff Olivet como Director Ejecutivo del USICH - Alianza Nacional para Erradicar la Falta de Vivienda","isPartOf":{"@id":"https:\/\/endhomelessness.org\/es\/#website"},"primaryImageOfPage":{"@id":"https:\/\/endhomelessness.org\/es\/news\/declaracion-sobre-el-nombramiento-de-jeff-olivet-como-director-ejecutivo-del-usich\/#primaryimage"},"image":{"@id":"https:\/\/endhomelessness.org\/es\/news\/declaracion-sobre-el-nombramiento-de-jeff-olivet-como-director-ejecutivo-del-usich\/#primaryimage"},"thumbnailUrl":"https:\/\/endhomelessness.org\/wp-content\/uploads\/2014\/01\/Frame-222.png","datePublished":"2022-01-31T17:00:00+00:00","dateModified":"2025-04-07T04:25:04+00:00","description":"The National Alliance to End Homelessness is a nonpartisan, nonprofit organization committed to preventing and ending homelessness in the United States.","breadcrumb":{"@id":"https:\/\/endhomelessness.org\/es\/news\/declaracion-sobre-el-nombramiento-de-jeff-olivet-como-director-ejecutivo-del-usich\/#breadcrumb"},"inLanguage":"es","potentialAction":[{"@type":"ReadAction","target":["https:\/\/endhomelessness.org\/es\/news\/declaracion-sobre-el-nombramiento-de-jeff-olivet-como-director-ejecutivo-del-usich\/"]}]},{"@type":"ImageObject","inLanguage":"es","@id":"https:\/\/endhomelessness.org\/es\/news\/declaracion-sobre-el-nombramiento-de-jeff-olivet-como-director-ejecutivo-del-usich\/#primaryimage","url":"https:\/\/endhomelessness.org\/wp-content\/uploads\/2014\/01\/Frame-222.png","contentUrl":"https:\/\/endhomelessness.org\/wp-content\/uploads\/2014\/01\/Frame-222.png","width":1068,"height":684,"caption":"National Alliance to End Homelessness logo"},{"@type":"BreadcrumbList","@id":"https:\/\/endhomelessness.org\/es\/news\/declaracion-sobre-el-nombramiento-de-jeff-olivet-como-director-ejecutivo-del-usich\/#breadcrumb","itemListElement":[{"@type":"ListItem","position":1,"name":"Inicio","item":"https:\/\/endhomelessness.org\/es\/home-page-2-2-2\/"},{"@type":"ListItem","position":2,"name":"Declaraci\u00f3n sobre el nombramiento de Jeff Olivet como Director Ejecutivo del USICH"}]},{"@type":"WebSite","@id":"https:\/\/endhomelessness.org\/es\/#website","url":"https:\/\/endhomelessness.org\/es\/","name":"National Alliance to End Homelessness","description":"Organizaci\u00f3n no partidista para prevenir y erradicar la falta de vivienda en EE.UU.","publisher":{"@id":"https:\/\/endhomelessness.org\/es\/#organization"},"potentialAction":[{"@type":"SearchAction","target":{"@type":"EntryPoint","urlTemplate":"https:\/\/endhomelessness.org\/es\/?s={search_term_string}"},"query-input":{"@type":"PropertyValueSpecification","valueRequired":true,"valueName":"search_term_string"}}],"inLanguage":"es"},{"@type":"Organization","@id":"https:\/\/endhomelessness.org\/es\/#organization","name":"Alianza Nacional para Erradicar la Falta de Vivienda","url":"https:\/\/endhomelessness.org\/es\/","logo":{"@type":"ImageObject","inLanguage":"es","@id":"https:\/\/endhomelessness.org\/es\/#\/schema\/logo\/image\/","url":"https:\/\/endhomelessness.org\/wp-content\/uploads\/2024\/09\/logo-2.webp","contentUrl":"https:\/\/endhomelessness.org\/wp-content\/uploads\/2024\/09\/logo-2.webp","width":687,"height":361,"caption":"Alianza Nacional para Erradicar la Falta de Vivienda"},"image":{"@id":"https:\/\/endhomelessness.org\/es\/#\/schema\/logo\/image\/"},"sameAs":["https:\/\/www.facebook.com\/naehomelessness\/","https:\/\/www.youtube.com\/@EndingHomelessness","https:\/\/www.linkedin.com\/company\/national-alliance-to-end-homelessness\/","https:\/\/instagram.com\/naeh_endhomelessness"]}]}},"_links":{"self":[{"href":"https:\/\/endhomelessness.org\/es\/wp-json\/wp\/v2\/naeh-news\/18431","targetHints":{"allow":["GET"]}}],"collection":[{"href":"https:\/\/endhomelessness.org\/es\/wp-json\/wp\/v2\/naeh-news"}],"about":[{"href":"https:\/\/endhomelessness.org\/es\/wp-json\/wp\/v2\/types\/naeh-news"}],"author":[{"embeddable":true,"href":"https:\/\/endhomelessness.org\/es\/wp-json\/wp\/v2\/users\/29"}],"version-history":[{"count":0,"href":"https:\/\/endhomelessness.org\/es\/wp-json\/wp\/v2\/naeh-news\/18431\/revisions"}],"wp:featuredmedia":[{"embeddable":true,"href":"https:\/\/endhomelessness.org\/es\/wp-json\/wp\/v2\/media\/14222"}],"wp:attachment":[{"href":"https:\/\/endhomelessness.org\/es\/wp-json\/wp\/v2\/media?parent=18431"}],"wp:term":[{"taxonomy":"naeh-news-category","embeddable":true,"href":"https:\/\/endhomelessness.org\/es\/wp-json\/wp\/v2\/naeh-news-category?post=18431"},{"taxonomy":"naeh-news-media","embeddable":true,"href":"https:\/\/endhomelessness.org\/es\/wp-json\/wp\/v2\/naeh-news-media?post=18431"},{"taxonomy":"naeh-news-focus","embeddable":true,"href":"https:\/\/endhomelessness.org\/es\/wp-json\/wp\/v2\/naeh-news-focus?post=18431"}],"curies":[{"name":"wp","href":"https:\/\/api.w.org\/{rel}","templated":true}]}}